{"id":21,"date":"2015-06-02T00:21:00","date_gmt":"2015-06-02T00:21:00","guid":{"rendered":"http:\/\/formalprision.info\/2015\/06\/02\/conmemoran-dia-de-la-marina-naciona\/"},"modified":"2015-06-03T08:20:49","modified_gmt":"2015-06-03T08:20:49","slug":"conmemoran-dia-de-la-marina-naciona","status":"publish","type":"post","link":"https:\/\/formalprision.com\/?p=21","title":{"rendered":"Conmemoran D\u00eda de la Marina Nacional"},"content":{"rendered":"<h2 style=\"color: rgba(0, 0, 0, 0.701961); font-family: UICTFontTextStyleBody; -webkit-composition-fill-color: rgba(130, 98, 83, 0.0980392); margin-right: 0cm; margin-left: 0cm;\">Progreso, Yucat\u00e1n, 1 de junio de 2015.- Al conmemorar el D\u00eda De la Marina Nacional, elementos de la Armada de M\u00e9xico refrendaron su compromiso de servir a la patria, tomando como ejemplo el valor de quienes brindaron su vida en aras de un mejor futuro para todos los mexicanos.<\/h2>\n<h2 style=\"color: rgba(0, 0, 0, 0.701961); font-family: UICTFontTextStyleBody; -webkit-composition-fill-color: rgba(130, 98, 83, 0.0980392); margin-right: 0cm; margin-left: 0cm;\">En ceremonia presidida por el Gobernador Rolando Zapata Bello y que tuvo lugar en el municipio costero de Progreso, el capit\u00e1n Regional de ese puerto, Bernardo Crespo Silva, destac\u00f3 la relevancia de estos hombres del mar, que a trav\u00e9s de su labor en la marina mercante, flota petrolera y pesquera, as\u00ed como en la Armada de M\u00e9xico, se esfuerzan por construir un pa\u00eds con oportunidades reales para sus habitantes.<\/h2>\n<h2 style=\"color: rgba(0, 0, 0, 0.701961); font-family: UICTFontTextStyleBody; -webkit-composition-fill-color: rgba(130, 98, 83, 0.0980392); margin-right: 0cm; margin-left: 0cm;\">\u00abSeguiremos surcando los mares del presente y los que conducen al futuro lejos de las corrientes del intervencionismo, de los huracanes, del oportunismo, teniendo como br\u00fajula los principios que explica la historia de la naci\u00f3n y como meta el poder mar\u00edtimo\u00bb, puntualiz\u00f3.<\/h2>\n<h2 style=\"color: rgba(0, 0, 0, 0.701961); font-family: UICTFontTextStyleBody; -webkit-composition-fill-color: rgba(130, 98, 83, 0.0980392); margin-right: 0cm; margin-left: 0cm;\">Momentos antes de realizar una ofrenda floral y guardia de honor en recuerdo de los que han perecido al servicio de M\u00e9xico,&nbsp;Zapata Bello entreg\u00f3 reconocimientos a quienes han sobresalido por su trayectoria en los \u00e1mbitos mar\u00edtimo y portuario.<\/h2>\n<h2 style=\"color: rgba(0, 0, 0, 0.701961); font-family: UICTFontTextStyleBody; -webkit-composition-fill-color: rgba(130, 98, 83, 0.0980392); margin-right: 0cm; margin-left: 0cm;\">De este modo, los se\u00f1ores Santiago Parra, Alejandro Brito Pech, V\u00edctor Alamilla Villanueva, Ricardo Ros\u00e9s Azcorra y Pedro Horta P\u00e9rez, recibieron el saludo del Gobernador y la gratitud por dedicarse a actividades relacionadas con el comercio y la seguridad en el sector.<\/h2>\n<h2 style=\"color: rgba(0, 0, 0, 0.701961); font-family: UICTFontTextStyleBody; -webkit-composition-fill-color: rgba(130, 98, 83, 0.0980392); margin-right: 0cm; margin-left: 0cm;\">Acompa\u00f1ado de su esposa, la Presidenta del Sistema para&nbsp; el Desarrollo Integral de la Familia (DIF) Yucat\u00e1n, Sarita Blancarte de Zapata y dem\u00e1s autoridades estatales, municipales, militares y navales, el mandatario abord\u00f3 el buque patrulla oce\u00e1nica Baja California P162, que lo llev\u00f3 a las inmediaciones de la terminal remota.<\/h2>\n<h2 style=\"color: rgba(0, 0, 0, 0.701961); font-family: UICTFontTextStyleBody; -webkit-composition-fill-color: rgba(130, 98, 83, 0.0980392); margin-right: 0cm; margin-left: 0cm;\">Ya en altamar, Zapata Bello realiz\u00f3 una ofrenda floral para honrar la memoria de todos aquellos que han defendido la soberan\u00eda nacional a costa de su propia vida.<\/h2>\n<h2 style=\"color: rgba(0, 0, 0, 0.701961); font-family: UICTFontTextStyleBody; -webkit-composition-fill-color: rgba(130, 98, 83, 0.0980392); margin-right: 0cm; margin-left: 0cm;\">Al arribar a la terminal remota y muelle de cruceros, las autoridades presentes convivieron en una reuni\u00f3n amenizada por el mariachi \u00abHalcones\u00bb de la Secretar\u00eda de Seguridad P\u00fablica (SSP).<\/h2>\n<h2 style=\"color: rgba(0, 0, 0, 0.701961); font-family: UICTFontTextStyleBody; -webkit-composition-fill-color: rgba(130, 98, 83, 0.0980392); margin-right: 0cm; margin-left: 0cm;\">Asistieron, los comandantes de la IX Zona Naval, Felipe Solano Armenta, y de la XXXII Zona Militar, Luis Larios Saiz; el presidente de la Junta de Gobierno y Coordinaci\u00f3n Pol\u00edtica del Congreso local, Luis Hevia Jim\u00e9nez y el titular del Tribunal Superior de Justicia de Yucat\u00e1n, Marcos Celis Quintal.<\/h2>\n<h2 style=\"color: rgba(0, 0, 0, 0.701961); font-family: UICTFontTextStyleBody; -webkit-composition-fill-color: rgba(130, 98, 83, 0.0980392); margin-right: 0cm; margin-left: 0cm;\">Asimismo, el director de la Administraci\u00f3n Portuaria Integral de Progreso (API), Ra\u00fal Torre Gamboa; el delegado de la Procuradur\u00eda General de la Rep\u00fablica (PGR), Juan Manuel Le\u00f3n Le\u00f3n y el fiscal General del Estado, Ariel Aldecua Kuk.<\/h2>\n<h2 style=\"color: rgba(0, 0, 0, 0.701961); font-family: UICTFontTextStyleBody; -webkit-composition-fill-color: rgba(130, 98, 83, 0.0980392); margin-right: 0cm; margin-left: 0cm;\">Tambi\u00e9n, los alcaldes de M\u00e9rida y Progreso, Ren\u00e1n Barrera Concha y Daniel Zacar\u00edas Mart\u00ednez, respectivamente.<\/h2>\n<div>\n<div class=\"separator\" style=\"clear: both;\"><a href=\"https:\/\/lh3.googleusercontent.com\/-vkdtv0l15WU\/VWz3mHbup1I\/AAAAAAAAoaI\/A6Y93XJCKb0\/s640\/blogger-image-208580721.jpg\" imageanchor=\"1\" style=\"margin-left: 1em; margin-right: 1em;\"><img decoding=\"async\" border=\"0\" src=\"https:\/\/lh3.googleusercontent.com\/-vkdtv0l15WU\/VWz3mHbup1I\/AAAAAAAAoaI\/A6Y93XJCKb0\/s640\/blogger-image-208580721.jpg\"><\/a><\/div>\n<p><\/div>\n<div><\/div>\n<h2 style=\"color: rgba(0, 0, 0, 0.701961); font-family: UICTFontTextStyleBody; -webkit-composition-fill-color: rgba(130, 98, 83, 0.0980392); margin-right: 0cm; margin-left: 0cm;\">\n<div style=\"margin: 0px; padding: 0px; font-weight: bold;\">\n<div style=\"margin: 0px; padding: 0px; border: 0px; outline: 0px; vertical-align: baseline; text-align: justify; font-weight: normal;\">\n<div style=\"text-align: start; margin: 0px; padding: 0px; border: 0px; outline: 0px; vertical-align: baseline;\"><\/div>\n<\/div>\n<\/div>\n<\/h2>\n","protected":false},"excerpt":{"rendered":"<p>Progreso, Yucat\u00e1n, 1 de junio de 2015.- Al conmemorar el D\u00eda De la Marina Nacional, elementos de la Armada de M\u00e9xico refrendaron su compromiso de servir a la patria, tomando<\/p>\n","protected":false},"author":1,"featured_media":10038,"comment_status":"open","ping_status":"open","sticky":false,"template":"","format":"standard","meta":{"jetpack_post_was_ever_published":false,"_jetpack_newsletter_access":"","_jetpack_dont_email_post_to_subs":false,"_jetpack_newsletter_tier_id":0,"_jetpack_memberships_contains_paywalled_content":false,"_jetpack_memberships_contains_paid_content":false,"footnotes":"","jetpack_publicize_message":"","jetpack_publicize_feature_enabled":true,"jetpack_social_post_already_shared":false,"jetpack_social_options":{"image_generator_settings":{"template":"highway","default_image_id":0,"font":"","enabled":false},"version":2}},"categories":[17,1],"tags":[],"class_list":["post-21","post","type-post","status-publish","format-standard","has-post-thumbnail","hentry","category-politica-y-gobierno","category-sin-categoria"],"jetpack_publicize_connections":[],"jetpack_featured_media_url":"https:\/\/formalprision.com\/wp-content\/uploads\/2015\/06\/blogger-image-208580721.jpg","jetpack_sharing_enabled":true,"jetpack_shortlink":"https:\/\/wp.me\/p6id8p-l","_links":{"self":[{"href":"https:\/\/formalprision.com\/index.php?rest_route=\/wp\/v2\/posts\/21","targetHints":{"allow":["GET"]}}],"collection":[{"href":"https:\/\/formalprision.com\/index.php?rest_route=\/wp\/v2\/posts"}],"about":[{"href":"https:\/\/formalprision.com\/index.php?rest_route=\/wp\/v2\/types\/post"}],"author":[{"embeddable":true,"href":"https:\/\/formalprision.com\/index.php?rest_route=\/wp\/v2\/users\/1"}],"replies":[{"embeddable":true,"href":"https:\/\/formalprision.com\/index.php?rest_route=%2Fwp%2Fv2%2Fcomments&post=21"}],"version-history":[{"count":0,"href":"https:\/\/formalprision.com\/index.php?rest_route=\/wp\/v2\/posts\/21\/revisions"}],"wp:featuredmedia":[{"embeddable":true,"href":"https:\/\/formalprision.com\/index.php?rest_route=\/wp\/v2\/media\/10038"}],"wp:attachment":[{"href":"https:\/\/formalprision.com\/index.php?rest_route=%2Fwp%2Fv2%2Fmedia&parent=21"}],"wp:term":[{"taxonomy":"category","embeddable":true,"href":"https:\/\/formalprision.com\/index.php?rest_route=%2Fwp%2Fv2%2Fcategories&post=21"},{"taxonomy":"post_tag","embeddable":true,"href":"https:\/\/formalprision.com\/index.php?rest_route=%2Fwp%2Fv2%2Ftags&post=21"}],"curies":[{"name":"wp","href":"https:\/\/api.w.org\/{rel}","templated":true}]}}