{"id":2130,"date":"2014-10-13T03:37:00","date_gmt":"2014-10-13T03:37:00","guid":{"rendered":"http:\/\/formalprision.info\/2014\/10\/13\/arriba-delegacion-yucateca-anhui\/"},"modified":"2015-06-03T08:34:22","modified_gmt":"2015-06-03T08:34:22","slug":"arriba-delegacion-yucateca-anhui","status":"publish","type":"post","link":"https:\/\/formalprision.com\/?p=2130","title":{"rendered":"Arriba delegaci\u00f3n yucateca a Anhui"},"content":{"rendered":"<div style=\"font-family: Noteworthy; font-size: 20px; font-weight: bold; line-height: 26px; -webkit-tap-highlight-color: rgba(26, 26, 26, 0.296875); -webkit-composition-fill-color: rgba(130, 98, 83, 0.0976563); -webkit-composition-frame-color: rgba(191, 107, 82, 0.496094); \">\n<div>Anhui, China, 12 de octubre de 2014.- Previo a la firma del acuerdo para el hermanamiento entre esta provincia asi\u00e1tica y el Estado de Yucat\u00e1n, el director General de Asuntos Internacionales de Anhui, Zhang Jian, dio la bienvenida a la delegaci\u00f3n yucateca a su llegada a la ciudad de Hefei.&nbsp;<\/div>\n<div>En el encuentro el titular del Ejecutivo, Rolando Zapata Bello, destac\u00f3 que en la cultura maya el calendario marca los inicios de una nueva era que debe significarse por la cercan\u00eda entre los seres humanos y con la naturaleza, \u00ablo que nosotros interpretamos como la hermandad que tendremos en breve entre nuestros pueblos\u00bb.&nbsp;<\/div>\n<div>Acompa\u00f1ado por el vicedirector de dicha oficina, Xiang Changming, Zhang Jian destac\u00f3 las similitudes de ambas regiones, entre ellas las relacionadas con su ubicaci\u00f3n geogr\u00e1fica, que las posiciona para tener una conexi\u00f3n directa.<\/div>\n<div>Mencion\u00f3 tambi\u00e9n la gastronom\u00eda que ha hecho famosos a los dos estados; la riqueza de sus culturas manifestada en Chich\u00e9n Itz\u00e1 y en el monte Jiuhua, cuna del budismo chino; adem\u00e1s del fuerte impulso que dan a la educaci\u00f3n, la ciencia y la tecnolog\u00eda.<\/div>\n<div>En el acto las delegaciones intercambiaron obsequios e hicieron votos para que en las reuniones se puedan desarrollar iniciativas y oportunidades de promoci\u00f3n muy exitosas y &nbsp;fruct\u00edferas.<\/div>\n<div>Estuvieron presentes el vicedirector de la Asociaci\u00f3n de la Amistad de los Pueblos Chinos, Ji Yongjun; el c\u00f3nsul General de M\u00e9xico en Shangai, Arturo Puente Ortega, y &nbsp;el rector de la Universidad Aut\u00f3noma de Yucat\u00e1n, Alfredo D\u00e1jer Abimerhi.<\/p>\n<div class=\"separator\" style=\"clear: both;\"><a href=\"https:\/\/lh3.googleusercontent.com\/-XS0axmTZNHg\/VDtI37DQ1EI\/AAAAAAAAkkc\/Hn--ZvtFWjE\/s640\/blogger-image--44652386.jpg\" imageanchor=\"1\" style=\"margin-left: 1em; margin-right: 1em;\"><img decoding=\"async\" border=\"0\" src=\"https:\/\/lh3.googleusercontent.com\/-XS0axmTZNHg\/VDtI37DQ1EI\/AAAAAAAAkkc\/Hn--ZvtFWjE\/s640\/blogger-image--44652386.jpg\"><\/a><\/div>\n<\/div>\n<\/div>\n<div style=\"font-family: Noteworthy; font-size: 20px; font-weight: bold; line-height: 26px; -webkit-tap-highlight-color: rgba(26, 26, 26, 0.296875); -webkit-composition-fill-color: rgba(130, 98, 83, 0.0976563); -webkit-composition-frame-color: rgba(191, 107, 82, 0.496094); \"><\/div>\n","protected":false},"excerpt":{"rendered":"<p>Anhui, China, 12 de octubre de 2014.- Previo a la firma del acuerdo para el hermanamiento entre esta provincia asi\u00e1tica y el Estado de Yucat\u00e1n, el director General de Asuntos<\/p>\n","protected":false},"author":1,"featured_media":14362,"comment_status":"open","ping_status":"open","sticky":false,"template":"","format":"standard","meta":{"jetpack_post_was_ever_published":false,"_jetpack_newsletter_access":"","_jetpack_dont_email_post_to_subs":false,"_jetpack_newsletter_tier_id":0,"_jetpack_memberships_contains_paywalled_content":false,"_jetpack_memberships_contains_paid_content":false,"footnotes":"","jetpack_publicize_message":"","jetpack_publicize_feature_enabled":true,"jetpack_social_post_already_shared":false,"jetpack_social_options":{"image_generator_settings":{"template":"highway","default_image_id":0,"font":"","enabled":false},"version":2}},"categories":[17,1],"tags":[],"class_list":["post-2130","post","type-post","status-publish","format-standard","has-post-thumbnail","hentry","category-politica-y-gobierno","category-sin-categoria"],"jetpack_publicize_connections":[],"jetpack_featured_media_url":"https:\/\/formalprision.com\/wp-content\/uploads\/2014\/10\/blogger-image-44652386.jpg","jetpack_sharing_enabled":true,"jetpack_shortlink":"https:\/\/wp.me\/p6id8p-ym","_links":{"self":[{"href":"https:\/\/formalprision.com\/index.php?rest_route=\/wp\/v2\/posts\/2130","targetHints":{"allow":["GET"]}}],"collection":[{"href":"https:\/\/formalprision.com\/index.php?rest_route=\/wp\/v2\/posts"}],"about":[{"href":"https:\/\/formalprision.com\/index.php?rest_route=\/wp\/v2\/types\/post"}],"author":[{"embeddable":true,"href":"https:\/\/formalprision.com\/index.php?rest_route=\/wp\/v2\/users\/1"}],"replies":[{"embeddable":true,"href":"https:\/\/formalprision.com\/index.php?rest_route=%2Fwp%2Fv2%2Fcomments&post=2130"}],"version-history":[{"count":0,"href":"https:\/\/formalprision.com\/index.php?rest_route=\/wp\/v2\/posts\/2130\/revisions"}],"wp:featuredmedia":[{"embeddable":true,"href":"https:\/\/formalprision.com\/index.php?rest_route=\/wp\/v2\/media\/14362"}],"wp:attachment":[{"href":"https:\/\/formalprision.com\/index.php?rest_route=%2Fwp%2Fv2%2Fmedia&parent=2130"}],"wp:term":[{"taxonomy":"category","embeddable":true,"href":"https:\/\/formalprision.com\/index.php?rest_route=%2Fwp%2Fv2%2Fcategories&post=2130"},{"taxonomy":"post_tag","embeddable":true,"href":"https:\/\/formalprision.com\/index.php?rest_route=%2Fwp%2Fv2%2Ftags&post=2130"}],"curies":[{"name":"wp","href":"https:\/\/api.w.org\/{rel}","templated":true}]}}