{"id":2133,"date":"2014-10-12T23:52:00","date_gmt":"2014-10-12T23:52:00","guid":{"rendered":"http:\/\/formalprision.info\/2014\/10\/12\/el-trabajo-conjunto-entre-autoridades\/"},"modified":"2015-06-03T08:34:22","modified_gmt":"2015-06-03T08:34:22","slug":"el-trabajo-conjunto-entre-autoridades","status":"publish","type":"post","link":"https:\/\/formalprision.com\/?p=2133","title":{"rendered":"El trabajo conjunto entre autoridades garantiza mantener el Estado de\nDerecho en Yucat\u00e1n."},"content":{"rendered":"<div style=\"font-family: Noteworthy; font-size: 20px; font-weight: bold; line-height: 26px; -webkit-tap-highlight-color: rgba(26, 26, 26, 0.296875); -webkit-composition-fill-color: rgba(130, 98, 83, 0.0976563); -webkit-composition-frame-color: rgba(191, 107, 82, 0.496094); \">M\u00e9rida, Yucat\u00e1n, 12 de octubre de 2014.- El secretario general de gobierno, V\u00edctor Caballero Dur\u00e1n, afirm\u00f3 que la aprehensi\u00f3n en M\u00e9rida de L\u00e1zaro Rivadeneyra Gonz\u00e1lez, &nbsp;fue resultado del trabajo conjunto y coordinaci\u00f3n entre las fuerzas policiacas y la Procuradur\u00eda de Quintana Roo.<\/div>\n<div style=\"font-family: Noteworthy; font-size: 20px; font-weight: bold; line-height: 26px; -webkit-tap-highlight-color: rgba(26, 26, 26, 0.296875); -webkit-composition-fill-color: rgba(130, 98, 83, 0.0976563); -webkit-composition-frame-color: rgba(191, 107, 82, 0.496094); \">Mencion\u00f3 que este trabajo de colaboraci\u00f3n entre las fuerzas de seguridad p\u00fablica &nbsp;se hizo a partir solicitud del vecino estado de Quintana Roo.<\/div>\n<div style=\"font-family: Noteworthy; font-size: 20px; font-weight: bold; line-height: 26px; -webkit-tap-highlight-color: rgba(26, 26, 26, 0.296875); -webkit-composition-fill-color: rgba(130, 98, 83, 0.0976563); -webkit-composition-frame-color: rgba(191, 107, 82, 0.496094); \">En Yucat\u00e1n se respeta y se aplica la ley sin distinci\u00f3n de personas, recalc\u00f3 el servidor p\u00fablico en torno a las acciones en las que participaron elementos de la Fiscal\u00eda General de Estado y miembros del Ej\u00e9rcito y la Marina, detenci\u00f3n que, dijo, se llev\u00f3 a cabo sin ning\u00fan contratiempo.<\/div>\n<div style=\"font-family: Noteworthy; font-size: 20px; font-weight: bold; line-height: 26px; -webkit-tap-highlight-color: rgba(26, 26, 26, 0.296875); -webkit-composition-fill-color: rgba(130, 98, 83, 0.0976563); -webkit-composition-frame-color: rgba(191, 107, 82, 0.496094); \">\u201cComo autoridad intervenimos de manera inmediata cuando hay requerimientos legales de este tipo\u00bb, agreg\u00f3 el funcionario en torno de las labores de coordinaci\u00f3n entre las fuerzas de seguridad p\u00fablica de los estados y de los tres niveles de gobierno.<\/div>\n<div style=\"font-family: Noteworthy; font-size: 20px; font-weight: bold; line-height: 26px; -webkit-tap-highlight-color: rgba(26, 26, 26, 0.296875); -webkit-composition-fill-color: rgba(130, 98, 83, 0.0976563); -webkit-composition-frame-color: rgba(191, 107, 82, 0.496094); \">\u201cLa ciudadan\u00eda puede tener certeza de que los organismos de seguridad se apegan estrictamente a la ley y est\u00e1n permanentemente atendiendo cualquier situaci\u00f3n que la quebrante\u201d, asegur\u00f3 Caballero Dur\u00e1n respecto al Estado de Derecho que impera en Yucat\u00e1n.<\/div>\n<div>\n<div class=\"separator\" style=\"clear: both;\"><a href=\"https:\/\/lh6.googleusercontent.com\/-2lNQu4PET98\/VDsUVUNd5eI\/AAAAAAAAkj0\/w9YZ6xPzw4w\/s640\/blogger-image--1172961179.jpg\" imageanchor=\"1\" style=\"margin-left: 1em; margin-right: 1em;\"><img decoding=\"async\" border=\"0\" src=\"https:\/\/lh6.googleusercontent.com\/-2lNQu4PET98\/VDsUVUNd5eI\/AAAAAAAAkj0\/w9YZ6xPzw4w\/s640\/blogger-image--1172961179.jpg\"><\/a><\/div>\n<p><\/div>\n","protected":false},"excerpt":{"rendered":"<p>M\u00e9rida, Yucat\u00e1n, 12 de octubre de 2014.- El secretario general de gobierno, V\u00edctor Caballero Dur\u00e1n, afirm\u00f3 que la aprehensi\u00f3n en M\u00e9rida de L\u00e1zaro Rivadeneyra Gonz\u00e1lez, &nbsp;fue resultado del trabajo conjunto<\/p>\n","protected":false},"author":1,"featured_media":14368,"comment_status":"open","ping_status":"open","sticky":false,"template":"","format":"standard","meta":{"jetpack_post_was_ever_published":false,"_jetpack_newsletter_access":"","_jetpack_dont_email_post_to_subs":false,"_jetpack_newsletter_tier_id":0,"_jetpack_memberships_contains_paywalled_content":false,"_jetpack_memberships_contains_paid_content":false,"footnotes":"","jetpack_publicize_message":"","jetpack_publicize_feature_enabled":true,"jetpack_social_post_already_shared":false,"jetpack_social_options":{"image_generator_settings":{"template":"highway","default_image_id":0,"font":"","enabled":false},"version":2}},"categories":[17,1],"tags":[],"class_list":["post-2133","post","type-post","status-publish","format-standard","has-post-thumbnail","hentry","category-politica-y-gobierno","category-sin-categoria"],"jetpack_publicize_connections":[],"jetpack_featured_media_url":"https:\/\/formalprision.com\/wp-content\/uploads\/2014\/10\/blogger-image-1172961179.jpg","jetpack_sharing_enabled":true,"jetpack_shortlink":"https:\/\/wp.me\/p6id8p-yp","_links":{"self":[{"href":"https:\/\/formalprision.com\/index.php?rest_route=\/wp\/v2\/posts\/2133","targetHints":{"allow":["GET"]}}],"collection":[{"href":"https:\/\/formalprision.com\/index.php?rest_route=\/wp\/v2\/posts"}],"about":[{"href":"https:\/\/formalprision.com\/index.php?rest_route=\/wp\/v2\/types\/post"}],"author":[{"embeddable":true,"href":"https:\/\/formalprision.com\/index.php?rest_route=\/wp\/v2\/users\/1"}],"replies":[{"embeddable":true,"href":"https:\/\/formalprision.com\/index.php?rest_route=%2Fwp%2Fv2%2Fcomments&post=2133"}],"version-history":[{"count":0,"href":"https:\/\/formalprision.com\/index.php?rest_route=\/wp\/v2\/posts\/2133\/revisions"}],"wp:featuredmedia":[{"embeddable":true,"href":"https:\/\/formalprision.com\/index.php?rest_route=\/wp\/v2\/media\/14368"}],"wp:attachment":[{"href":"https:\/\/formalprision.com\/index.php?rest_route=%2Fwp%2Fv2%2Fmedia&parent=2133"}],"wp:term":[{"taxonomy":"category","embeddable":true,"href":"https:\/\/formalprision.com\/index.php?rest_route=%2Fwp%2Fv2%2Fcategories&post=2133"},{"taxonomy":"post_tag","embeddable":true,"href":"https:\/\/formalprision.com\/index.php?rest_route=%2Fwp%2Fv2%2Ftags&post=2133"}],"curies":[{"name":"wp","href":"https:\/\/api.w.org\/{rel}","templated":true}]}}