{"id":2141,"date":"2014-10-11T06:47:00","date_gmt":"2014-10-11T06:47:00","guid":{"rendered":"http:\/\/formalprision.info\/2014\/10\/11\/inauguran-expovivienda-yucatan-2014\/"},"modified":"2015-06-03T08:34:23","modified_gmt":"2015-06-03T08:34:23","slug":"inauguran-expovivienda-yucatan-2014","status":"publish","type":"post","link":"https:\/\/formalprision.com\/?p=2141","title":{"rendered":"Inauguran Expovivienda Yucat\u00e1n 2014"},"content":{"rendered":"<div style=\"font-family: Noteworthy; font-size: 20px; font-weight: bold; line-height: 26px; -webkit-tap-highlight-color: rgba(26, 26, 26, 0.296875); -webkit-composition-fill-color: rgba(130, 98, 83, 0.0976563); -webkit-composition-frame-color: rgba(191, 107, 82, 0.496094); \">M\u00e9rida, Yucat\u00e1n, 10 de octubre de 2014.- Autoridades federales y estatales, as\u00ed como representantes de empresas desarrolladoras, entidades crediticias y proveedores del sector de la construcci\u00f3n estuvieron en la inauguraci\u00f3n de la d\u00e9cima edici\u00f3n de la Expovivienda Yucat\u00e1n 2014, evento a realizarse del 10 al 12 de octubre y que contar\u00e1 con la participaci\u00f3n de 80 firmas que ofertan siete mil casas en la entidad.<\/div>\n<div style=\"font-family: Noteworthy; font-size: 20px; font-weight: bold; line-height: 26px; -webkit-tap-highlight-color: rgba(26, 26, 26, 0.296875); -webkit-composition-fill-color: rgba(130, 98, 83, 0.0976563); -webkit-composition-frame-color: rgba(191, 107, 82, 0.496094); \">En el acto protocolario realizado en el Centro de Convenciones Yucat\u00e1n Siglo XXI, el secretario de Obras P\u00fablicas, Daniel Quintal Ic, afirm\u00f3 que en los primeros 24 meses del Gobierno del Estado que encabeza Rolando Zapata Bello, se ha establecido una din\u00e1mica de trabajo con empresarios, colegios de profesionales y c\u00e1maras para impulsar la calidad de los hogares y as\u00ed generar bienestar en la entidad.<\/div>\n<div style=\"font-family: Noteworthy; font-size: 20px; font-weight: bold; line-height: 26px; -webkit-tap-highlight-color: rgba(26, 26, 26, 0.296875); -webkit-composition-fill-color: rgba(130, 98, 83, 0.0976563); -webkit-composition-frame-color: rgba(191, 107, 82, 0.496094); \">En presencia de los secretarios de Desarrollo Urbano y Medio Ambiente, Eduardo Batllori Sampedro, y de Desarrollo Social, Nerio Torres Arcila, indic\u00f3 que por instrucci\u00f3n del mandatario se continuar\u00e1 con el fortalecimiento de los canales de comunicaci\u00f3n y colaboraci\u00f3n entre miembros del rubro y autoridades.<\/div>\n<div style=\"font-family: Noteworthy; font-size: 20px; font-weight: bold; line-height: 26px; -webkit-tap-highlight-color: rgba(26, 26, 26, 0.296875); -webkit-composition-fill-color: rgba(130, 98, 83, 0.0976563); -webkit-composition-frame-color: rgba(191, 107, 82, 0.496094); \">\u201cTodo ello en beneficio de las familias yucatecas, as\u00ed, podremos ofrecer servicios p\u00fablicos de calidad, incrementar la construcci\u00f3n de vivienda digna y sustentable en la capital y el interior del estado, y con eso impulsaremos la estrategia de inclusi\u00f3n social con sustentabilidad que concrete proyectos de infraestructura para transformar la din\u00e1mica econ\u00f3mica de Yucat\u00e1n\u201d, puntualiz\u00f3.<\/div>\n<div style=\"font-family: Noteworthy; font-size: 20px; font-weight: bold; line-height: 26px; -webkit-tap-highlight-color: rgba(26, 26, 26, 0.296875); -webkit-composition-fill-color: rgba(130, 98, 83, 0.0976563); -webkit-composition-frame-color: rgba(191, 107, 82, 0.496094); \">Al hacer uso de la palabra, el director del Instituto del Fondo Nacional de Vivienda para los Trabajadores (Infornavit), Alejandro Murat Hinojosa, destac\u00f3 que para Yucat\u00e1n el cierre de 2014 en indicadores del \u00e1rea presenta n\u00fameros positivos, pues se pretende terminar el ejercicio con m\u00e1s de seis mil 100 cr\u00e9ditos otorgados, lo que representa cuatro por ciento arriba de lo logrado en 2013.<\/div>\n<div style=\"font-family: Noteworthy; font-size: 20px; font-weight: bold; line-height: 26px; -webkit-tap-highlight-color: rgba(26, 26, 26, 0.296875); -webkit-composition-fill-color: rgba(130, 98, 83, 0.0976563); -webkit-composition-frame-color: rgba(191, 107, 82, 0.496094); \">\u201cAdem\u00e1s, se proyecta que se invertir\u00e1n m\u00e1s de dos mil 500 millones de pesos al finalizar 2014 y se alcanzar\u00e1n m\u00e1s de 131 millones de subsidios, esto es, m\u00e1s del 17 por ciento de lo obtenido el a\u00f1o pasado\u201d, detall\u00f3.<\/div>\n<div style=\"font-family: Noteworthy; font-size: 20px; font-weight: bold; line-height: 26px; -webkit-tap-highlight-color: rgba(26, 26, 26, 0.296875); -webkit-composition-fill-color: rgba(130, 98, 83, 0.0976563); -webkit-composition-frame-color: rgba(191, 107, 82, 0.496094); \">Por su parte, el presidente de la C\u00e1mara Nacional de la Industria de Desarrollo y Promoci\u00f3n de Vivienda (Canadevi), Juan Fernando Abusaid Quinard, asever\u00f3 que la Expovivienda Yucat\u00e1n 2014 es una muestra fehaciente de lo que ocurre en el sector, pues con la coordinaci\u00f3n de la iniciativa privada y los tres \u00f3rdenes de Gobierno en todo el pa\u00eds, se ha podido alcanzar una pol\u00edtica p\u00fablica que est\u00e9 encaminada a facilitar a los mexicanos el acceso a una casa digna.<\/div>\n<div style=\"font-family: Noteworthy; font-size: 20px; font-weight: bold; line-height: 26px; -webkit-tap-highlight-color: rgba(26, 26, 26, 0.296875); -webkit-composition-fill-color: rgba(130, 98, 83, 0.0976563); -webkit-composition-frame-color: rgba(191, 107, 82, 0.496094); \">En su intervenci\u00f3n, el presidente local de la Canadevi, Carlos Vi\u00f1as Heredia, expres\u00f3 que en esta d\u00e9cima edici\u00f3n de la Expo se pone al alcance de los habitantes de la entidad siete mil ofertas de predios e igual n\u00famero de cr\u00e9ditos a trav\u00e9s de 80 empresas, entre las que se ubican desarrolladores, entidades bancarias y proveedoras.<\/div>\n<div style=\"font-family: Noteworthy; font-size: 20px; font-weight: bold; line-height: 26px; -webkit-tap-highlight-color: rgba(26, 26, 26, 0.296875); -webkit-composition-fill-color: rgba(130, 98, 83, 0.0976563); -webkit-composition-frame-color: rgba(191, 107, 82, 0.496094); \">Al finalizar el acto protocolario, las autoridades y empresarios cortaron el list\u00f3n inaugural para despu\u00e9s realizar un recorrido por los pasillos del Sal\u00f3n Chich\u00e9n Itz\u00e1 que alberga la exposici\u00f3n.<\/div>\n<div style=\"font-family: Noteworthy; font-size: 20px; font-weight: bold; line-height: 26px; -webkit-tap-highlight-color: rgba(26, 26, 26, 0.296875); -webkit-composition-fill-color: rgba(130, 98, 83, 0.0976563); -webkit-composition-frame-color: rgba(191, 107, 82, 0.496094); \">Estuvieron en el evento, los directores General de la Comisi\u00f3n Nacional de Vivienda (Conavi), Mar\u00eda Paloma Silva de Anzorena; y del Instituto de Vivienda de Yucat\u00e1n (IVEY), C\u00e9sar Escobedo May; as\u00ed como el vocal Ejecutivo del Fondo de la Vivienda del Instituto de Seguridad y Servicios Sociales de los Trabajadores del Estado (Fovissste), Juan Carlos Garc\u00eda Cuellar.<\/p>\n<div class=\"separator\" style=\"clear: both;\"><a href=\"https:\/\/lh4.googleusercontent.com\/-qtaulcZc8eI\/VDjSk5vA8zI\/AAAAAAAAkjk\/-_uoKNh5Z2Y\/s640\/blogger-image-1418138404.jpg\" imageanchor=\"1\" style=\"margin-left: 1em; margin-right: 1em;\"><img decoding=\"async\" border=\"0\" src=\"https:\/\/lh4.googleusercontent.com\/-qtaulcZc8eI\/VDjSk5vA8zI\/AAAAAAAAkjk\/-_uoKNh5Z2Y\/s640\/blogger-image-1418138404.jpg\"><\/a><\/div>\n<\/div>\n<div><\/div>\n","protected":false},"excerpt":{"rendered":"<p>M\u00e9rida, Yucat\u00e1n, 10 de octubre de 2014.- Autoridades federales y estatales, as\u00ed como representantes de empresas desarrolladoras, entidades crediticias y proveedores del sector de la construcci\u00f3n estuvieron en la inauguraci\u00f3n<\/p>\n","protected":false},"author":1,"featured_media":14390,"comment_status":"open","ping_status":"open","sticky":false,"template":"","format":"standard","meta":{"jetpack_post_was_ever_published":false,"_jetpack_newsletter_access":"","_jetpack_dont_email_post_to_subs":false,"_jetpack_newsletter_tier_id":0,"_jetpack_memberships_contains_paywalled_content":false,"_jetpack_memberships_contains_paid_content":false,"footnotes":"","jetpack_publicize_message":"","jetpack_publicize_feature_enabled":true,"jetpack_social_post_already_shared":false,"jetpack_social_options":{"image_generator_settings":{"template":"highway","default_image_id":0,"font":"","enabled":false},"version":2}},"categories":[17,1],"tags":[],"class_list":["post-2141","post","type-post","status-publish","format-standard","has-post-thumbnail","hentry","category-politica-y-gobierno","category-sin-categoria"],"jetpack_publicize_connections":[],"jetpack_featured_media_url":"https:\/\/formalprision.com\/wp-content\/uploads\/2014\/10\/blogger-image-1418138404.jpg","jetpack_sharing_enabled":true,"jetpack_shortlink":"https:\/\/wp.me\/p6id8p-yx","_links":{"self":[{"href":"https:\/\/formalprision.com\/index.php?rest_route=\/wp\/v2\/posts\/2141","targetHints":{"allow":["GET"]}}],"collection":[{"href":"https:\/\/formalprision.com\/index.php?rest_route=\/wp\/v2\/posts"}],"about":[{"href":"https:\/\/formalprision.com\/index.php?rest_route=\/wp\/v2\/types\/post"}],"author":[{"embeddable":true,"href":"https:\/\/formalprision.com\/index.php?rest_route=\/wp\/v2\/users\/1"}],"replies":[{"embeddable":true,"href":"https:\/\/formalprision.com\/index.php?rest_route=%2Fwp%2Fv2%2Fcomments&post=2141"}],"version-history":[{"count":0,"href":"https:\/\/formalprision.com\/index.php?rest_route=\/wp\/v2\/posts\/2141\/revisions"}],"wp:featuredmedia":[{"embeddable":true,"href":"https:\/\/formalprision.com\/index.php?rest_route=\/wp\/v2\/media\/14390"}],"wp:attachment":[{"href":"https:\/\/formalprision.com\/index.php?rest_route=%2Fwp%2Fv2%2Fmedia&parent=2141"}],"wp:term":[{"taxonomy":"category","embeddable":true,"href":"https:\/\/formalprision.com\/index.php?rest_route=%2Fwp%2Fv2%2Fcategories&post=2141"},{"taxonomy":"post_tag","embeddable":true,"href":"https:\/\/formalprision.com\/index.php?rest_route=%2Fwp%2Fv2%2Ftags&post=2141"}],"curies":[{"name":"wp","href":"https:\/\/api.w.org\/{rel}","templated":true}]}}