{"id":2150,"date":"2014-10-10T21:30:00","date_gmt":"2014-10-10T21:30:00","guid":{"rendered":"http:\/\/formalprision.info\/2014\/10\/10\/menor-intenta-quitarle-un-rifle-r-15-un\/"},"modified":"2015-06-03T08:34:24","modified_gmt":"2015-06-03T08:34:24","slug":"menor-intenta-quitarle-un-rifle-r-15-un","status":"publish","type":"post","link":"https:\/\/formalprision.com\/?p=2150","title":{"rendered":"Menor intenta quitarle un rifle R-15 a un agente de la SSP para\nsuicidarse"},"content":{"rendered":"<p>Un adolescente con problemas psiqui\u00e1tricos atac\u00f3 con una navaja a un polic\u00eda de la SSP con intenci\u00f3n de quitarle una metralleta para que el agresor pudiera suicidarse.<br \/>\nLos hechos ocurrieron en la sucursal Banamex que est\u00e1 ubicada en la carretera M\u00e9rida-Um\u00e1n.<br \/>\nSin bien el adolescente, de 17 a\u00f1os, no logr\u00f3 su objetivo de suicidarse, lesion\u00f3 con el arma blanca al agente, que result\u00f3 con una herida en el cuello.<br \/>\nLa agresi\u00f3n ocurri\u00f3 en las primeras horas de la tarde, cuando el menor, que sali\u00f3 de su casa para ir a la escuela, pero en lugar de eso estuvo deambulando hasta que abord\u00f3 un cami\u00f3n con destino a Um\u00e1n.<br \/>\nEn el trayecto se baj\u00f3 y entr\u00f3 al banco, donde vio que el polic\u00eda ten\u00eda una metralleta, y sac\u00f3 de su mochila una navaja, con la que atac\u00f3 al uniformado Ricardo L\u00f3pez V\u00e1zquez, a quien intent\u00f3 arrebatarle un rifle R-15, que pretend\u00eda utilizar para suicidarse.<br \/>\nPersonas que pasaban por el lugar vieron lo que ocurr\u00eda y alertaron a los compa\u00f1eros del polic\u00eda que estaban en un ret\u00e9n en la carretera.<br \/>\nEntre varios agentes sometieron al menor. Por su parte, L\u00f3pez V\u00e1zquez fue trasladado a un hospital.<\/p>\n<div class=\"separator\" style=\"clear: both;\"><a href=\"https:\/\/lh5.googleusercontent.com\/-jvol0cIJoAo\/VDhxhm1S0TI\/AAAAAAAAkiI\/mvfwP5qxkqo\/s640\/blogger-image-527038015.jpg\" imageanchor=\"1\" style=\"margin-left: 1em; margin-right: 1em;\"><img decoding=\"async\" border=\"0\" src=\"https:\/\/lh5.googleusercontent.com\/-jvol0cIJoAo\/VDhxhm1S0TI\/AAAAAAAAkiI\/mvfwP5qxkqo\/s640\/blogger-image-527038015.jpg\"><\/a><\/div>\n","protected":false},"excerpt":{"rendered":"<p>Un adolescente con problemas psiqui\u00e1tricos atac\u00f3 con una navaja a un polic\u00eda de la SSP con intenci\u00f3n de quitarle una metralleta para que el agresor pudiera suicidarse. Los hechos ocurrieron<\/p>\n","protected":false},"author":1,"featured_media":14408,"comment_status":"open","ping_status":"open","sticky":false,"template":"","format":"standard","meta":{"jetpack_post_was_ever_published":false,"_jetpack_newsletter_access":"","_jetpack_dont_email_post_to_subs":false,"_jetpack_newsletter_tier_id":0,"_jetpack_memberships_contains_paywalled_content":false,"_jetpack_memberships_contains_paid_content":false,"footnotes":"","jetpack_publicize_message":"","jetpack_publicize_feature_enabled":true,"jetpack_social_post_already_shared":false,"jetpack_social_options":{"image_generator_settings":{"template":"highway","default_image_id":0,"font":"","enabled":false},"version":2}},"categories":[7,3,1],"tags":[],"class_list":["post-2150","post","type-post","status-publish","format-standard","has-post-thumbnail","hentry","category-breves","category-portada","category-sin-categoria"],"jetpack_publicize_connections":[],"jetpack_featured_media_url":"https:\/\/formalprision.com\/wp-content\/uploads\/2014\/10\/blogger-image-527038015.jpg","jetpack_sharing_enabled":true,"jetpack_shortlink":"https:\/\/wp.me\/p6id8p-yG","_links":{"self":[{"href":"https:\/\/formalprision.com\/index.php?rest_route=\/wp\/v2\/posts\/2150","targetHints":{"allow":["GET"]}}],"collection":[{"href":"https:\/\/formalprision.com\/index.php?rest_route=\/wp\/v2\/posts"}],"about":[{"href":"https:\/\/formalprision.com\/index.php?rest_route=\/wp\/v2\/types\/post"}],"author":[{"embeddable":true,"href":"https:\/\/formalprision.com\/index.php?rest_route=\/wp\/v2\/users\/1"}],"replies":[{"embeddable":true,"href":"https:\/\/formalprision.com\/index.php?rest_route=%2Fwp%2Fv2%2Fcomments&post=2150"}],"version-history":[{"count":0,"href":"https:\/\/formalprision.com\/index.php?rest_route=\/wp\/v2\/posts\/2150\/revisions"}],"wp:featuredmedia":[{"embeddable":true,"href":"https:\/\/formalprision.com\/index.php?rest_route=\/wp\/v2\/media\/14408"}],"wp:attachment":[{"href":"https:\/\/formalprision.com\/index.php?rest_route=%2Fwp%2Fv2%2Fmedia&parent=2150"}],"wp:term":[{"taxonomy":"category","embeddable":true,"href":"https:\/\/formalprision.com\/index.php?rest_route=%2Fwp%2Fv2%2Fcategories&post=2150"},{"taxonomy":"post_tag","embeddable":true,"href":"https:\/\/formalprision.com\/index.php?rest_route=%2Fwp%2Fv2%2Ftags&post=2150"}],"curies":[{"name":"wp","href":"https:\/\/api.w.org\/{rel}","templated":true}]}}