{"id":2193,"date":"2014-10-06T14:26:00","date_gmt":"2014-10-06T14:26:00","guid":{"rendered":"http:\/\/formalprision.info\/2014\/10\/06\/dieciocho-panistas-buscan-un-lugar-en\/"},"modified":"2015-06-03T08:34:33","modified_gmt":"2015-06-03T08:34:33","slug":"dieciocho-panistas-buscan-un-lugar-en","status":"publish","type":"post","link":"https:\/\/formalprision.com\/?p=2193","title":{"rendered":"Dieciocho panistas buscan un lugar en los siete Distritos de M\u00e9rida"},"content":{"rendered":"<div style=\"font-family: Noteworthy; font-size: 20px; font-weight: bold; line-height: 26px; -webkit-tap-highlight-color: rgba(26, 26, 26, 0.296875); -webkit-composition-fill-color: rgba(130, 98, 83, 0.0976563); -webkit-composition-frame-color: rgba(191, 107, 82, 0.496094); \">A poco menos de tres meses de que se conozcan ya a los candidatos del PAN a las diputaciones estatales, los aspirantes blanquiazules ya se reducen, debido a acuerdos y ya son menos los que suenan.<\/div>\n<div style=\"font-family: Noteworthy; font-size: 20px; font-weight: bold; line-height: 26px; -webkit-tap-highlight-color: rgba(26, 26, 26, 0.296875); -webkit-composition-fill-color: rgba(130, 98, 83, 0.0976563); -webkit-composition-frame-color: rgba(191, 107, 82, 0.496094); \">En esta ocasi\u00f3n daremos la lista de los aspirantes a los siete distritos de M\u00e9rida, como hicimos anteriormente con los del PRI y que recordamos en esta misma nota.<\/div>\n<div style=\"font-family: Noteworthy; font-size: 20px; font-weight: bold; line-height: 26px; -webkit-tap-highlight-color: rgba(26, 26, 26, 0.296875); -webkit-composition-fill-color: rgba(130, 98, 83, 0.0976563); -webkit-composition-frame-color: rgba(191, 107, 82, 0.496094); \">La duda que hay en todos los partidos es en qu\u00e9 distrito ser\u00e1n colocados finalmente, ya que para esta elecci\u00f3n debe haber la mitad de aspirantes mujeres y la otra mitad de hombres. En el caso del PRI hay un reglamento interno que dice que no pueden colocar a una mujer en un distrito que haya perdido en la elecci\u00f3n anterior. El PAN a\u00fan no decide c\u00f3mo colocar\u00e1 a los aspirantes.<\/div>\n<div style=\"font-family: Noteworthy; font-size: 20px; font-weight: bold; line-height: 26px; -webkit-tap-highlight-color: rgba(26, 26, 26, 0.296875); -webkit-composition-fill-color: rgba(130, 98, 83, 0.0976563); -webkit-composition-frame-color: rgba(191, 107, 82, 0.496094); \">De los siete distritos los tres m\u00e1s competidos son el II, el IV y el V, ya que en ambos hay a cuatro suspirantes. El que menos tiene es el V en donde s\u00f3lo suena un suspirante. Curiosamente los distritos m\u00e1s competidos son en los que los panistas casi seguro ganan.<\/div>\n<div style=\"font-family: Noteworthy; font-size: 20px; font-weight: bold; line-height: 26px; -webkit-tap-highlight-color: rgba(26, 26, 26, 0.296875); -webkit-composition-fill-color: rgba(130, 98, 83, 0.0976563); -webkit-composition-frame-color: rgba(191, 107, 82, 0.496094); \">Los principales patrocinadores de candidatos son el alcalde Ren\u00e1n Barrera, Mauricio Vila y Ra\u00fal Paz, quienes buscan colocar a gente de su confianza.<\/div>\n<div style=\"font-family: Noteworthy; font-size: 20px; font-weight: bold; line-height: 26px; -webkit-tap-highlight-color: rgba(26, 26, 26, 0.296875); -webkit-composition-fill-color: rgba(130, 98, 83, 0.0976563); -webkit-composition-frame-color: rgba(191, 107, 82, 0.496094); \">Entremos en materia y veamos la lista de aspirantes del PAN en los siete distritos de M\u00e9rida, que es la siguiente:<\/div>\n<div style=\"font-family: Noteworthy; font-size: 20px; font-weight: bold; line-height: 26px; -webkit-tap-highlight-color: rgba(26, 26, 26, 0.296875); -webkit-composition-fill-color: rgba(130, 98, 83, 0.0976563); -webkit-composition-frame-color: rgba(191, 107, 82, 0.496094); \">Distrito I.- Hay dos aspirantes, Edgar Carrillo, apadrinado por Mauricio Vila, y Antonio Peraza, hermano del ex priista Ismael Peraza y apadrinado por Ra\u00fal Paz.<\/div>\n<div style=\"font-family: Noteworthy; font-size: 20px; font-weight: bold; line-height: 26px; -webkit-tap-highlight-color: rgba(26, 26, 26, 0.296875); -webkit-composition-fill-color: rgba(130, 98, 83, 0.0976563); -webkit-composition-frame-color: rgba(191, 107, 82, 0.496094); \">Distrito II.- Encabeza la lista de cuatro aspirantes Cinthya Valladares Couoh, actual diputada federal; tambi\u00e9n suspiran el diputado federal Sergio Chan Lugo, Jonathan Paz y Ram\u00f3n May, de quienes numerosos panistas afirman que ni pintan ni dan color, como publicamos anteriormente.<\/div>\n<div style=\"font-family: Noteworthy; font-size: 20px; font-weight: bold; line-height: 26px; -webkit-tap-highlight-color: rgba(26, 26, 26, 0.296875); -webkit-composition-fill-color: rgba(130, 98, 83, 0.0976563); -webkit-composition-frame-color: rgba(191, 107, 82, 0.496094); \">Distrito III.- Curiosamente, en este distrito s\u00f3lo uno ha alzado la mano: Juan Barea Canul, regidor meridano de la comuna que encabeza Ren\u00e1n Barrera. Este distrito lo perdi\u00f3 en las elecciones anteriores el panista Jes\u00fas P\u00e9rez Ballote por muy poco margen, aunque muchos ndicen que con chanchullos a la hora de contar los votos para favorecer al PRI.<\/div>\n<div style=\"font-family: Noteworthy; font-size: 20px; font-weight: bold; line-height: 26px; -webkit-tap-highlight-color: rgba(26, 26, 26, 0.296875); -webkit-composition-fill-color: rgba(130, 98, 83, 0.0976563); -webkit-composition-frame-color: rgba(191, 107, 82, 0.496094); \">Distrito IV.- En este distrito los aspirantes eran El\u00edas Lixa Abimerhi, Manuela Cocom, C\u00e9sar Boj\u00f3rquez Zapata y Karla Salazar. Sin embargo, se redujeron, pues El\u00edas Lixa y Manuela Cocom, los dos apadrinados por Ren\u00e1n Barrera, se pusieron de acuerdo y la regidora se baj\u00f3 a cambio de que su marido Marco Antonio Novelo sea el suplente de Lixa. Se dice que el ex alcalde meridano tambi\u00e9n ya desisti\u00f3 de buscar la nominaci\u00f3n.<\/div>\n<div style=\"font-family: Noteworthy; font-size: 20px; font-weight: bold; line-height: 26px; -webkit-tap-highlight-color: rgba(26, 26, 26, 0.296875); -webkit-composition-fill-color: rgba(130, 98, 83, 0.0976563); -webkit-composition-frame-color: rgba(191, 107, 82, 0.496094); \">Aunque El\u00edas Lixa fue de los \u00fanicos 10 que no obtuvo los votos suficientes para entrar al consejo estatal panista se espera que esta vez, con el apoyo de Manuela Cocom le gane a la ilustre desconocida, que quiere salir de la nada al estrellato, Karla Salazar.<\/div>\n<div style=\"font-family: Noteworthy; font-size: 20px; font-weight: bold; line-height: 26px; -webkit-tap-highlight-color: rgba(26, 26, 26, 0.296875); -webkit-composition-fill-color: rgba(130, 98, 83, 0.0976563); -webkit-composition-frame-color: rgba(191, 107, 82, 0.496094); \">Distrito V.- Este es el segundo distrito m\u00e1s competido, pues igual que en el II suenan cinco aspirantes: Hugo Gonz\u00e1lez Crespo, Manuel D\u00edaz Su\u00e1rez, ex priista quien desde hace a\u00f1os brinca de distrito en distrito buscando una nominaci\u00f3n y a\u00fan no la logra, Jos\u00e9 Luis Mart\u00ednez Semerena y Alfredo Osorio Miranda.<\/div>\n<div style=\"font-family: Noteworthy; font-size: 20px; font-weight: bold; line-height: 26px; -webkit-tap-highlight-color: rgba(26, 26, 26, 0.296875); -webkit-composition-fill-color: rgba(130, 98, 83, 0.0976563); -webkit-composition-frame-color: rgba(191, 107, 82, 0.496094); \">Distrito VI.- Luego de que Roberto Carlos Llanes fuera candidato por lo menos dos veces seguidas, en esta ocasi\u00f3n se apuntan Miguel \u00c1ngel Xequ\u00e9 Rosado, funcionario de la comuna, y Marlene Encalada.<\/div>\n<div style=\"font-family: Noteworthy; font-size: 20px; font-weight: bold; line-height: 26px; -webkit-tap-highlight-color: rgba(26, 26, 26, 0.296875); -webkit-composition-fill-color: rgba(130, 98, 83, 0.0976563); -webkit-composition-frame-color: rgba(191, 107, 82, 0.496094); \">Distrito VII.- Por este distrito quiere repetir el candidato perdedor de la elecci\u00f3n pasada William Cabrera, actual director del Centenario, y se apunta otra ilustre desconocida Liliana Pelegrini, esposa de Willy Pantoja, incondicional de Cecilia Patr\u00f3n y quien ejecutaba las \u00f3rdenes de \u00e9sta en la delegaci\u00f3n de Sedesol.<\/div>\n<div style=\"font-family: Noteworthy; font-size: 20px; font-weight: bold; line-height: 26px; -webkit-tap-highlight-color: rgba(26, 26, 26, 0.296875); -webkit-composition-fill-color: rgba(130, 98, 83, 0.0976563); -webkit-composition-frame-color: rgba(191, 107, 82, 0.496094); \">La lista de los aspirantes priistas<\/div>\n<div style=\"font-family: Noteworthy; font-size: 20px; font-weight: bold; line-height: 26px; -webkit-tap-highlight-color: rgba(26, 26, 26, 0.296875); -webkit-composition-fill-color: rgba(130, 98, 83, 0.0976563); -webkit-composition-frame-color: rgba(191, 107, 82, 0.496094); \">La lista de los priistas, que publicamos anteriormente, es la siguiente: en el distrito I, Ver\u00f3nica Camino Farjat; en el distrito II se menciona a Limber Sosa Lara, Marisol Sotelo Rej\u00f3n y a Carlos el \u201cChelito\u201d Carrillo; en el distrito III se est\u00e1n moviendo los regidores de M\u00e9rida Rub\u00e9n Segura P\u00e9rez y Enrique Alfaro Manzanilla y Pablo Gamboa Miner; en el distrito IV suena Alaine L\u00f3pez y Daniel Granja Peniche; en el distrito V; en el VI, Miguel Enr\u00edquez, y en el VII H\u00e9ctor Fern\u00e1ndez Zapata.<\/p>\n<div class=\"separator\" style=\"clear: both;\"><a href=\"https:\/\/lh5.googleusercontent.com\/-MnKgyhN8Xf0\/VDKmkDnK0-I\/AAAAAAAAkdc\/wz1UmLuwkVM\/s640\/blogger-image-1879921251.jpg\" imageanchor=\"1\" style=\"margin-left: 1em; margin-right: 1em;\"><img decoding=\"async\" border=\"0\" src=\"https:\/\/lh5.googleusercontent.com\/-MnKgyhN8Xf0\/VDKmkDnK0-I\/AAAAAAAAkdc\/wz1UmLuwkVM\/s640\/blogger-image-1879921251.jpg\"><\/a><\/div>\n<\/div>\n","protected":false},"excerpt":{"rendered":"<p>A poco menos de tres meses de que se conozcan ya a los candidatos del PAN a las diputaciones estatales, los aspirantes blanquiazules ya se reducen, debido a acuerdos y<\/p>\n","protected":false},"author":1,"featured_media":14495,"comment_status":"open","ping_status":"open","sticky":false,"template":"","format":"standard","meta":{"jetpack_post_was_ever_published":false,"_jetpack_newsletter_access":"","_jetpack_dont_email_post_to_subs":false,"_jetpack_newsletter_tier_id":0,"_jetpack_memberships_contains_paywalled_content":false,"_jetpack_memberships_contains_paid_content":false,"footnotes":"","jetpack_publicize_message":"","jetpack_publicize_feature_enabled":true,"jetpack_social_post_already_shared":false,"jetpack_social_options":{"image_generator_settings":{"template":"highway","default_image_id":0,"font":"","enabled":false},"version":2}},"categories":[17,1],"tags":[],"class_list":["post-2193","post","type-post","status-publish","format-standard","has-post-thumbnail","hentry","category-politica-y-gobierno","category-sin-categoria"],"jetpack_publicize_connections":[],"jetpack_featured_media_url":"https:\/\/formalprision.com\/wp-content\/uploads\/2014\/10\/blogger-image-1879921251.jpg","jetpack_sharing_enabled":true,"jetpack_shortlink":"https:\/\/wp.me\/p6id8p-zn","_links":{"self":[{"href":"https:\/\/formalprision.com\/index.php?rest_route=\/wp\/v2\/posts\/2193","targetHints":{"allow":["GET"]}}],"collection":[{"href":"https:\/\/formalprision.com\/index.php?rest_route=\/wp\/v2\/posts"}],"about":[{"href":"https:\/\/formalprision.com\/index.php?rest_route=\/wp\/v2\/types\/post"}],"author":[{"embeddable":true,"href":"https:\/\/formalprision.com\/index.php?rest_route=\/wp\/v2\/users\/1"}],"replies":[{"embeddable":true,"href":"https:\/\/formalprision.com\/index.php?rest_route=%2Fwp%2Fv2%2Fcomments&post=2193"}],"version-history":[{"count":0,"href":"https:\/\/formalprision.com\/index.php?rest_route=\/wp\/v2\/posts\/2193\/revisions"}],"wp:featuredmedia":[{"embeddable":true,"href":"https:\/\/formalprision.com\/index.php?rest_route=\/wp\/v2\/media\/14495"}],"wp:attachment":[{"href":"https:\/\/formalprision.com\/index.php?rest_route=%2Fwp%2Fv2%2Fmedia&parent=2193"}],"wp:term":[{"taxonomy":"category","embeddable":true,"href":"https:\/\/formalprision.com\/index.php?rest_route=%2Fwp%2Fv2%2Fcategories&post=2193"},{"taxonomy":"post_tag","embeddable":true,"href":"https:\/\/formalprision.com\/index.php?rest_route=%2Fwp%2Fv2%2Ftags&post=2193"}],"curies":[{"name":"wp","href":"https:\/\/api.w.org\/{rel}","templated":true}]}}