{"id":2199,"date":"2014-10-05T23:21:00","date_gmt":"2014-10-05T23:21:00","guid":{"rendered":"http:\/\/formalprision.info\/2014\/10\/05\/refrendan-apoyo-emprendedores-agrarios\/"},"modified":"2015-06-03T08:34:34","modified_gmt":"2015-06-03T08:34:34","slug":"refrendan-apoyo-emprendedores-agrarios","status":"publish","type":"post","link":"https:\/\/formalprision.com\/?p=2199","title":{"rendered":"Refrendan apoyo a emprendedores agrarios"},"content":{"rendered":"<div style=\"font-family: Noteworthy; font-size: 20px; font-weight: bold; line-height: 26px; -webkit-tap-highlight-color: rgba(26, 26, 26, 0.296875); -webkit-composition-fill-color: rgba(130, 98, 83, 0.0976563); -webkit-composition-frame-color: rgba(191, 107, 82, 0.496094); \">.M\u00e9rida, Yucat\u00e1n, 5 de octubre de 2014.- Al encabezar la entrega de recursos de los Programas &nbsp;Fomento al Desarrollo Agrario (Formar) y de Apoyo a J\u00f3venes para la Productividad de Futuras Empresas Rurales (Profuturo), el Gobernador Rolando Zapata Bello y el titular de la Secretar\u00eda de Desarrollo Agrario, Territorial y Urbano (Sedatu), Jorge Carlos Ram\u00edrez Mar\u00edn, anunciaron que en breve se remozar\u00e1 la plaza principal de Um\u00e1n, como parte del esquema de Rescate a Espacios P\u00fablicos, con una inversi\u00f3n superior a 10 millones de pesos.<\/div>\n<div style=\"font-family: Noteworthy; font-size: 20px; font-weight: bold; line-height: 26px; -webkit-tap-highlight-color: rgba(26, 26, 26, 0.296875); -webkit-composition-fill-color: rgba(130, 98, 83, 0.0976563); -webkit-composition-frame-color: rgba(191, 107, 82, 0.496094); \">En el marco de este evento, en el que se erogaron cerca de seis millones de pesos para detonar peque\u00f1os negocios de la regi\u00f3n, se realiz\u00f3 la firma de acuerdo de coordinaci\u00f3n del Programa Reubicaci\u00f3n de la Poblaci\u00f3n en Zonas de Riesgo (Repzor) entre la instancia federal y la Secretar\u00eda de Desarrollo Urbano y Medio Ambiente (Seduma), lo cual dar\u00e1 certeza a m\u00e1s de mil familias de Celest\u00fan. Adem\u00e1s, se tom\u00f3 protesta a los primeros Comit\u00e9s de Vivienda de Kopom\u00e1, Maxcan\u00fa y Um\u00e1n.<\/div>\n<div style=\"font-family: Noteworthy; font-size: 20px; font-weight: bold; line-height: 26px; -webkit-tap-highlight-color: rgba(26, 26, 26, 0.296875); -webkit-composition-fill-color: rgba(130, 98, 83, 0.0976563); -webkit-composition-frame-color: rgba(191, 107, 82, 0.496094); \">Durante esta jornada, Zapata Bello indic\u00f3 que con la asignaci\u00f3n de recursos a las organizaciones, no s\u00f3lo se promueve el desarrollo del capital humano, tambi\u00e9n se fomenta la cultura emprendedora al concretar ideas y proyectos que se traducen en empleos y fuentes de mejores ingresos.<\/div>\n<div style=\"font-family: Noteworthy; font-size: 20px; font-weight: bold; line-height: 26px; -webkit-tap-highlight-color: rgba(26, 26, 26, 0.296875); -webkit-composition-fill-color: rgba(130, 98, 83, 0.0976563); -webkit-composition-frame-color: rgba(191, 107, 82, 0.496094); \">\u00abCon estas acciones reforzamos la base del cumplimiento de las aspiraciones de todos los yucatecos, seguimos acreditando en los hechos una plataforma de cumplimiento que tiene como eje fundamental el gran apoyo del Presidente Enrique Pe\u00f1a Nieto, lo que permite una s\u00f3lida red de coordinaci\u00f3n, complementar programas y presupuestos con una misma aspiraci\u00f3n, que en todos los hogares exista la condici\u00f3n de bienestar\u00bb, asegur\u00f3.<\/div>\n<div style=\"font-family: Noteworthy; font-size: 20px; font-weight: bold; line-height: 26px; -webkit-tap-highlight-color: rgba(26, 26, 26, 0.296875); -webkit-composition-fill-color: rgba(130, 98, 83, 0.0976563); -webkit-composition-frame-color: rgba(191, 107, 82, 0.496094); \">Acompa\u00f1ado de funcionarios federales, municipales y representantes de c\u00e1maras empresariales, a\u00f1adi\u00f3 que los Comit\u00e9s de Vivienda permitir\u00e1n darle contenido social, transparencia y eficiencia a los programas sociales que se implementan en la entidad.<\/div>\n<div style=\"font-family: Noteworthy; font-size: 20px; font-weight: bold; line-height: 26px; -webkit-tap-highlight-color: rgba(26, 26, 26, 0.296875); -webkit-composition-fill-color: rgba(130, 98, 83, 0.0976563); -webkit-composition-frame-color: rgba(191, 107, 82, 0.496094); \">Asimismo, con la firma del convenio Repzor se atiende una acci\u00f3n de prevenci\u00f3n que dar\u00e1 seguridad a los habitantes del puerto de Celest\u00fan.<\/div>\n<div style=\"font-family: Noteworthy; font-size: 20px; font-weight: bold; line-height: 26px; -webkit-tap-highlight-color: rgba(26, 26, 26, 0.296875); -webkit-composition-fill-color: rgba(130, 98, 83, 0.0976563); -webkit-composition-frame-color: rgba(191, 107, 82, 0.496094); \">Por su parte, Ram\u00edrez Mar\u00edn asever\u00f3 que Yucat\u00e1n aplica correctamente los recursos que le son asignados, por lo que el siguiente a\u00f1o se le otorgar\u00e1 mayor respaldo para la vivienda en favor de quienes m\u00e1s lo requieren.<\/div>\n<div style=\"font-family: Noteworthy; font-size: 20px; font-weight: bold; line-height: 26px; -webkit-tap-highlight-color: rgba(26, 26, 26, 0.296875); -webkit-composition-fill-color: rgba(130, 98, 83, 0.0976563); -webkit-composition-frame-color: rgba(191, 107, 82, 0.496094); \">\u201cCon los apoyos entregados se busca fortalecer a la gente del campo, que j\u00f3venes emprendedores y productores agrarios formalicen su participaci\u00f3n con organizaci\u00f3n y bien capacitados\u201d, expres\u00f3.<\/div>\n<div style=\"font-family: Noteworthy; font-size: 20px; font-weight: bold; line-height: 26px; -webkit-tap-highlight-color: rgba(26, 26, 26, 0.296875); -webkit-composition-fill-color: rgba(130, 98, 83, 0.0976563); -webkit-composition-frame-color: rgba(191, 107, 82, 0.496094); \">El funcionario federal subray\u00f3 que una de las labores que tiene la Sedatu es combatir la pobreza, por lo que a trav\u00e9s de Formar se entrega un mill\u00f3n de pesos a organizaciones que generen desarrollo en diversos rubros.<\/div>\n<div style=\"font-family: Noteworthy; font-size: 20px; font-weight: bold; line-height: 26px; -webkit-tap-highlight-color: rgba(26, 26, 26, 0.296875); -webkit-composition-fill-color: rgba(130, 98, 83, 0.0976563); -webkit-composition-frame-color: rgba(191, 107, 82, 0.496094); \">Al hacer uso de la palabra, el titular de la Seduma, Eduardo Batllori Sampedro, expres\u00f3 que en breve se realizar\u00e1n estudios en Celest\u00fan para identificar las zonas que se encuentren en condiciones de alto riesgo y determinar si es necesario reubicar hogares y construir nuevas viviendas.<\/div>\n<div style=\"font-family: Noteworthy; font-size: 20px; font-weight: bold; line-height: 26px; -webkit-tap-highlight-color: rgba(26, 26, 26, 0.296875); -webkit-composition-fill-color: rgba(130, 98, 83, 0.0976563); -webkit-composition-frame-color: rgba(191, 107, 82, 0.496094); \">En su intervenci\u00f3n, el delegado de la Sedatu en el estado, Wilberth Novelo Ceballos, dijo que quienes conforman los Comit\u00e9s de Vivienda, en coordinaci\u00f3n institucional con los tres niveles de Gobierno, se encargar\u00e1n, entre otras cosas, de decidir a quienes deben tocar estas acciones y vigilar la calidad de lo que se entrega.<\/div>\n<div style=\"font-family: Noteworthy; font-size: 20px; font-weight: bold; line-height: 26px; -webkit-tap-highlight-color: rgba(26, 26, 26, 0.296875); -webkit-composition-fill-color: rgba(130, 98, 83, 0.0976563); -webkit-composition-frame-color: rgba(191, 107, 82, 0.496094); \">Las empresas que recibieron cheque por un mill\u00f3n de pesos de Formar son Organizaci\u00f3n OPD A.C., Expansi\u00f3n Joven A.C., Gesti\u00f3n Rural A.C., Innovarse A.C. y Promotora de Desarrollo Social y Ambiental A.C.<\/div>\n<div style=\"font-family: Noteworthy; font-size: 20px; font-weight: bold; line-height: 26px; -webkit-tap-highlight-color: rgba(26, 26, 26, 0.296875); -webkit-composition-fill-color: rgba(130, 98, 83, 0.0976563); -webkit-composition-frame-color: rgba(191, 107, 82, 0.496094); \">Tambi\u00e9n, con el esquema Profuturo, 21 hombres y mujeres de la comisar\u00eda Santa Mar\u00eda Chi de M\u00e9rida impulsar\u00e1n su proyecto de cr\u00eda y engorda de camarones.<\/div>\n<div style=\"font-family: Noteworthy; font-size: 20px; font-weight: bold; line-height: 26px; -webkit-tap-highlight-color: rgba(26, 26, 26, 0.296875); -webkit-composition-fill-color: rgba(130, 98, 83, 0.0976563); -webkit-composition-frame-color: rgba(191, 107, 82, 0.496094); \">Finalmente, el alcalde de Um\u00e1n, Jes\u00fas Adri\u00e1n Quintal Ic, agradeci\u00f3 a las autoridades el respaldo por los apoyos que el municipio ya ha recibido en favor de la poblaci\u00f3n m\u00e1s vulnerable y asegur\u00f3 que velar\u00e1 por darles el mejor provecho.<\/div>\n<div style=\"font-family: Noteworthy; font-size: 20px; font-weight: bold; line-height: 26px; -webkit-tap-highlight-color: rgba(26, 26, 26, 0.296875); -webkit-composition-fill-color: rgba(130, 98, 83, 0.0976563); -webkit-composition-frame-color: rgba(191, 107, 82, 0.496094); \">En el evento estuvieron presentes los presidentes de la Junta de Gobierno y Coordinaci\u00f3n Pol\u00edtica del Congreso del Estado, Luis Hevia Jim\u00e9nez, y del Tribunal Superior de Justicia de la entidad, Marcos Celis Quintal.&nbsp;<\/div>\n<div style=\"font-family: Noteworthy; font-size: 20px; font-weight: bold; line-height: 26px; -webkit-tap-highlight-color: rgba(26, 26, 26, 0.296875); -webkit-composition-fill-color: rgba(130, 98, 83, 0.0976563); -webkit-composition-frame-color: rgba(191, 107, 82, 0.496094); \">Tambi\u00e9n, el diputado federal, Marco Vela Reyes; la subsecretaria federal de Desarrollo Urbano, Georgina Trujillo Zentella; y la secretaria de la Juventud en Yucat\u00e1n, Alaine L\u00f3pez Brice\u00f1o.<\/div>\n<div style=\"font-family: Noteworthy; font-size: 20px; font-weight: bold; line-height: 26px; -webkit-tap-highlight-color: rgba(26, 26, 26, 0.296875); -webkit-composition-fill-color: rgba(130, 98, 83, 0.0976563); -webkit-composition-frame-color: rgba(191, 107, 82, 0.496094); \">\n<div class=\"separator\" style=\"clear: both;\"><a href=\"https:\/\/lh3.googleusercontent.com\/-l0uCkY0AE4E\/VDHSbC9dhOI\/AAAAAAAAkcg\/nhLDTrTttm0\/s640\/blogger-image-1070000342.jpg\" imageanchor=\"1\" style=\"margin-left: 1em; margin-right: 1em;\"><img decoding=\"async\" border=\"0\" src=\"https:\/\/lh3.googleusercontent.com\/-l0uCkY0AE4E\/VDHSbC9dhOI\/AAAAAAAAkcg\/nhLDTrTttm0\/s640\/blogger-image-1070000342.jpg\"><\/a><\/div>\n<p><\/div>\n","protected":false},"excerpt":{"rendered":"<p>.M\u00e9rida, Yucat\u00e1n, 5 de octubre de 2014.- Al encabezar la entrega de recursos de los Programas &nbsp;Fomento al Desarrollo Agrario (Formar) y de Apoyo a J\u00f3venes para la Productividad de<\/p>\n","protected":false},"author":1,"featured_media":14507,"comment_status":"open","ping_status":"open","sticky":false,"template":"","format":"standard","meta":{"jetpack_post_was_ever_published":false,"_jetpack_newsletter_access":"","_jetpack_dont_email_post_to_subs":false,"_jetpack_newsletter_tier_id":0,"_jetpack_memberships_contains_paywalled_content":false,"_jetpack_memberships_contains_paid_content":false,"footnotes":"","jetpack_publicize_message":"","jetpack_publicize_feature_enabled":true,"jetpack_social_post_already_shared":false,"jetpack_social_options":{"image_generator_settings":{"template":"highway","default_image_id":0,"font":"","enabled":false},"version":2}},"categories":[17,1],"tags":[],"class_list":["post-2199","post","type-post","status-publish","format-standard","has-post-thumbnail","hentry","category-politica-y-gobierno","category-sin-categoria"],"jetpack_publicize_connections":[],"jetpack_featured_media_url":"https:\/\/formalprision.com\/wp-content\/uploads\/2014\/10\/blogger-image-1070000342.jpg","jetpack_sharing_enabled":true,"jetpack_shortlink":"https:\/\/wp.me\/p6id8p-zt","_links":{"self":[{"href":"https:\/\/formalprision.com\/index.php?rest_route=\/wp\/v2\/posts\/2199","targetHints":{"allow":["GET"]}}],"collection":[{"href":"https:\/\/formalprision.com\/index.php?rest_route=\/wp\/v2\/posts"}],"about":[{"href":"https:\/\/formalprision.com\/index.php?rest_route=\/wp\/v2\/types\/post"}],"author":[{"embeddable":true,"href":"https:\/\/formalprision.com\/index.php?rest_route=\/wp\/v2\/users\/1"}],"replies":[{"embeddable":true,"href":"https:\/\/formalprision.com\/index.php?rest_route=%2Fwp%2Fv2%2Fcomments&post=2199"}],"version-history":[{"count":0,"href":"https:\/\/formalprision.com\/index.php?rest_route=\/wp\/v2\/posts\/2199\/revisions"}],"wp:featuredmedia":[{"embeddable":true,"href":"https:\/\/formalprision.com\/index.php?rest_route=\/wp\/v2\/media\/14507"}],"wp:attachment":[{"href":"https:\/\/formalprision.com\/index.php?rest_route=%2Fwp%2Fv2%2Fmedia&parent=2199"}],"wp:term":[{"taxonomy":"category","embeddable":true,"href":"https:\/\/formalprision.com\/index.php?rest_route=%2Fwp%2Fv2%2Fcategories&post=2199"},{"taxonomy":"post_tag","embeddable":true,"href":"https:\/\/formalprision.com\/index.php?rest_route=%2Fwp%2Fv2%2Ftags&post=2199"}],"curies":[{"name":"wp","href":"https:\/\/api.w.org\/{rel}","templated":true}]}}