{"id":2200,"date":"2014-10-05T23:18:00","date_gmt":"2014-10-05T23:18:00","guid":{"rendered":"http:\/\/formalprision.info\/2014\/10\/05\/impulsan-comercializacion-de-artesanias\/"},"modified":"2015-06-03T08:34:34","modified_gmt":"2015-06-03T08:34:34","slug":"impulsan-comercializacion-de-artesanias","status":"publish","type":"post","link":"https:\/\/formalprision.com\/?p=2200","title":{"rendered":"Impulsan comercializaci\u00f3n de artesan\u00edas yucatecas"},"content":{"rendered":"<div style=\"font-family: Noteworthy; font-size: 20px; font-weight: bold; line-height: 26px; -webkit-tap-highlight-color: rgba(26, 26, 26, 0.296875); -webkit-composition-fill-color: rgba(130, 98, 83, 0.0976563); -webkit-composition-frame-color: rgba(191, 107, 82, 0.496094); \">M\u00e9rida, Yucat\u00e1n, 5 de octubre de 2014.- El Gobernador Rolando Zapata Bello encabez\u00f3 la inauguraci\u00f3n de La Casa del Catorce \u201cU yotoch\u201d, en donde artesanos de municipios pertenecientes al d\u00e9cimo cuarto distrito estatal, podr\u00e1n comercializar sus productos y realizar acciones de promoci\u00f3n tur\u00edstica de este lugar de la geograf\u00eda yucateca.<\/div>\n<div style=\"font-family: Noteworthy; font-size: 20px; font-weight: bold; line-height: 26px; -webkit-tap-highlight-color: rgba(26, 26, 26, 0.296875); -webkit-composition-fill-color: rgba(130, 98, 83, 0.0976563); -webkit-composition-frame-color: rgba(191, 107, 82, 0.496094); \">En el acto, el titular del Ejecutivo destac\u00f3 la colaboraci\u00f3n entre autoridades de los tres \u00f3rdenes de Gobierno con empresarios, para establecer un espacio que contribuir\u00e1 al bienestar de las familias de los participantes de este proyecto, que pertenecen a Acanceh, Cuzam\u00e1, Hocab\u00e1, Hoct\u00fan, Hom\u00fan, Mama, Sanahcat, Tecoh, Tekit, Timucuy, Tixp\u00e9ual y Xocchel, as\u00ed como de las de toda la regi\u00f3n de dicho distrito, al impulsar la actividad econ\u00f3mica desde varios frentes.<\/div>\n<div style=\"font-family: Noteworthy; font-size: 20px; font-weight: bold; line-height: 26px; -webkit-tap-highlight-color: rgba(26, 26, 26, 0.296875); -webkit-composition-fill-color: rgba(130, 98, 83, 0.0976563); -webkit-composition-frame-color: rgba(191, 107, 82, 0.496094); \">\u201cEste es un gran d\u00eda, este es un gran ejemplo, lo digo con plena convicci\u00f3n y esperamos y haremos todo lo que nos corresponda para que este proyecto sea un gran \u00e9xito, porque est\u00e1 llamado a ser ejemplo de un modelo de organizaci\u00f3n comunitaria, colectiva, en beneficio real de la sociedad\u201d, asegur\u00f3.<\/div>\n<div style=\"font-family: Noteworthy; font-size: 20px; font-weight: bold; line-height: 26px; -webkit-tap-highlight-color: rgba(26, 26, 26, 0.296875); -webkit-composition-fill-color: rgba(130, 98, 83, 0.0976563); -webkit-composition-frame-color: rgba(191, 107, 82, 0.496094); \">Se\u00f1al\u00f3 que este tipo de iniciativas son bien recibidas, ya que nacen a partir de necesidades locales muy espec\u00edficas y, con base en un diagn\u00f3stico preciso, se enfocan entonces en atender las demandas de las familias de las demarcaciones que est\u00e1n involucradas en la estrategia.<\/div>\n<div style=\"font-family: Noteworthy; font-size: 20px; font-weight: bold; line-height: 26px; -webkit-tap-highlight-color: rgba(26, 26, 26, 0.296875); -webkit-composition-fill-color: rgba(130, 98, 83, 0.0976563); -webkit-composition-frame-color: rgba(191, 107, 82, 0.496094); \">Indic\u00f3 que la mejor forma de participar activamente en el combate a la pobreza en Yucat\u00e1n es mediante el impulso de propuestas y planes productivos que generen empleos y bienestar, con ingresos directos que ayuden a los habitantes de la entidad a optimizar sus condiciones de vida.<\/div>\n<div style=\"font-family: Noteworthy; font-size: 20px; font-weight: bold; line-height: 26px; -webkit-tap-highlight-color: rgba(26, 26, 26, 0.296875); -webkit-composition-fill-color: rgba(130, 98, 83, 0.0976563); -webkit-composition-frame-color: rgba(191, 107, 82, 0.496094); \">Al hacer uso de la palabra, el diputado local Dafne L\u00f3pez Mart\u00ednez, representante del 14 distrito e impulsor de esta iniciativa, dijo que La Casa del Catorce \u201cU yotoch\u201d no se hubiera podido consolidar sin el apoyo del Gobierno del Estado y los ayuntamientos, a los cuales reconoci\u00f3 su compromiso con la sociedad.<\/div>\n<div style=\"font-family: Noteworthy; font-size: 20px; font-weight: bold; line-height: 26px; -webkit-tap-highlight-color: rgba(26, 26, 26, 0.296875); -webkit-composition-fill-color: rgba(130, 98, 83, 0.0976563); -webkit-composition-frame-color: rgba(191, 107, 82, 0.496094); \">\u201cPorque este espacio se genera, se hace posible, con la ayuda de empresarios comprometidos con Yucat\u00e1n y con las autoridades municipales, quienes dejaron de lado distingos y colores pol\u00edticos para colaborar en equipo y dar vida a La Casa del Catorce\u201d, agreg\u00f3.<\/div>\n<div style=\"font-family: Noteworthy; font-size: 20px; font-weight: bold; line-height: 26px; -webkit-tap-highlight-color: rgba(26, 26, 26, 0.296875); -webkit-composition-fill-color: rgba(130, 98, 83, 0.0976563); -webkit-composition-frame-color: rgba(191, 107, 82, 0.496094); \">En su mensaje, el propietario de este espacio, Sergio Grosjean Abimerhi, indic\u00f3 que el sector empresarial se encuentra comprometido con el impulso econ\u00f3mico del estado y sus regiones, en donde existen oportunidades de promoci\u00f3n y desarrollo que requieren &nbsp;del apoyo adecuado para que, en conjunto, se consigan beneficios para los yucatecos que viven en todos los rincones de la entidad.<\/div>\n<div style=\"font-family: Noteworthy; font-size: 20px; font-weight: bold; line-height: 26px; -webkit-tap-highlight-color: rgba(26, 26, 26, 0.296875); -webkit-composition-fill-color: rgba(130, 98, 83, 0.0976563); -webkit-composition-frame-color: rgba(191, 107, 82, 0.496094); \">Al finalizar el acto protocolario, el mandatario cort\u00f3 el list\u00f3n inaugural acompa\u00f1ado por autoridades y artesanos, para despu\u00e9s realizar un breve recorrido por las instalaciones de este espacio de promoci\u00f3n y comercializaci\u00f3n, el cual se ubica sobre la calle 60, en el coraz\u00f3n del Centro Hist\u00f3rico de esta capital.<\/div>\n<div style=\"font-family: Noteworthy; font-size: 20px; font-weight: bold; line-height: 26px; -webkit-tap-highlight-color: rgba(26, 26, 26, 0.296875); -webkit-composition-fill-color: rgba(130, 98, 83, 0.0976563); -webkit-composition-frame-color: rgba(191, 107, 82, 0.496094); \">Estuvieron presentes el presidente de la Junta de Gobierno y Coordinaci\u00f3n Pol\u00edtica del Congreso local, Luis Hevia Jim\u00e9nez, y los secretarios de Fomento Econ\u00f3mico, David Alpizar Carrillo, y de Desarrollo Urbano y Medio Ambiente, Eduardo Batllori Sampedro.<\/div>\n<div style=\"font-family: Noteworthy; font-size: 20px; font-weight: bold; line-height: 26px; -webkit-tap-highlight-color: rgba(26, 26, 26, 0.296875); -webkit-composition-fill-color: rgba(130, 98, 83, 0.0976563); -webkit-composition-frame-color: rgba(191, 107, 82, 0.496094); \">Asimismo, los alcaldes de Cuzam\u00e1, Wilbert Orlando Soberanis Villanueva; de Hocab\u00e1, Eulogio Dzib Tun; de Hoct\u00fan, Flor Mireya Acosta Novelo; de Hom\u00fan, Jos\u00e9 Alejandro Pech Pat; de Mama, Amado Hau Chabl\u00e9; de Sanahcat, V\u00edctor Gabriel Ek Moo; y de Tecoh, Ra\u00fal Felipe Quintal Carvajal<\/p>\n<div class=\"separator\" style=\"clear: both;\"><a href=\"https:\/\/lh6.googleusercontent.com\/-IXMx_-dgMNo\/VDHRrQODAJI\/AAAAAAAAkcY\/uYfiHpU2mN4\/s640\/blogger-image-1423540699.jpg\" imageanchor=\"1\" style=\"margin-left: 1em; margin-right: 1em;\"><img decoding=\"async\" border=\"0\" src=\"https:\/\/lh6.googleusercontent.com\/-IXMx_-dgMNo\/VDHRrQODAJI\/AAAAAAAAkcY\/uYfiHpU2mN4\/s640\/blogger-image-1423540699.jpg\"><\/a><\/div>\n<\/div>\n","protected":false},"excerpt":{"rendered":"<p>M\u00e9rida, Yucat\u00e1n, 5 de octubre de 2014.- El Gobernador Rolando Zapata Bello encabez\u00f3 la inauguraci\u00f3n de La Casa del Catorce \u201cU yotoch\u201d, en donde artesanos de municipios pertenecientes al d\u00e9cimo<\/p>\n","protected":false},"author":1,"featured_media":14509,"comment_status":"open","ping_status":"open","sticky":false,"template":"","format":"standard","meta":{"jetpack_post_was_ever_published":false,"_jetpack_newsletter_access":"","_jetpack_dont_email_post_to_subs":false,"_jetpack_newsletter_tier_id":0,"_jetpack_memberships_contains_paywalled_content":false,"_jetpack_memberships_contains_paid_content":false,"footnotes":"","jetpack_publicize_message":"","jetpack_publicize_feature_enabled":true,"jetpack_social_post_already_shared":false,"jetpack_social_options":{"image_generator_settings":{"template":"highway","default_image_id":0,"font":"","enabled":false},"version":2}},"categories":[17,1],"tags":[],"class_list":["post-2200","post","type-post","status-publish","format-standard","has-post-thumbnail","hentry","category-politica-y-gobierno","category-sin-categoria"],"jetpack_publicize_connections":[],"jetpack_featured_media_url":"https:\/\/formalprision.com\/wp-content\/uploads\/2014\/10\/blogger-image-1423540699.jpg","jetpack_sharing_enabled":true,"jetpack_shortlink":"https:\/\/wp.me\/p6id8p-zu","_links":{"self":[{"href":"https:\/\/formalprision.com\/index.php?rest_route=\/wp\/v2\/posts\/2200","targetHints":{"allow":["GET"]}}],"collection":[{"href":"https:\/\/formalprision.com\/index.php?rest_route=\/wp\/v2\/posts"}],"about":[{"href":"https:\/\/formalprision.com\/index.php?rest_route=\/wp\/v2\/types\/post"}],"author":[{"embeddable":true,"href":"https:\/\/formalprision.com\/index.php?rest_route=\/wp\/v2\/users\/1"}],"replies":[{"embeddable":true,"href":"https:\/\/formalprision.com\/index.php?rest_route=%2Fwp%2Fv2%2Fcomments&post=2200"}],"version-history":[{"count":0,"href":"https:\/\/formalprision.com\/index.php?rest_route=\/wp\/v2\/posts\/2200\/revisions"}],"wp:featuredmedia":[{"embeddable":true,"href":"https:\/\/formalprision.com\/index.php?rest_route=\/wp\/v2\/media\/14509"}],"wp:attachment":[{"href":"https:\/\/formalprision.com\/index.php?rest_route=%2Fwp%2Fv2%2Fmedia&parent=2200"}],"wp:term":[{"taxonomy":"category","embeddable":true,"href":"https:\/\/formalprision.com\/index.php?rest_route=%2Fwp%2Fv2%2Fcategories&post=2200"},{"taxonomy":"post_tag","embeddable":true,"href":"https:\/\/formalprision.com\/index.php?rest_route=%2Fwp%2Fv2%2Ftags&post=2200"}],"curies":[{"name":"wp","href":"https:\/\/api.w.org\/{rel}","templated":true}]}}