{"id":2201,"date":"2014-10-05T20:34:00","date_gmt":"2014-10-05T20:34:00","guid":{"rendered":"http:\/\/formalprision.info\/2014\/10\/05\/mauricio-vila-buscara-candidatura-de\/"},"modified":"2015-06-03T08:34:35","modified_gmt":"2015-06-03T08:34:35","slug":"mauricio-vila-buscara-candidatura-de","status":"publish","type":"post","link":"https:\/\/formalprision.com\/?p=2201","title":{"rendered":"Mauricio Vila buscar\u00e1 candidatura del PAN a la alcald\u00eda de M\u00e9rida"},"content":{"rendered":"<p>El diputado Mauricio Vila Dosal anuncia que, de acuerdo con los tiempos que marca la ley, buscar\u00e1 la candidatura del PAN a la alcald\u00eda de M\u00e9rida y ya solicit\u00f3 a la dirigencia de su partido que convoque a elecciones internas para que sea el voto de los militantes el que decida quien ser\u00e1 el candidato en los comicios de 2015.<br \/>\nEn el marco de una entrevista sobre su segundo informe legislativo que &nbsp;presentar\u00e1 el s\u00e1bado 25 de este mes, a las 9:30 horas en la sala de fiestas Palacio Real, ubicado en el Oriente de la ciudad, el legislador hizo p\u00fablico que el panorama interno en el PAN ya cambi\u00f3 y est\u00e1n dadas las condiciones para buscar la postulaci\u00f3n por la alcald\u00eda, debido a que recientes mediciones arrojan resultados favorables hacia su persona.<br \/>\nEn relaci\u00f3n con un acuerdo que hab\u00eda entre los tres aspirantes Ra\u00fal Paz Alonzo, Salvador Vitelli Mac\u00edas y \u00e9l, de que Paz buscara la candidatura, el diputado Vila Dosal indica que se hicieron tres encuestas y el resultado fue que Ra\u00fal Paz sali\u00f3 arriba por una m\u00ednima diferencia, menor al margen de error, lo cual representa un empate t\u00e9cnico con \u00e9l, pero a\u00fan as\u00ed acept\u00f3 sumarse en aras de la unidad interna.<br \/>\nEl acuerdo ten\u00eda un objetivo muy claro: el que tuviera m\u00e1s posibilidades en ese momento de refrendar el triunfo del PAN en M\u00e9rida deb\u00eda ser el candidato. Pero, hoy las circunstancias han cambiado, subraya Vila Dosal.<br \/>\nLos acuerdos dejan de tener validez cuando pierden su objetivo y eso es lo que ha ocurrido. No estoy faltando a mi palabra, el panorama cambi\u00f3, la percepci\u00f3n ya es otra, enfatiza el legislador.<br \/>\nVila Dosal, joven empresario, abogado de profesi\u00f3n y con dos maestr\u00edas: una en Administraci\u00f3n de Empresas y otra en Comunicaci\u00f3n Pol\u00edtica y Gobernanza Estrat\u00e9gica, recalca que es respetuoso de la ley, de manera que, conforme lo marcan las normas electorales y los estatutos de su partido, buscar\u00e1 en su momento la candidatura del PAN a la alcald\u00eda de M\u00e9rida.<br \/>\nEl legislador surgi\u00f3 del IV Distrito, donde en 2012 gan\u00f3 por 32,000 votos, siendo la votaci\u00f3n m\u00e1s alta en un distrito de M\u00e9rida y el que obtuvo el mayor margen de diferencia sobre su m\u00e1s cercano adversario, por 11,000 sufragios. Este es su primer cargo de elecci\u00f3n popular en 13 a\u00f1os de militancia en el PAN.<br \/>\nEl diputado Vila Dosal afirma que aspira a gobernar esta ciudad porque quiere contribuir a mejorar la calidad de vida que ya existe y, en general, quiere una mejor M\u00e9rida para sus hijos y los hijos de todos los que habitan en este municipio, incluyendo a quienes vienen de otras partes del pa\u00eds y se han integrado a la comunidad.<br \/>\nNos sentimos muy orgullosos de M\u00e9rida, tenemos que preservar nuestras costumbres y tradiciones, con la mira puesta en la modernidad y el desarrollo sustentable. Queremos, en escencia, procurar el bien com\u00fan para todos los meridanos, subraya el legislador.<\/p>\n<div class=\"separator\" style=\"clear: both; text-align: center;\">\n<a href=\"http:\/\/formalprision.com\/wp-content\/uploads\/2014\/10\/IMG_0077.jpg\" imageanchor=\"1\" style=\"margin-left: 1em; margin-right: 1em;\"><img loading=\"lazy\" decoding=\"async\" border=\"0\" src=\"http:\/\/formalprision.com\/wp-content\/uploads\/2014\/10\/IMG_0077.jpg\" height=\"229\" width=\"320\" \/><\/a><\/div>\n","protected":false},"excerpt":{"rendered":"<p>El diputado Mauricio Vila Dosal anuncia que, de acuerdo con los tiempos que marca la ley, buscar\u00e1 la candidatura del PAN a la alcald\u00eda de M\u00e9rida y ya solicit\u00f3 a<\/p>\n","protected":false},"author":1,"featured_media":14510,"comment_status":"open","ping_status":"open","sticky":false,"template":"","format":"standard","meta":{"jetpack_post_was_ever_published":false,"_jetpack_newsletter_access":"","_jetpack_dont_email_post_to_subs":false,"_jetpack_newsletter_tier_id":0,"_jetpack_memberships_contains_paywalled_content":false,"_jetpack_memberships_contains_paid_content":false,"footnotes":"","jetpack_publicize_message":"","jetpack_publicize_feature_enabled":true,"jetpack_social_post_already_shared":false,"jetpack_social_options":{"image_generator_settings":{"template":"highway","default_image_id":0,"font":"","enabled":false},"version":2}},"categories":[17,1],"tags":[],"class_list":["post-2201","post","type-post","status-publish","format-standard","has-post-thumbnail","hentry","category-politica-y-gobierno","category-sin-categoria"],"jetpack_publicize_connections":[],"jetpack_featured_media_url":"https:\/\/formalprision.com\/wp-content\/uploads\/2014\/10\/IMG_0077.jpg","jetpack_sharing_enabled":true,"jetpack_shortlink":"https:\/\/wp.me\/p6id8p-zv","_links":{"self":[{"href":"https:\/\/formalprision.com\/index.php?rest_route=\/wp\/v2\/posts\/2201","targetHints":{"allow":["GET"]}}],"collection":[{"href":"https:\/\/formalprision.com\/index.php?rest_route=\/wp\/v2\/posts"}],"about":[{"href":"https:\/\/formalprision.com\/index.php?rest_route=\/wp\/v2\/types\/post"}],"author":[{"embeddable":true,"href":"https:\/\/formalprision.com\/index.php?rest_route=\/wp\/v2\/users\/1"}],"replies":[{"embeddable":true,"href":"https:\/\/formalprision.com\/index.php?rest_route=%2Fwp%2Fv2%2Fcomments&post=2201"}],"version-history":[{"count":0,"href":"https:\/\/formalprision.com\/index.php?rest_route=\/wp\/v2\/posts\/2201\/revisions"}],"wp:featuredmedia":[{"embeddable":true,"href":"https:\/\/formalprision.com\/index.php?rest_route=\/wp\/v2\/media\/14510"}],"wp:attachment":[{"href":"https:\/\/formalprision.com\/index.php?rest_route=%2Fwp%2Fv2%2Fmedia&parent=2201"}],"wp:term":[{"taxonomy":"category","embeddable":true,"href":"https:\/\/formalprision.com\/index.php?rest_route=%2Fwp%2Fv2%2Fcategories&post=2201"},{"taxonomy":"post_tag","embeddable":true,"href":"https:\/\/formalprision.com\/index.php?rest_route=%2Fwp%2Fv2%2Ftags&post=2201"}],"curies":[{"name":"wp","href":"https:\/\/api.w.org\/{rel}","templated":true}]}}