{"id":2204,"date":"2014-10-05T14:59:00","date_gmt":"2014-10-05T14:59:00","guid":{"rendered":"http:\/\/formalprision.info\/2014\/10\/05\/se-suicida-para-donar-las-corneas-su\/"},"modified":"2015-06-03T08:34:37","modified_gmt":"2015-06-03T08:34:37","slug":"se-suicida-para-donar-las-corneas-su","status":"publish","type":"post","link":"https:\/\/formalprision.com\/?p=2204","title":{"rendered":"Se suicida para donar las c\u00f3rneas a su hermana"},"content":{"rendered":"<p>En un hecho sin precedente en Yucat\u00e1n, un hombre se habr\u00eda suicidado para donar sus c\u00f3rneas a su hermana, seg\u00fan informaron la Fiscal\u00eda General del Estado y la Polic\u00eda Municipal de Um\u00e1n, donde ocurri\u00f3 este hecho.<br \/>\nEl individuo, identificado como Daniel Montero Pech, de 38 a\u00f1os de edad, fue encontrado colgado de un \u00e1rbol en el patio de su casa, ubicada en la colonia Bartolom\u00e9 Garc\u00eda del vecino municipio.<br \/>\nSe inform\u00f3 que el suicida dej\u00f3 una carta p\u00f3stuma en la que explicaba su fatal decisi\u00f3n.<br \/>\nDe acuerdo con el reporte, la ma\u00f1ana del s\u00e1bado el padre de ambos hermanos comenz\u00f3 a buscar a su hijo Daniel, a quien la noche del viernes hab\u00eda visto con el \u00e1nimo deca\u00eddo.<br \/>\nEntr\u00f3 a la vivienda y comenz\u00f3 a llamarlo al tener un mal presentimiento. Sus temores se hicieron realidad al encontrarlo en el patio colgado de un \u00e1rbol.<br \/>\nEn su desesperaci\u00f3n intent\u00f3 ayudarlo, pero solo pudo comprobar que su hijo ya estaba muerto.<br \/>\nCon el coraz\u00f3n destrozado se comunic\u00f3 a la polic\u00eda de Um\u00e1n para reportar los hechos. Desde la corporaci\u00f3n municipal se inform\u00f3 del caso a la Fiscal\u00eda General del Estado.<br \/>\nDurante las diligencias para levantar el cad\u00e1ver, personal de la FGE encontr\u00f3 una carta en la que Daniel informaba de su decisi\u00f3n.<br \/>\nEn ella dec\u00eda que se suicidaba \u00abconscientemente\u00bb para donar sus c\u00f3rneas a su hermana. Tambi\u00e9n manifestaba que donaba sus \u00f3rganos a instituciones para quien los necesitara.<\/p>\n<div>Sin embargo, al parecer esto no es posible de hacer en estos casos porque hay un protocolo para confirmar que la muerte no provenga de un hecho delictivo y porque los \u00f3rganos deben usarse al poco tiempo del fallecimiento de la persona.<br \/>\n\u201c\u2026 es mi voluntad donar todos mis \u00f3rganos a los que los necesiten, especialmente a mi hermana le dejo de recuerdo estos ojos\u201d, dec\u00eda en la carta, escrita a mano. \u00ab&#8230; Mi castigo va a ser eterno, lo s\u00e9 y acepto. Dios m\u00edo, perd\u00f3name&#8230;\u00bb.&nbsp;<br \/>\nLa autopsia determin\u00f3 que la causa de la muerte fue asfixia por suspensi\u00f3n.<\/p>\n<div class=\"separator\" style=\"clear: both; text-align: center;\">\n<a href=\"http:\/\/formalprision.com\/wp-content\/uploads\/2014\/10\/la-foto-2.jpg\" imageanchor=\"1\" style=\"margin-left: 1em; margin-right: 1em;\"><img loading=\"lazy\" decoding=\"async\" border=\"0\" src=\"http:\/\/formalprision.com\/wp-content\/uploads\/2014\/10\/la-foto-2.jpg\" height=\"300\" width=\"320\"><\/a><\/div>\n<\/div>\n","protected":false},"excerpt":{"rendered":"<p>En un hecho sin precedente en Yucat\u00e1n, un hombre se habr\u00eda suicidado para donar sus c\u00f3rneas a su hermana, seg\u00fan informaron la Fiscal\u00eda General del Estado y la Polic\u00eda Municipal<\/p>\n","protected":false},"author":1,"featured_media":14516,"comment_status":"open","ping_status":"open","sticky":false,"template":"","format":"standard","meta":{"jetpack_post_was_ever_published":false,"_jetpack_newsletter_access":"","_jetpack_dont_email_post_to_subs":false,"_jetpack_newsletter_tier_id":0,"_jetpack_memberships_contains_paywalled_content":false,"_jetpack_memberships_contains_paid_content":false,"footnotes":"","jetpack_publicize_message":"","jetpack_publicize_feature_enabled":true,"jetpack_social_post_already_shared":false,"jetpack_social_options":{"image_generator_settings":{"template":"highway","default_image_id":0,"font":"","enabled":false},"version":2}},"categories":[7,3,1],"tags":[],"class_list":["post-2204","post","type-post","status-publish","format-standard","has-post-thumbnail","hentry","category-breves","category-portada","category-sin-categoria"],"jetpack_publicize_connections":[],"jetpack_featured_media_url":"https:\/\/formalprision.com\/wp-content\/uploads\/2014\/10\/la-foto-2.jpg","jetpack_sharing_enabled":true,"jetpack_shortlink":"https:\/\/wp.me\/p6id8p-zy","_links":{"self":[{"href":"https:\/\/formalprision.com\/index.php?rest_route=\/wp\/v2\/posts\/2204","targetHints":{"allow":["GET"]}}],"collection":[{"href":"https:\/\/formalprision.com\/index.php?rest_route=\/wp\/v2\/posts"}],"about":[{"href":"https:\/\/formalprision.com\/index.php?rest_route=\/wp\/v2\/types\/post"}],"author":[{"embeddable":true,"href":"https:\/\/formalprision.com\/index.php?rest_route=\/wp\/v2\/users\/1"}],"replies":[{"embeddable":true,"href":"https:\/\/formalprision.com\/index.php?rest_route=%2Fwp%2Fv2%2Fcomments&post=2204"}],"version-history":[{"count":0,"href":"https:\/\/formalprision.com\/index.php?rest_route=\/wp\/v2\/posts\/2204\/revisions"}],"wp:featuredmedia":[{"embeddable":true,"href":"https:\/\/formalprision.com\/index.php?rest_route=\/wp\/v2\/media\/14516"}],"wp:attachment":[{"href":"https:\/\/formalprision.com\/index.php?rest_route=%2Fwp%2Fv2%2Fmedia&parent=2204"}],"wp:term":[{"taxonomy":"category","embeddable":true,"href":"https:\/\/formalprision.com\/index.php?rest_route=%2Fwp%2Fv2%2Fcategories&post=2204"},{"taxonomy":"post_tag","embeddable":true,"href":"https:\/\/formalprision.com\/index.php?rest_route=%2Fwp%2Fv2%2Ftags&post=2204"}],"curies":[{"name":"wp","href":"https:\/\/api.w.org\/{rel}","templated":true}]}}