{"id":2207,"date":"2014-10-05T04:50:00","date_gmt":"2014-10-05T04:50:00","guid":{"rendered":"http:\/\/formalprision.info\/2014\/10\/05\/visita-feria-de-la-mujer-colonia-los\/"},"modified":"2015-06-03T08:34:37","modified_gmt":"2015-06-03T08:34:37","slug":"visita-feria-de-la-mujer-colonia-los","status":"publish","type":"post","link":"https:\/\/formalprision.com\/?p=2207","title":{"rendered":"Visita Feria de la Mujer colonia Los Reyes"},"content":{"rendered":"<div style=\"font-family: Noteworthy; font-size: 20px; font-weight: bold; line-height: 26px; -webkit-tap-highlight-color: rgba(26, 26, 26, 0.296875); -webkit-composition-fill-color: rgba(130, 98, 83, 0.0976563); -webkit-composition-frame-color: rgba(191, 107, 82, 0.496094); \">Familias del oriente de la ciudad de M\u00e9rida participaron en las actividades enfocadas a proporcionar informaci\u00f3n para evitar la violencia hacia la mujer y sus hijos, a trav\u00e9s de la Feria de la Mujer que organiza la Secretar\u00eda de Seguridad P\u00fablica (SSP).<\/div>\n<div style=\"font-family: Noteworthy; font-size: 20px; font-weight: bold; line-height: 26px; -webkit-tap-highlight-color: rgba(26, 26, 26, 0.296875); -webkit-composition-fill-color: rgba(130, 98, 83, 0.0976563); -webkit-composition-frame-color: rgba(191, 107, 82, 0.496094); \">&nbsp;La estrategia, basada en programas de prevenci\u00f3n social del delito con participaci\u00f3n ciudadana, se instal\u00f3 en el parque de la colonia Los Reyes, en donde hubo una gran respuesta a la convocatoria, realizada d\u00edas previos por integrantes del grupo \u00abJ\u00f3venes construyendo una ciudad de paz\u00bb, perteneciente a la dependencia.&nbsp;<\/div>\n<div style=\"font-family: Noteworthy; font-size: 20px; font-weight: bold; line-height: 26px; -webkit-tap-highlight-color: rgba(26, 26, 26, 0.296875); -webkit-composition-fill-color: rgba(130, 98, 83, 0.0976563); -webkit-composition-frame-color: rgba(191, 107, 82, 0.496094); \">Durante la jornada, las personas visitaron cada uno de los m\u00f3dulos de la SSP instalados para proporcionar informaci\u00f3n de la labor que realizan y los servicios que se ofrecen para apoyar a la ciudadan\u00eda, como la Unidad Especializada de las Polic\u00edas para la Prevenci\u00f3n de la Violencia Familiar y de G\u00e9nero (Uniprev) y Vecinal, as\u00ed como del Grupo Escudo.&nbsp;<\/div>\n<div style=\"font-family: Noteworthy; font-size: 20px; font-weight: bold; line-height: 26px; -webkit-tap-highlight-color: rgba(26, 26, 26, 0.296875); -webkit-composition-fill-color: rgba(130, 98, 83, 0.0976563); -webkit-composition-frame-color: rgba(191, 107, 82, 0.496094); \">Adem\u00e1s, se brindaron charlas a los asistentes sobre el tema de la violencia y se les recalc\u00f3 la importancia de que adquieran la costumbre de utilizar los n\u00fameros de emergencia 060 y 066, o marcar el *113 desde su celular.&nbsp;<\/div>\n<div style=\"font-family: Noteworthy; font-size: 20px; font-weight: bold; line-height: 26px; -webkit-tap-highlight-color: rgba(26, 26, 26, 0.296875); -webkit-composition-fill-color: rgba(130, 98, 83, 0.0976563); -webkit-composition-frame-color: rgba(191, 107, 82, 0.496094); \">Las actividades did\u00e1cticas, recreativas, culturales y deportivas estuvieron dirigidas tambi\u00e9n a los ni\u00f1os y j\u00f3venes, llevando un mensaje de prevenci\u00f3n contra ese flagelo que afecta a la sociedad.&nbsp;<\/div>\n<div style=\"font-family: Noteworthy; font-size: 20px; font-weight: bold; line-height: 26px; -webkit-tap-highlight-color: rgba(26, 26, 26, 0.296875); -webkit-composition-fill-color: rgba(130, 98, 83, 0.0976563); -webkit-composition-frame-color: rgba(191, 107, 82, 0.496094); \">En cada una de las Ferias de la Mujer que se han realizado en diversos parques de la ciudad de M\u00e9rida, siempre ha destacado la activa participaci\u00f3n de los colonos, quienes han manifestado la satisfacci\u00f3n por esta labor de acercamiento de la corporaci\u00f3n policiaca.&nbsp;<\/div>\n<div style=\"font-family: Noteworthy; font-size: 20px; font-weight: bold; line-height: 26px; -webkit-tap-highlight-color: rgba(26, 26, 26, 0.296875); -webkit-composition-fill-color: rgba(130, 98, 83, 0.0976563); -webkit-composition-frame-color: rgba(191, 107, 82, 0.496094); \">Como cada semana se cont\u00f3 con la participaci\u00f3n de la Unidad Canina, los bomberos y el mariachi de la SSP. Adem\u00e1s, con el apoyo del Instituto del Deporte de Yucat\u00e1n (IDEY) se organizaron partidos de voleibol y f\u00fatbol.<\/div>\n<div style=\"font-family: Noteworthy; font-size: 20px; font-weight: bold; line-height: 26px; -webkit-tap-highlight-color: rgba(26, 26, 26, 0.296875); -webkit-composition-fill-color: rgba(130, 98, 83, 0.0976563); -webkit-composition-frame-color: rgba(191, 107, 82, 0.496094); \">&nbsp;Estuvieron orientando a los asistentes personal del Instituto para la Equidad de G\u00e9nero en Yucat\u00e1n (IEGY), Sistema para el Desarrollo Integral de la Familia (DIF), Comisi\u00f3n de Derechos Humanos (Codhey), Fiscal\u00eda General del Estado (FGE) y Centro Estatal de Prevenci\u00f3n Social del Delito y Participaci\u00f3n Ciudadana (Cepredey).<\/p>\n<div class=\"separator\" style=\"clear: both;\"><a href=\"https:\/\/lh4.googleusercontent.com\/-bvoF_HtuS6Y\/VDDN-_O4yLI\/AAAAAAAAkbQ\/7INzGAtve7g\/s640\/blogger-image--1978181667.jpg\" imageanchor=\"1\" style=\"margin-left: 1em; margin-right: 1em;\"><img decoding=\"async\" border=\"0\" src=\"https:\/\/lh4.googleusercontent.com\/-bvoF_HtuS6Y\/VDDN-_O4yLI\/AAAAAAAAkbQ\/7INzGAtve7g\/s640\/blogger-image--1978181667.jpg\"><\/a><\/div>\n<\/div>\n","protected":false},"excerpt":{"rendered":"<p>Familias del oriente de la ciudad de M\u00e9rida participaron en las actividades enfocadas a proporcionar informaci\u00f3n para evitar la violencia hacia la mujer y sus hijos, a trav\u00e9s de la<\/p>\n","protected":false},"author":1,"featured_media":14523,"comment_status":"open","ping_status":"open","sticky":false,"template":"","format":"standard","meta":{"jetpack_post_was_ever_published":false,"_jetpack_newsletter_access":"","_jetpack_dont_email_post_to_subs":false,"_jetpack_newsletter_tier_id":0,"_jetpack_memberships_contains_paywalled_content":false,"_jetpack_memberships_contains_paid_content":false,"footnotes":"","jetpack_publicize_message":"","jetpack_publicize_feature_enabled":true,"jetpack_social_post_already_shared":false,"jetpack_social_options":{"image_generator_settings":{"template":"highway","default_image_id":0,"font":"","enabled":false},"version":2}},"categories":[17,1],"tags":[],"class_list":["post-2207","post","type-post","status-publish","format-standard","has-post-thumbnail","hentry","category-politica-y-gobierno","category-sin-categoria"],"jetpack_publicize_connections":[],"jetpack_featured_media_url":"https:\/\/formalprision.com\/wp-content\/uploads\/2014\/10\/blogger-image-1978181667.jpg","jetpack_sharing_enabled":true,"jetpack_shortlink":"https:\/\/wp.me\/p6id8p-zB","_links":{"self":[{"href":"https:\/\/formalprision.com\/index.php?rest_route=\/wp\/v2\/posts\/2207","targetHints":{"allow":["GET"]}}],"collection":[{"href":"https:\/\/formalprision.com\/index.php?rest_route=\/wp\/v2\/posts"}],"about":[{"href":"https:\/\/formalprision.com\/index.php?rest_route=\/wp\/v2\/types\/post"}],"author":[{"embeddable":true,"href":"https:\/\/formalprision.com\/index.php?rest_route=\/wp\/v2\/users\/1"}],"replies":[{"embeddable":true,"href":"https:\/\/formalprision.com\/index.php?rest_route=%2Fwp%2Fv2%2Fcomments&post=2207"}],"version-history":[{"count":0,"href":"https:\/\/formalprision.com\/index.php?rest_route=\/wp\/v2\/posts\/2207\/revisions"}],"wp:featuredmedia":[{"embeddable":true,"href":"https:\/\/formalprision.com\/index.php?rest_route=\/wp\/v2\/media\/14523"}],"wp:attachment":[{"href":"https:\/\/formalprision.com\/index.php?rest_route=%2Fwp%2Fv2%2Fmedia&parent=2207"}],"wp:term":[{"taxonomy":"category","embeddable":true,"href":"https:\/\/formalprision.com\/index.php?rest_route=%2Fwp%2Fv2%2Fcategories&post=2207"},{"taxonomy":"post_tag","embeddable":true,"href":"https:\/\/formalprision.com\/index.php?rest_route=%2Fwp%2Fv2%2Ftags&post=2207"}],"curies":[{"name":"wp","href":"https:\/\/api.w.org\/{rel}","templated":true}]}}