{"id":2209,"date":"2014-10-05T01:35:00","date_gmt":"2014-10-05T01:35:00","guid":{"rendered":"http:\/\/formalprision.info\/2014\/10\/05\/izan-nueva-bandera-en-el-congreso-de\/"},"modified":"2015-06-03T08:34:37","modified_gmt":"2015-06-03T08:34:37","slug":"izan-nueva-bandera-en-el-congreso-de","status":"publish","type":"post","link":"https:\/\/formalprision.com\/?p=2209","title":{"rendered":"Izan nueva bandera en el Congreso del Estado"},"content":{"rendered":"<div style=\"font-family: Noteworthy; font-size: 20px; font-weight: bold; line-height: 26px; -webkit-tap-highlight-color: rgba(26, 26, 26, 0.296875); -webkit-composition-fill-color: rgba(130, 98, 83, 0.0976563); -webkit-composition-frame-color: rgba(191, 107, 82, 0.496094); \">M\u00e9rida, Yucat\u00e1n, 4 de octubre de 2014.- Esta ma\u00f1ana, el Gobernador Rolando Zapata Bello asisti\u00f3 a la ceremonia de incineraci\u00f3n y reposici\u00f3n de la bandera mexicana que ondea en el asta de la sede del Poder Legislativo de la entidad, evento en el cual participaron elementos pertenecientes a la &nbsp;X Regi\u00f3n Militar. &nbsp;&nbsp;<\/div>\n<div style=\"font-family: Noteworthy; font-size: 20px; font-weight: bold; line-height: 26px; -webkit-tap-highlight-color: rgba(26, 26, 26, 0.296875); -webkit-composition-fill-color: rgba(130, 98, 83, 0.0976563); -webkit-composition-frame-color: rgba(191, 107, 82, 0.496094); \">En el marco del acontecimiento, que cont\u00f3 con la asistencia del presidente de la Junta de Gobierno y Coordinaci\u00f3n Pol\u00edtica del Congreso del Estado, Luis Hevia Jim\u00e9nez, el mandatario encabez\u00f3 la develaci\u00f3n de una placa conmemorativa por el Centenario del Ej\u00e9rcito Mexicano en el Aula Magna de este recinto.<\/div>\n<div style=\"font-family: Noteworthy; font-size: 20px; font-weight: bold; line-height: 26px; -webkit-tap-highlight-color: rgba(26, 26, 26, 0.296875); -webkit-composition-fill-color: rgba(130, 98, 83, 0.0976563); -webkit-composition-frame-color: rgba(191, 107, 82, 0.496094); \">Al iniciar el protocolo, el tambi\u00e9n diputado local realiz\u00f3 el arriado de la bandera colocada en el asta y posteriormente, la entreg\u00f3 a los oficiales correspondientes para que fuese doblada y concedida a la escolta militar, que con todos los honores la traslad\u00f3 al \u00e1rea de incineraci\u00f3n.<\/div>\n<div style=\"font-family: Noteworthy; font-size: 20px; font-weight: bold; line-height: 26px; -webkit-tap-highlight-color: rgba(26, 26, 26, 0.296875); -webkit-composition-fill-color: rgba(130, 98, 83, 0.0976563); -webkit-composition-frame-color: rgba(191, 107, 82, 0.496094); \">Tras esta acci\u00f3n presenciada por los comandantes de la X Regi\u00f3n Militar, Sergio Garc\u00eda Arag\u00f3n, y IX Zona Naval, Felipe Solano Armenta, un elemento del Ej\u00e9rcito Mexicano otorg\u00f3 el nuevo l\u00e1baro patrio al legislador, quien la adjudic\u00f3 al abanderado de la escolta para despu\u00e9s realizar la respectiva toma de protesta.&nbsp;<\/div>\n<div style=\"font-family: Noteworthy; font-size: 20px; font-weight: bold; line-height: 26px; -webkit-tap-highlight-color: rgba(26, 26, 26, 0.296875); -webkit-composition-fill-color: rgba(130, 98, 83, 0.0976563); -webkit-composition-frame-color: rgba(191, 107, 82, 0.496094); \">Seguidamente, la bandera fue traslada a un costado del asta del recinto legislativo e izada por Hevia Jim\u00e9nez. Previo a esta ceremonia, el diputado local coment\u00f3 la historia de la misma y asegur\u00f3 que \u00e9sta, adem\u00e1s de recordar con orgullo las ra\u00edces prehisp\u00e1nicas, transmite los valores de soberan\u00eda, independencia y libertad, por los que tantos hombres y mujeres del pa\u00eds han luchado y dado su vida. &nbsp; &nbsp; &nbsp;&nbsp;<\/div>\n<div style=\"font-family: Noteworthy; font-size: 20px; font-weight: bold; line-height: 26px; -webkit-tap-highlight-color: rgba(26, 26, 26, 0.296875); -webkit-composition-fill-color: rgba(130, 98, 83, 0.0976563); -webkit-composition-frame-color: rgba(191, 107, 82, 0.496094); \">\u201cLa nuestra es una bandera que nos transmite y recuerda lo mejor de nosotros. Representa el acuerdo de compartir un pasado com\u00fan, el compromiso de participar activamente en el presente y el deber de seguir construyendo el futuro de una gran naci\u00f3n\u201d, manifest\u00f3.<\/div>\n<div style=\"font-family: Noteworthy; font-size: 20px; font-weight: bold; line-height: 26px; -webkit-tap-highlight-color: rgba(26, 26, 26, 0.296875); -webkit-composition-fill-color: rgba(130, 98, 83, 0.0976563); -webkit-composition-frame-color: rgba(191, 107, 82, 0.496094); \">En el evento estuvieron los presidentes de la Mesa Directiva del Congreso local, Rafael Chan Maga\u00f1a, y del Tribunal Superior de Justicia, Marcos Celis Quintal; adem\u00e1s de la fiscal General del Estado, Celia Mar\u00eda Rivas Rodr\u00edguez, y el representante de la Secretar\u00eda de Seguridad P\u00fablica, Alejandro R\u00edos Covi\u00e1n.<\/div>\n<div style=\"font-family: Noteworthy; font-size: 20px; font-weight: bold; line-height: 26px; -webkit-tap-highlight-color: rgba(26, 26, 26, 0.296875); -webkit-composition-fill-color: rgba(130, 98, 83, 0.0976563); -webkit-composition-frame-color: rgba(191, 107, 82, 0.496094); \">Asimismo, los diputados locales Harry Rodr\u00edguez Botello Fierro, Mauricio Vila Dosal, y Luis Manzanero Villanueva. &nbsp;&nbsp;<\/p>\n<div class=\"separator\" style=\"clear: both;\"><a href=\"https:\/\/lh3.googleusercontent.com\/-C-jO5VTgS1Q\/VDCgckgwYJI\/AAAAAAAAkaw\/iSWWGqq77AU\/s640\/blogger-image-1698128681.jpg\" imageanchor=\"1\" style=\"margin-left: 1em; margin-right: 1em;\"><img decoding=\"async\" border=\"0\" src=\"https:\/\/lh3.googleusercontent.com\/-C-jO5VTgS1Q\/VDCgckgwYJI\/AAAAAAAAkaw\/iSWWGqq77AU\/s640\/blogger-image-1698128681.jpg\"><\/a><\/div>\n<\/div>\n","protected":false},"excerpt":{"rendered":"<p>M\u00e9rida, Yucat\u00e1n, 4 de octubre de 2014.- Esta ma\u00f1ana, el Gobernador Rolando Zapata Bello asisti\u00f3 a la ceremonia de incineraci\u00f3n y reposici\u00f3n de la bandera mexicana que ondea en el<\/p>\n","protected":false},"author":1,"featured_media":14527,"comment_status":"open","ping_status":"open","sticky":false,"template":"","format":"standard","meta":{"jetpack_post_was_ever_published":false,"_jetpack_newsletter_access":"","_jetpack_dont_email_post_to_subs":false,"_jetpack_newsletter_tier_id":0,"_jetpack_memberships_contains_paywalled_content":false,"_jetpack_memberships_contains_paid_content":false,"footnotes":"","jetpack_publicize_message":"","jetpack_publicize_feature_enabled":true,"jetpack_social_post_already_shared":false,"jetpack_social_options":{"image_generator_settings":{"template":"highway","default_image_id":0,"font":"","enabled":false},"version":2}},"categories":[17,1],"tags":[],"class_list":["post-2209","post","type-post","status-publish","format-standard","has-post-thumbnail","hentry","category-politica-y-gobierno","category-sin-categoria"],"jetpack_publicize_connections":[],"jetpack_featured_media_url":"https:\/\/formalprision.com\/wp-content\/uploads\/2014\/10\/blogger-image-1698128681.jpg","jetpack_sharing_enabled":true,"jetpack_shortlink":"https:\/\/wp.me\/p6id8p-zD","_links":{"self":[{"href":"https:\/\/formalprision.com\/index.php?rest_route=\/wp\/v2\/posts\/2209","targetHints":{"allow":["GET"]}}],"collection":[{"href":"https:\/\/formalprision.com\/index.php?rest_route=\/wp\/v2\/posts"}],"about":[{"href":"https:\/\/formalprision.com\/index.php?rest_route=\/wp\/v2\/types\/post"}],"author":[{"embeddable":true,"href":"https:\/\/formalprision.com\/index.php?rest_route=\/wp\/v2\/users\/1"}],"replies":[{"embeddable":true,"href":"https:\/\/formalprision.com\/index.php?rest_route=%2Fwp%2Fv2%2Fcomments&post=2209"}],"version-history":[{"count":0,"href":"https:\/\/formalprision.com\/index.php?rest_route=\/wp\/v2\/posts\/2209\/revisions"}],"wp:featuredmedia":[{"embeddable":true,"href":"https:\/\/formalprision.com\/index.php?rest_route=\/wp\/v2\/media\/14527"}],"wp:attachment":[{"href":"https:\/\/formalprision.com\/index.php?rest_route=%2Fwp%2Fv2%2Fmedia&parent=2209"}],"wp:term":[{"taxonomy":"category","embeddable":true,"href":"https:\/\/formalprision.com\/index.php?rest_route=%2Fwp%2Fv2%2Fcategories&post=2209"},{"taxonomy":"post_tag","embeddable":true,"href":"https:\/\/formalprision.com\/index.php?rest_route=%2Fwp%2Fv2%2Ftags&post=2209"}],"curies":[{"name":"wp","href":"https:\/\/api.w.org\/{rel}","templated":true}]}}