{"id":2213,"date":"2014-10-04T14:30:00","date_gmt":"2014-10-04T14:30:00","guid":{"rendered":"http:\/\/formalprision.info\/2014\/10\/04\/la-muerte-lo-sorprende-en-su-milpa-se\/"},"modified":"2015-06-03T08:34:38","modified_gmt":"2015-06-03T08:34:38","slug":"la-muerte-lo-sorprende-en-su-milpa-se","status":"publish","type":"post","link":"https:\/\/formalprision.com\/?p=2213","title":{"rendered":"La muerte lo agarra en la milpa: Se le cae su escopeta y le perfora el\nabdomen"},"content":{"rendered":"<p>Un lamentable accidente cobr\u00f3 la vida del campesino Ricardo Amalio May Carde\u00f1a, quien sufri\u00f3 un disparo de su propia escopeta cuando estaba trabajando en su milpa, donde se le cay\u00f3 el arma de fuego y el proyectil le perfor\u00f3 el abdomen.<br \/>\nDe acuerdo con el Servicio M\u00e9dico Forense, que report\u00f3 la muerte a la Fiscal\u00eda General de Estado, el hombre de campo ten\u00eda 38 a\u00f1os.<br \/>\nFamiliares del hoy occiso indicaron que Ricardo Amalio estaba trabajando en su milpa cuando se le cay\u00f3 la mencionada escopeta, que se dispar\u00f3 con el golpe.<br \/>\nEl proyectil se dirigi\u00f3 hacia la regi\u00f3n abdominal del campesino y le perfor\u00f3 la v\u00edsceras.<br \/>\nGravemente herido, May Carde\u00f1a fue internado en el hospital O&#8217;Hor\u00e1n, donde falleci\u00f3 a consecuencia de sus lesiones.<br \/>\nDe acuerdo con el Semefo, la causa de la muerte fue falla org\u00e1nica m\u00faltiple consecuente a herida penetrante de v\u00edscera hueca, producida por proyectil de arma de fuego.<\/p>\n<div class=\"separator\" style=\"clear: both; text-align: center;\">\n<a href=\"http:\/\/formalprision.com\/wp-content\/uploads\/2014\/10\/escopeta.jpg\" imageanchor=\"1\" style=\"margin-left: 1em; margin-right: 1em;\"><img loading=\"lazy\" decoding=\"async\" border=\"0\" src=\"http:\/\/formalprision.com\/wp-content\/uploads\/2014\/10\/escopeta.jpg\" height=\"240\" width=\"320\"><\/a><\/div>\n","protected":false},"excerpt":{"rendered":"<p>Un lamentable accidente cobr\u00f3 la vida del campesino Ricardo Amalio May Carde\u00f1a, quien sufri\u00f3 un disparo de su propia escopeta cuando estaba trabajando en su milpa, donde se le cay\u00f3<\/p>\n","protected":false},"author":1,"featured_media":14534,"comment_status":"open","ping_status":"open","sticky":false,"template":"","format":"standard","meta":{"jetpack_post_was_ever_published":false,"_jetpack_newsletter_access":"","_jetpack_dont_email_post_to_subs":false,"_jetpack_newsletter_tier_id":0,"_jetpack_memberships_contains_paywalled_content":false,"_jetpack_memberships_contains_paid_content":false,"footnotes":"","jetpack_publicize_message":"","jetpack_publicize_feature_enabled":true,"jetpack_social_post_already_shared":false,"jetpack_social_options":{"image_generator_settings":{"template":"highway","default_image_id":0,"font":"","enabled":false},"version":2}},"categories":[10,3,1],"tags":[],"class_list":["post-2213","post","type-post","status-publish","format-standard","has-post-thumbnail","hentry","category-lectura-recomendada","category-portada","category-sin-categoria"],"jetpack_publicize_connections":[],"jetpack_featured_media_url":"https:\/\/formalprision.com\/wp-content\/uploads\/2014\/10\/escopeta.jpg","jetpack_sharing_enabled":true,"jetpack_shortlink":"https:\/\/wp.me\/p6id8p-zH","_links":{"self":[{"href":"https:\/\/formalprision.com\/index.php?rest_route=\/wp\/v2\/posts\/2213","targetHints":{"allow":["GET"]}}],"collection":[{"href":"https:\/\/formalprision.com\/index.php?rest_route=\/wp\/v2\/posts"}],"about":[{"href":"https:\/\/formalprision.com\/index.php?rest_route=\/wp\/v2\/types\/post"}],"author":[{"embeddable":true,"href":"https:\/\/formalprision.com\/index.php?rest_route=\/wp\/v2\/users\/1"}],"replies":[{"embeddable":true,"href":"https:\/\/formalprision.com\/index.php?rest_route=%2Fwp%2Fv2%2Fcomments&post=2213"}],"version-history":[{"count":0,"href":"https:\/\/formalprision.com\/index.php?rest_route=\/wp\/v2\/posts\/2213\/revisions"}],"wp:featuredmedia":[{"embeddable":true,"href":"https:\/\/formalprision.com\/index.php?rest_route=\/wp\/v2\/media\/14534"}],"wp:attachment":[{"href":"https:\/\/formalprision.com\/index.php?rest_route=%2Fwp%2Fv2%2Fmedia&parent=2213"}],"wp:term":[{"taxonomy":"category","embeddable":true,"href":"https:\/\/formalprision.com\/index.php?rest_route=%2Fwp%2Fv2%2Fcategories&post=2213"},{"taxonomy":"post_tag","embeddable":true,"href":"https:\/\/formalprision.com\/index.php?rest_route=%2Fwp%2Fv2%2Ftags&post=2213"}],"curies":[{"name":"wp","href":"https:\/\/api.w.org\/{rel}","templated":true}]}}