{"id":2264,"date":"2014-09-27T16:47:00","date_gmt":"2014-09-27T16:47:00","guid":{"rendered":"http:\/\/formalprision.info\/2014\/09\/27\/cimbra-la-iglesia-catolica-caso-de\/"},"modified":"2015-06-03T08:34:48","modified_gmt":"2015-06-03T08:34:48","slug":"cimbra-la-iglesia-catolica-caso-de","status":"publish","type":"post","link":"https:\/\/formalprision.com\/?p=2264","title":{"rendered":"Cimbra a la iglesia cat\u00f3lica caso de sacerdote implicado\nen &#39;desviaciones sexuales&#39;"},"content":{"rendered":"<p>El esc\u00e1ndalo que afecta a un presb\u00edtero de la parroquia Jesucristo Sumo y Eterno Sacerdote, ubicada en el fraccionamiento Francisco de Montejo, ha dividido opiniones entre los feligreses, aunque lo que s\u00ed es un hecho es que ha cimbrado a la Iglesia cat\u00f3lica de Yucat\u00e1n, que nunca se hab\u00eda visto envuelta en un problema sexual de esta dimensi\u00f3n.<br \/>\nPor lo pronto ya se confirm\u00f3 que el padre Luis Alberto Garc\u00eda D\u00e1valos no se encuentra en la parroquia e incluso cancel\u00f3 una misa que iba a oficiar.<br \/>\nComo informamos en nuestra edici\u00f3n de ayer, el Pbro. Luis Arturo Garc\u00eda D\u00e1valos, quien ejerce su ministerio en la citada parroquia, fue acusado por Dennis Vega Su\u00e1rez, quien dijo que lo contact\u00f3 v\u00eda celular a trav\u00e9s de un chat para gays y le dijo que ten\u00eda una regla de oro: \u201cMe gustan los ni\u00f1os, la pornograf\u00eda y el sadomasoquismo\u201d.<br \/>\nTambi\u00e9n le envi\u00f3 fotos desnudo y lo estuvo buscando durante varios d\u00edas para que tuvieran encuentros sexuales.<br \/>\nDennis, quien tiene 20 a\u00f1os, dijo que report\u00f3 estos hechos a las autoridades eclesi\u00e1sticas de Yucat\u00e1n, pero no recibi\u00f3 respuesta.&nbsp;<br \/>\nEn la parroquia se confirm\u00f3 que el misionero del Esp\u00edritu Santo pertenece a la Iglesia de Jesucristo Sumo y Eterno Sacerdote, pero dijeron que sali\u00f3 hace unos d\u00edas y no se sabe cu\u00e1ndo regresar\u00e1.<br \/>\nTodos los viernes el sacerdote implicado en el esc\u00e1ndalo sexual oficia misa a las 8 de la ma\u00f1ana, pero ayer no lo hizo y fue relevado por otro presb\u00edtero.<\/p>\n<p>\u00bfQu\u00e9 opinan los feligreses?<\/p>\n<p>Feligreses de la parroquia lamentaron este esc\u00e1ndalo que est\u00e1 afectando a la iglesia cat\u00f3lica, aunque consideraron que bien pudiera tratarse de alg\u00fan tipo de extorsi\u00f3n contra el padre Garc\u00eda D\u00e1valos.<br \/>\nEn opini\u00f3n de estas personas, tal vez el supuesto denunciante ni siquiera est\u00e1 utilizando su verdero nombre.<br \/>\nTambi\u00e9n consideraron que ahora, con los avances tecnol\u00f3gicos, cualquier foto puede ser \u00abtruqueada\u00bb mediante photoshop. Asimismo, es posible establecer una falsa conversaci\u00f3n v\u00eda chat y aparentar que se trata de tal o cual persona.<br \/>\nSi bien se\u00f1alaron que, como cualquiera humano, los sacerdotes no est\u00e1n libres de caer en pecado, dijeron que en el caso del padre Garc\u00eda D\u00e1valos conf\u00edan en su bondad y en que este esc\u00e1ndalo se resuelve para bien.<br \/>\nOtros feligreses se mostraron m\u00e1s cautos y prefieron no hablar argumentando que desconocen el caso, pero tambi\u00e9n externaron su confianza en el sacerdote implicado.<br \/>\nPor otra parte, aunque fueron los menos, hubo personas que se\u00f1alaron que la Iglesia debe investigar este caso y aplicar las sanciones que correspondan, pues por esc\u00e1ndalos de este es que mucha gente ya no conf\u00eda en el catolicismo.<\/p>\n<p>&#8216;Absurda ley&#8217; del celibato<\/p>\n<p>Hubo quien se atrevi\u00f3 a proponer que ya se elimine la \u00ababsurda ley\u00bb que proh\u00edbe a los sacerdotes tener esposa e hijos, pues el celibato es lo que propicia que muchos religiosos incurran en pedarastia y homosexualidad.<br \/>\nOtros indicaron que las autoridades de la Arquidi\u00f3cesis de Yucat\u00e1n decidieron mejor hacer a un lado al padre D\u00e1valos Garc\u00eda para verse implicadas lo menos posible en el esc\u00e1ndalo.<br \/>\nSe supo que el caso s\u00ed ha cimbrado a lo m\u00e1s alto de la curia yucateca, que nunca se hab\u00eda visto involucrada en un esc\u00e1ndalo de estas dimensiones.<br \/>\nAntes de llegar a M\u00e9rida Garc\u00eda D\u00e1valos estuvo asignado en la Capilla San Jos\u00e9 el Altillo en la colonia Santa Catarina de Coyoac\u00e1n, en el Distrito Federal.<\/p>\n<div class=\"separator\" style=\"clear: both; text-align: center;\">\n<a href=\"http:\/\/formalprision.com\/wp-content\/uploads\/2014\/09\/cristo_sumo_y_eterno_sacerdote_110898-1024x754.jpg\" imageanchor=\"1\" style=\"margin-left: 1em; margin-right: 1em;\"><img loading=\"lazy\" decoding=\"async\" border=\"0\" src=\"http:\/\/formalprision.com\/wp-content\/uploads\/2014\/09\/cristo_sumo_y_eterno_sacerdote_110898-1024x754.jpg\" height=\"235\" width=\"320\"><\/a><\/div>\n","protected":false},"excerpt":{"rendered":"<p>El esc\u00e1ndalo que afecta a un presb\u00edtero de la parroquia Jesucristo Sumo y Eterno Sacerdote, ubicada en el fraccionamiento Francisco de Montejo, ha dividido opiniones entre los feligreses, aunque lo<\/p>\n","protected":false},"author":1,"featured_media":14639,"comment_status":"open","ping_status":"open","sticky":false,"template":"","format":"standard","meta":{"jetpack_post_was_ever_published":false,"_jetpack_newsletter_access":"","_jetpack_dont_email_post_to_subs":false,"_jetpack_newsletter_tier_id":0,"_jetpack_memberships_contains_paywalled_content":false,"_jetpack_memberships_contains_paid_content":false,"footnotes":"","jetpack_publicize_message":"","jetpack_publicize_feature_enabled":true,"jetpack_social_post_already_shared":false,"jetpack_social_options":{"image_generator_settings":{"template":"highway","default_image_id":0,"font":"","enabled":false},"version":2}},"categories":[10,3,1],"tags":[],"class_list":["post-2264","post","type-post","status-publish","format-standard","has-post-thumbnail","hentry","category-lectura-recomendada","category-portada","category-sin-categoria"],"jetpack_publicize_connections":[],"jetpack_featured_media_url":"https:\/\/formalprision.com\/wp-content\/uploads\/2014\/09\/cristo_sumo_y_eterno_sacerdote_110898.jpg","jetpack_sharing_enabled":true,"jetpack_shortlink":"https:\/\/wp.me\/p6id8p-Aw","_links":{"self":[{"href":"https:\/\/formalprision.com\/index.php?rest_route=\/wp\/v2\/posts\/2264","targetHints":{"allow":["GET"]}}],"collection":[{"href":"https:\/\/formalprision.com\/index.php?rest_route=\/wp\/v2\/posts"}],"about":[{"href":"https:\/\/formalprision.com\/index.php?rest_route=\/wp\/v2\/types\/post"}],"author":[{"embeddable":true,"href":"https:\/\/formalprision.com\/index.php?rest_route=\/wp\/v2\/users\/1"}],"replies":[{"embeddable":true,"href":"https:\/\/formalprision.com\/index.php?rest_route=%2Fwp%2Fv2%2Fcomments&post=2264"}],"version-history":[{"count":0,"href":"https:\/\/formalprision.com\/index.php?rest_route=\/wp\/v2\/posts\/2264\/revisions"}],"wp:featuredmedia":[{"embeddable":true,"href":"https:\/\/formalprision.com\/index.php?rest_route=\/wp\/v2\/media\/14639"}],"wp:attachment":[{"href":"https:\/\/formalprision.com\/index.php?rest_route=%2Fwp%2Fv2%2Fmedia&parent=2264"}],"wp:term":[{"taxonomy":"category","embeddable":true,"href":"https:\/\/formalprision.com\/index.php?rest_route=%2Fwp%2Fv2%2Fcategories&post=2264"},{"taxonomy":"post_tag","embeddable":true,"href":"https:\/\/formalprision.com\/index.php?rest_route=%2Fwp%2Fv2%2Ftags&post=2264"}],"curies":[{"name":"wp","href":"https:\/\/api.w.org\/{rel}","templated":true}]}}