{"id":2277,"date":"2014-09-26T15:37:00","date_gmt":"2014-09-26T15:37:00","guid":{"rendered":"http:\/\/formalprision.info\/2014\/09\/26\/noche-de-talento-yucateco-conquista-a\/"},"modified":"2015-06-03T08:34:50","modified_gmt":"2015-06-03T08:34:50","slug":"noche-de-talento-yucateco-conquista-a","status":"publish","type":"post","link":"https:\/\/formalprision.com\/?p=2277","title":{"rendered":"Noche de talento yucateco conquista al p\u00fablico tamaulipeco"},"content":{"rendered":"<div style=\"font-family: Noteworthy; font-size: 20px; font-weight: bold; line-height: 26px; -webkit-tap-highlight-color: rgba(26, 26, 26, 0.296875); -webkit-composition-fill-color: rgba(130, 98, 83, 0.0976563); -webkit-composition-frame-color: rgba(191, 107, 82, 0.496094); \">Ciudad Victoria, Tamaulipas, 26 de septiembre de 2014.- El sonido de los timbales e instrumentos de cuerda y viento de la Orquesta T\u00edpica Yukalpet\u00e9n (OTY) se dej\u00f3 escuchar en total sincron\u00eda con el comp\u00e1s de jarana del Ballet Folcl\u00f3rico del Estado en la apertura del Festival Internacional de Tamaulipas (FIT) 2014, en una velada que se volvi\u00f3 completamente yucateca.<\/div>\n<div style=\"font-family: Noteworthy; font-size: 20px; font-weight: bold; line-height: 26px; -webkit-tap-highlight-color: rgba(26, 26, 26, 0.296875); -webkit-composition-fill-color: rgba(130, 98, 83, 0.0976563); -webkit-composition-frame-color: rgba(191, 107, 82, 0.496094); \">El Gobernador de la entidad, Rolando Zapata Bello y su hom\u00f3logo tamaulipeco, Egidio Torre Cant\u00fa, acompa\u00f1ados del embajador de la Rep\u00fablica Oriental del Uruguay, Jorge Alberto Delgado Fern\u00e1ndez, inauguraron la noche del jueves la edici\u00f3n n\u00famero 16 de esta magna fiesta, en la Plaza Ju\u00e1rez del Centro Hist\u00f3rico de esta capital.<\/div>\n<div style=\"font-family: Noteworthy; font-size: 20px; font-weight: bold; line-height: 26px; -webkit-tap-highlight-color: rgba(26, 26, 26, 0.296875); -webkit-composition-fill-color: rgba(130, 98, 83, 0.0976563); -webkit-composition-frame-color: rgba(191, 107, 82, 0.496094); \">Los ternos multicolores y las albas guayaberas engalanaron la velada, que se vio matizada con el baile y lo mejor del repertorio de la m\u00fasica originaria del estado, en donde el romanticismo y la tradici\u00f3n se manifestaron a trav\u00e9s de las letras de destacados compositores, que lograron que los poco m\u00e1s de cinco mil asistentes reconocieran la calidad art\u00edstica del talento del Mayab.<\/div>\n<div style=\"font-family: Noteworthy; font-size: 20px; font-weight: bold; line-height: 26px; -webkit-tap-highlight-color: rgba(26, 26, 26, 0.296875); -webkit-composition-fill-color: rgba(130, 98, 83, 0.0976563); -webkit-composition-frame-color: rgba(191, 107, 82, 0.496094); \">La Plaza Ju\u00e1rez, ubicada frente el Palacio de Gobierno de esa entidad, se llen\u00f3 desde temprana hora con el sabor, color y olor de Yucat\u00e1n con una muestra gastron\u00f3mica que ofreci\u00f3 lo mejor de nuestra comida, desde los famosos panuchos, salbutes, tamales, cochinita pibil, papadzules y la sopa de lima, hasta el tradicional relleno negro, queso relleno y los codzitos.<\/div>\n<div style=\"font-family: Noteworthy; font-size: 20px; font-weight: bold; line-height: 26px; -webkit-tap-highlight-color: rgba(26, 26, 26, 0.296875); -webkit-composition-fill-color: rgba(130, 98, 83, 0.0976563); -webkit-composition-frame-color: rgba(191, 107, 82, 0.496094); \">Bajo el nombre \u201cFiesta en Yucat\u00e1n\u201d, la OTY, acompa\u00f1ada de sus solistas Jes\u00fas Armando, Emma Alcocer y Maricarmen P\u00e9rez, y el Ballet Folcl\u00f3rico del Estado se encargaron de levantar el tel\u00f3n de este importante Festival, una responsabilidad que no soslayaron y respondieron con creces, al grado que el p\u00fablico se les entreg\u00f3 por completo.<\/div>\n<div style=\"font-family: Noteworthy; font-size: 20px; font-weight: bold; line-height: 26px; -webkit-tap-highlight-color: rgba(26, 26, 26, 0.296875); -webkit-composition-fill-color: rgba(130, 98, 83, 0.0976563); -webkit-composition-frame-color: rgba(191, 107, 82, 0.496094); \">La Orquesta comenz\u00f3 la velada con la suite \u00abArmando Manzanero\u00bb, cuyo arreglo es del maestro Pedro Carlos Herrera, para continuar con la pieza \u201cNunca\u201d de Ricardo L\u00f3pez M\u00e9ndez y Guty C\u00e1rdenas, las cuales fueron nada m\u00e1s el principio de una magn\u00edfica presentaci\u00f3n de una de las agrupaciones art\u00edsticas m\u00e1s importantes de la entidad.<\/div>\n<div style=\"font-family: Noteworthy; font-size: 20px; font-weight: bold; line-height: 26px; -webkit-tap-highlight-color: rgba(26, 26, 26, 0.296875); -webkit-composition-fill-color: rgba(130, 98, 83, 0.0976563); -webkit-composition-frame-color: rgba(191, 107, 82, 0.496094); \">El escenario se llen\u00f3 de color con la aparici\u00f3n de los integrantes del Ballet Folcl\u00f3rico del Estado, quienes con ritmo y movimiento zapatearon al son de \u201cLa mestiza\u201d, mientras que Maricarmen P\u00e9rez se encargaba de interpretar la melod\u00eda. &nbsp;La alegr\u00eda contin\u00fao con \u201cLa jarana de Yucat\u00e1n\u201d en la voz de Emma Alcocer.<\/div>\n<div style=\"font-family: Noteworthy; font-size: 20px; font-weight: bold; line-height: 26px; -webkit-tap-highlight-color: rgba(26, 26, 26, 0.296875); -webkit-composition-fill-color: rgba(130, 98, 83, 0.0976563); -webkit-composition-frame-color: rgba(191, 107, 82, 0.496094); \">El romanticismo de la trova no pod\u00eda faltar en una noche totalmente despejada en la capital tamaulipeca y lleg\u00f3 con la canci\u00f3n \u201cUn tipo como yo\u201d, de Sergio Esquivel, que Jes\u00fas Armando enton\u00f3 magistralmente. En seguida le siguieron piezas como \u201cFiesta en Cisteil\u201d y \u201cContigo aprend\u00ed\u201d de Armando Manzanero. &nbsp; &nbsp;<\/div>\n<div style=\"font-family: Noteworthy; font-size: 20px; font-weight: bold; line-height: 26px; -webkit-tap-highlight-color: rgba(26, 26, 26, 0.296875); -webkit-composition-fill-color: rgba(130, 98, 83, 0.0976563); -webkit-composition-frame-color: rgba(191, 107, 82, 0.496094); \">\u201cMi yucateca\u201d, de la autor\u00eda Armando Gonz\u00e1lez Dom\u00ednguez, contagi\u00f3 de ritmo a los asistentes y cosech\u00f3 fuertes aplausos del respetable tras ver a los bailarines realizar la suerte de los almudes, mientras sosten\u00edan con la cabeza una charola con vasos y botellas llenas.&nbsp;<\/div>\n<div style=\"font-family: Noteworthy; font-size: 20px; font-weight: bold; line-height: 26px; -webkit-tap-highlight-color: rgba(26, 26, 26, 0.296875); -webkit-composition-fill-color: rgba(130, 98, 83, 0.0976563); -webkit-composition-frame-color: rgba(191, 107, 82, 0.496094); \">El p\u00fablico totalmente encendido disfrutaba de la presentaci\u00f3n, cuando en el sonido se empezaron a escuchar los acordes de la melod\u00eda \u201cMi ciudad\u201d del compositor yucateco Guadalupe Trigo, canto que se ha convertido en emblema de la mexicanidad.<\/div>\n<div style=\"font-family: Noteworthy; font-size: 20px; font-weight: bold; line-height: 26px; -webkit-tap-highlight-color: rgba(26, 26, 26, 0.296875); -webkit-composition-fill-color: rgba(130, 98, 83, 0.0976563); -webkit-composition-frame-color: rgba(191, 107, 82, 0.496094); \">El momento emotivo de la noche lleg\u00f3 luego de la interpretaci\u00f3n de las canciones \u201cPeregrina\u201d, de Luis Rosado Vega y Pepe Dom\u00ednguez, que se llev\u00f3 una fuerte ovaci\u00f3n y \u201cAires del Mayab\u201d, que puso tentativo punto final a la fiesta de apertura.<\/div>\n<div style=\"font-family: Noteworthy; font-size: 20px; font-weight: bold; line-height: 26px; -webkit-tap-highlight-color: rgba(26, 26, 26, 0.296875); -webkit-composition-fill-color: rgba(130, 98, 83, 0.0976563); -webkit-composition-frame-color: rgba(191, 107, 82, 0.496094); \">De inmediato, los poco m\u00e1s de cinco mil espectadores se pusieron de pie y al un\u00edsono gritaron \u201cotra, otra, otra, otra\u201d, petici\u00f3n que la OTY no desair\u00f3 y para reconocer la entrega del p\u00fablico enton\u00f3 el huapango \u201cEl mil amores\u201d, una pieza tradicional de esta tierra, original de Cuco S\u00e1nchez y popularizada por Pedro Infante.<\/div>\n<div style=\"font-family: Noteworthy; font-size: 20px; font-weight: bold; line-height: 26px; -webkit-tap-highlight-color: rgba(26, 26, 26, 0.296875); -webkit-composition-fill-color: rgba(130, 98, 83, 0.0976563); -webkit-composition-frame-color: rgba(191, 107, 82, 0.496094); \">Tras sonar el \u00faltimo acorde, la ovaci\u00f3n fue total para los m\u00fasicos, bailarines y cantantes yucatecos, quienes a base de entrega y sobrado talento pusieron en marcha las actividades de esta magna fiesta de las artes y la cultura. &nbsp; &nbsp;<\/p>\n<div class=\"separator\" style=\"clear: both;\"><a href=\"https:\/\/lh3.googleusercontent.com\/-b-CuclyPodQ\/VCWINEvd9hI\/AAAAAAAAkUg\/azNCPKmHy-8\/s640\/blogger-image--9211319.jpg\" imageanchor=\"1\" style=\"margin-left: 1em; margin-right: 1em;\"><img decoding=\"async\" border=\"0\" src=\"https:\/\/lh3.googleusercontent.com\/-b-CuclyPodQ\/VCWINEvd9hI\/AAAAAAAAkUg\/azNCPKmHy-8\/s640\/blogger-image--9211319.jpg\"><\/a><\/div>\n<\/div>\n<div style=\"font-family: Noteworthy; font-size: 20px; font-weight: bold; line-height: 26px; -webkit-tap-highlight-color: rgba(26, 26, 26, 0.296875); -webkit-composition-fill-color: rgba(130, 98, 83, 0.0976563); -webkit-composition-frame-color: rgba(191, 107, 82, 0.496094); \"><\/div>\n","protected":false},"excerpt":{"rendered":"<p>Ciudad Victoria, Tamaulipas, 26 de septiembre de 2014.- El sonido de los timbales e instrumentos de cuerda y viento de la Orquesta T\u00edpica Yukalpet\u00e9n (OTY) se dej\u00f3 escuchar en total<\/p>\n","protected":false},"author":1,"featured_media":14666,"comment_status":"open","ping_status":"open","sticky":false,"template":"","format":"standard","meta":{"jetpack_post_was_ever_published":false,"_jetpack_newsletter_access":"","_jetpack_dont_email_post_to_subs":false,"_jetpack_newsletter_tier_id":0,"_jetpack_memberships_contains_paywalled_content":false,"_jetpack_memberships_contains_paid_content":false,"footnotes":"","jetpack_publicize_message":"","jetpack_publicize_feature_enabled":true,"jetpack_social_post_already_shared":false,"jetpack_social_options":{"image_generator_settings":{"template":"highway","default_image_id":0,"font":"","enabled":false},"version":2}},"categories":[17,1],"tags":[],"class_list":["post-2277","post","type-post","status-publish","format-standard","has-post-thumbnail","hentry","category-politica-y-gobierno","category-sin-categoria"],"jetpack_publicize_connections":[],"jetpack_featured_media_url":"https:\/\/formalprision.com\/wp-content\/uploads\/2014\/09\/blogger-image-9211319.jpg","jetpack_sharing_enabled":true,"jetpack_shortlink":"https:\/\/wp.me\/p6id8p-AJ","_links":{"self":[{"href":"https:\/\/formalprision.com\/index.php?rest_route=\/wp\/v2\/posts\/2277","targetHints":{"allow":["GET"]}}],"collection":[{"href":"https:\/\/formalprision.com\/index.php?rest_route=\/wp\/v2\/posts"}],"about":[{"href":"https:\/\/formalprision.com\/index.php?rest_route=\/wp\/v2\/types\/post"}],"author":[{"embeddable":true,"href":"https:\/\/formalprision.com\/index.php?rest_route=\/wp\/v2\/users\/1"}],"replies":[{"embeddable":true,"href":"https:\/\/formalprision.com\/index.php?rest_route=%2Fwp%2Fv2%2Fcomments&post=2277"}],"version-history":[{"count":0,"href":"https:\/\/formalprision.com\/index.php?rest_route=\/wp\/v2\/posts\/2277\/revisions"}],"wp:featuredmedia":[{"embeddable":true,"href":"https:\/\/formalprision.com\/index.php?rest_route=\/wp\/v2\/media\/14666"}],"wp:attachment":[{"href":"https:\/\/formalprision.com\/index.php?rest_route=%2Fwp%2Fv2%2Fmedia&parent=2277"}],"wp:term":[{"taxonomy":"category","embeddable":true,"href":"https:\/\/formalprision.com\/index.php?rest_route=%2Fwp%2Fv2%2Fcategories&post=2277"},{"taxonomy":"post_tag","embeddable":true,"href":"https:\/\/formalprision.com\/index.php?rest_route=%2Fwp%2Fv2%2Ftags&post=2277"}],"curies":[{"name":"wp","href":"https:\/\/api.w.org\/{rel}","templated":true}]}}