{"id":2278,"date":"2014-09-26T15:34:00","date_gmt":"2014-09-26T15:34:00","guid":{"rendered":"http:\/\/formalprision.info\/2014\/09\/26\/yucatan-inicia-su-participacion-como\/"},"modified":"2015-06-03T08:34:50","modified_gmt":"2015-06-03T08:34:50","slug":"yucatan-inicia-su-participacion-como","status":"publish","type":"post","link":"https:\/\/formalprision.com\/?p=2278","title":{"rendered":"Yucat\u00e1n inicia su participaci\u00f3n como estado invitado en el Festival\nInternacional de Tamaulipas."},"content":{"rendered":"<div style=\"font-family: Noteworthy; font-size: 20px; font-weight: bold; line-height: 26px; -webkit-tap-highlight-color: rgba(26, 26, 26, 0.296875); -webkit-composition-fill-color: rgba(130, 98, 83, 0.0976563); -webkit-composition-frame-color: rgba(191, 107, 82, 0.496094); \">Ciudad Victoria, Tamaulipas, 26 de septiembre de 2014.- Durante la inauguraci\u00f3n del Festival Internacional Tamaulipas (FIT) 2014, el Gobernador Rolando Zapata Bello afirm\u00f3 que el arte, las expresiones art\u00edsticas y las manifestaciones culturales son elementos indispensables que propician el encuentro de los pueblos y favorecen al di\u00e1logo social.<\/div>\n<div style=\"font-family: Noteworthy; font-size: 20px; font-weight: bold; line-height: 26px; -webkit-tap-highlight-color: rgba(26, 26, 26, 0.296875); -webkit-composition-fill-color: rgba(130, 98, 83, 0.0976563); -webkit-composition-frame-color: rgba(191, 107, 82, 0.496094); \">En presencia de su hom\u00f3logo de dicha entidad, Egidio Torre Cant\u00fa y el embajador de la Rep\u00fablica Oriental del Uruguay, Jorge Alberto Delgado Fern\u00e1ndez, el mandatario yucateco sostuvo que estos elementos unen y contribuyen a cerrar brechas, pero tambi\u00e9n permiten apreciar las vocaciones productivas y el desarrollo de las diferentes sociedades.<\/div>\n<div style=\"font-family: Noteworthy; font-size: 20px; font-weight: bold; line-height: 26px; -webkit-tap-highlight-color: rgba(26, 26, 26, 0.296875); -webkit-composition-fill-color: rgba(130, 98, 83, 0.0976563); -webkit-composition-frame-color: rgba(191, 107, 82, 0.496094); \">\u201cEn ese sentido, el lema de este Festival \u2018La cultura nos une\u2019 actualmente, en este tiempo y en este lugar, adquiere mayor vigencia y pertinencia que nunca. Hoy la cultura nos une a\u00fan m\u00e1s al norte y al sur de nuestra Rep\u00fablica mexicana\u201d, asever\u00f3 durante su discurso en la Plaza Ju\u00e1rez de esta ciudad.<\/div>\n<div style=\"font-family: Noteworthy; font-size: 20px; font-weight: bold; line-height: 26px; -webkit-tap-highlight-color: rgba(26, 26, 26, 0.296875); -webkit-composition-fill-color: rgba(130, 98, 83, 0.0976563); -webkit-composition-frame-color: rgba(191, 107, 82, 0.496094); \">Acompa\u00f1ado por las presidenta del Sistema para el Desarrollo Integral de la Familia (DIF), Sarita Blancarte de Zapata, y el titular de la Secretar\u00eda de la Cultura y las Artes (Sedeculta), Roger Metri Duarte, el titular del Poder Ejecutivo se\u00f1al\u00f3 que Yucat\u00e1n y Tamaulipas, aunque est\u00e9n separados por cientos de kil\u00f3metros, son estados aliados y hermanados por una misma convicci\u00f3n: consolidar un M\u00e9xico en paz y armon\u00eda.<\/div>\n<div style=\"font-family: Noteworthy; font-size: 20px; font-weight: bold; line-height: 26px; -webkit-tap-highlight-color: rgba(26, 26, 26, 0.296875); -webkit-composition-fill-color: rgba(130, 98, 83, 0.0976563); -webkit-composition-frame-color: rgba(191, 107, 82, 0.496094); \">Asimismo, Zapata Bello llam\u00f3 a continuar fortaleciendo los lazos de di\u00e1logo social y encuentro, por lo que invit\u00f3 a los tamaulipecos a acudir a nuestra entidad para participar del Festival Internacional de la Cultura Maya 2014 (FICMaya), cuya tercera edici\u00f3n dedicada al tema de la arquitectura se llevar\u00e1 a cabo del 17 al 26 de octubre pr\u00f3ximos.<\/div>\n<div style=\"font-family: Noteworthy; font-size: 20px; font-weight: bold; line-height: 26px; -webkit-tap-highlight-color: rgba(26, 26, 26, 0.296875); -webkit-composition-fill-color: rgba(130, 98, 83, 0.0976563); -webkit-composition-frame-color: rgba(191, 107, 82, 0.496094); \">Con un espect\u00e1culo art\u00edstico y musical a cargo de la Orquesta T\u00edpica Yukalpet\u00e9n y el Ballet Folcl\u00f3rico, Yucat\u00e1n inici\u00f3 su participaci\u00f3n como primer estado invitado al FIT 2014, en donde tambi\u00e9n interviene como pa\u00eds invitado Uruguay. En esta edici\u00f3n participan m\u00e1s de mil 500 artistas en poco m\u00e1s de medio centenar de eventos organizados en 43 municipios de esta entidad.<\/div>\n<div style=\"font-family: Noteworthy; font-size: 20px; font-weight: bold; line-height: 26px; -webkit-tap-highlight-color: rgba(26, 26, 26, 0.296875); -webkit-composition-fill-color: rgba(130, 98, 83, 0.0976563); -webkit-composition-frame-color: rgba(191, 107, 82, 0.496094); \">La delegaci\u00f3n yucateca la completan, adem\u00e1s de las dos agrupaciones antes mencionadas, &nbsp;el cantautor Armando Manzanero y la int\u00e9rprete Mar\u00eda Medina. Tambi\u00e9n, Los Juglares, Maricarmen P\u00e9rez y Jes\u00fas Armando.<\/div>\n<div style=\"font-family: Noteworthy; font-size: 20px; font-weight: bold; line-height: 26px; -webkit-tap-highlight-color: rgba(26, 26, 26, 0.296875); -webkit-composition-fill-color: rgba(130, 98, 83, 0.0976563); -webkit-composition-frame-color: rgba(191, 107, 82, 0.496094); \">El teatro regional est\u00e1 incluido dentro de la oferta art\u00edstica del estado en este Festival, ya que producciones como \u201cPiedra de lluvia\u201d y \u201cMestiza power\u201d de la dramaturga Conchi Le\u00f3n, y \u201cDon Quijote y sus historias andantes\u201d, con la actriz Silvia K\u00e1ter, compartir\u00e1n experiencias con creadores esc\u00e9nicos tamaulipecos.<\/div>\n<div style=\"font-family: Noteworthy; font-size: 20px; font-weight: bold; line-height: 26px; -webkit-tap-highlight-color: rgba(26, 26, 26, 0.296875); -webkit-composition-fill-color: rgba(130, 98, 83, 0.0976563); -webkit-composition-frame-color: rgba(191, 107, 82, 0.496094); \">Tambi\u00e9n estar\u00e1 presente, con la exposici\u00f3n \u201cImplicados\u201d, la delegaci\u00f3n local de la Sociedad Mexicana de Autores de las Artes Pl\u00e1sticas (Somaap), que contempla 19 obras de yucatecos.<\/div>\n<div style=\"font-family: Noteworthy; font-size: 20px; font-weight: bold; line-height: 26px; -webkit-tap-highlight-color: rgba(26, 26, 26, 0.296875); -webkit-composition-fill-color: rgba(130, 98, 83, 0.0976563); -webkit-composition-frame-color: rgba(191, 107, 82, 0.496094); \">En su turno, el mandatario tamaulipeco, quien estuvo acompa\u00f1ado por la presidenta del DIF de su entidad, Mar\u00eda del Pilar Gonz\u00e1lez de Torre, y la directora del Instituto de Cultura, Libertad Garc\u00eda Cabrales, destac\u00f3 que \u00e9sta es una fecha memorable, pues se celebra la unidad, la alegr\u00eda y el encuentro armonioso entre tres pueblos hermanos a trav\u00e9s de estas manifestaciones universales.<\/div>\n<div style=\"font-family: Noteworthy; font-size: 20px; font-weight: bold; line-height: 26px; -webkit-tap-highlight-color: rgba(26, 26, 26, 0.296875); -webkit-composition-fill-color: rgba(130, 98, 83, 0.0976563); -webkit-composition-frame-color: rgba(191, 107, 82, 0.496094); \">Por su parte, el embajador de la Rep\u00fablica Oriental de Uruguay expuso que en Am\u00e9rica la cultura nos une, pero tambi\u00e9n lo hacen los grandes desaf\u00edos del continente para mejorar la calidad de vida de nuestros compatriotas.<\/div>\n<div style=\"font-family: Noteworthy; font-size: 20px; font-weight: bold; line-height: 26px; -webkit-tap-highlight-color: rgba(26, 26, 26, 0.296875); -webkit-composition-fill-color: rgba(130, 98, 83, 0.0976563); -webkit-composition-frame-color: rgba(191, 107, 82, 0.496094); \">\u201cHoy disfrutemos en paz y juntos el colorido de nuestros cantos y bailes. En esta fiesta tamaulipeca-uruguaya-yucateca no habr\u00e1n pasaportes y visas que nos separen, nuestros corazones ser\u00e1n nuestro \u00fanico sello de amistad para siempre\u00bb, expres\u00f3<\/div>\n<div style=\"font-family: Noteworthy; font-size: 20px; font-weight: bold; line-height: 26px; -webkit-tap-highlight-color: rgba(26, 26, 26, 0.296875); -webkit-composition-fill-color: rgba(130, 98, 83, 0.0976563); -webkit-composition-frame-color: rgba(191, 107, 82, 0.496094); \">Tras la ceremonia protocolaria y el concierto inaugural, ambos mandatarios y sus esposas, as\u00ed como el diplom\u00e1tico uruguayo, se trasladaron al teatro \u00abAmalia G. de Castillo Led\u00f3n\u00bb, en donde la artista Bianca Marroqu\u00edn present\u00f3 el recital \u201cMis tesoros\u201d, con un lleno completo en el recinto.<\/p>\n<div class=\"separator\" style=\"clear: both;\"><a href=\"https:\/\/lh6.googleusercontent.com\/-2tZwMp2Nz0Q\/VCWHafnXcjI\/AAAAAAAAkUY\/JIEeaPwsOUY\/s640\/blogger-image-1519610927.jpg\" imageanchor=\"1\" style=\"margin-left: 1em; margin-right: 1em;\"><img decoding=\"async\" border=\"0\" src=\"https:\/\/lh6.googleusercontent.com\/-2tZwMp2Nz0Q\/VCWHafnXcjI\/AAAAAAAAkUY\/JIEeaPwsOUY\/s640\/blogger-image-1519610927.jpg\"><\/a><\/div>\n<\/div>\n","protected":false},"excerpt":{"rendered":"<p>Ciudad Victoria, Tamaulipas, 26 de septiembre de 2014.- Durante la inauguraci\u00f3n del Festival Internacional Tamaulipas (FIT) 2014, el Gobernador Rolando Zapata Bello afirm\u00f3 que el arte, las expresiones art\u00edsticas y<\/p>\n","protected":false},"author":1,"featured_media":14668,"comment_status":"open","ping_status":"open","sticky":false,"template":"","format":"standard","meta":{"jetpack_post_was_ever_published":false,"_jetpack_newsletter_access":"","_jetpack_dont_email_post_to_subs":false,"_jetpack_newsletter_tier_id":0,"_jetpack_memberships_contains_paywalled_content":false,"_jetpack_memberships_contains_paid_content":false,"footnotes":"","jetpack_publicize_message":"","jetpack_publicize_feature_enabled":true,"jetpack_social_post_already_shared":false,"jetpack_social_options":{"image_generator_settings":{"template":"highway","default_image_id":0,"font":"","enabled":false},"version":2}},"categories":[17,1],"tags":[],"class_list":["post-2278","post","type-post","status-publish","format-standard","has-post-thumbnail","hentry","category-politica-y-gobierno","category-sin-categoria"],"jetpack_publicize_connections":[],"jetpack_featured_media_url":"https:\/\/formalprision.com\/wp-content\/uploads\/2014\/09\/blogger-image-1519610927.jpg","jetpack_sharing_enabled":true,"jetpack_shortlink":"https:\/\/wp.me\/p6id8p-AK","_links":{"self":[{"href":"https:\/\/formalprision.com\/index.php?rest_route=\/wp\/v2\/posts\/2278","targetHints":{"allow":["GET"]}}],"collection":[{"href":"https:\/\/formalprision.com\/index.php?rest_route=\/wp\/v2\/posts"}],"about":[{"href":"https:\/\/formalprision.com\/index.php?rest_route=\/wp\/v2\/types\/post"}],"author":[{"embeddable":true,"href":"https:\/\/formalprision.com\/index.php?rest_route=\/wp\/v2\/users\/1"}],"replies":[{"embeddable":true,"href":"https:\/\/formalprision.com\/index.php?rest_route=%2Fwp%2Fv2%2Fcomments&post=2278"}],"version-history":[{"count":0,"href":"https:\/\/formalprision.com\/index.php?rest_route=\/wp\/v2\/posts\/2278\/revisions"}],"wp:featuredmedia":[{"embeddable":true,"href":"https:\/\/formalprision.com\/index.php?rest_route=\/wp\/v2\/media\/14668"}],"wp:attachment":[{"href":"https:\/\/formalprision.com\/index.php?rest_route=%2Fwp%2Fv2%2Fmedia&parent=2278"}],"wp:term":[{"taxonomy":"category","embeddable":true,"href":"https:\/\/formalprision.com\/index.php?rest_route=%2Fwp%2Fv2%2Fcategories&post=2278"},{"taxonomy":"post_tag","embeddable":true,"href":"https:\/\/formalprision.com\/index.php?rest_route=%2Fwp%2Fv2%2Ftags&post=2278"}],"curies":[{"name":"wp","href":"https:\/\/api.w.org\/{rel}","templated":true}]}}