{"id":2285,"date":"2014-09-25T23:58:00","date_gmt":"2014-09-25T23:58:00","guid":{"rendered":"http:\/\/formalprision.info\/2014\/09\/25\/crece-cobertura-de-vigilancia-con\/"},"modified":"2015-06-03T08:34:52","modified_gmt":"2015-06-03T08:34:52","slug":"crece-cobertura-de-vigilancia-con","status":"publish","type":"post","link":"https:\/\/formalprision.com\/?p=2285","title":{"rendered":"Crece cobertura de vigilancia con incremento de elementos de la SSP."},"content":{"rendered":"<div style=\"font-family: Noteworthy; font-size: 20px; font-weight: bold; line-height: 26px; -webkit-tap-highlight-color: rgba(26, 26, 26, 0.296875); -webkit-composition-fill-color: rgba(130, 98, 83, 0.0976563); -webkit-composition-frame-color: rgba(191, 107, 82, 0.496094); \">M\u00e9rida, Yucat\u00e1n, 25 de septiembre de 2014.- A fin de preservar y garantizar la tranquilidad y la paz social que impera en la entidad, este d\u00eda se integraron a las filas de la Secretar\u00eda de Seguridad P\u00fablica (SSP) 234 nuevos elementos de un total de 450 que se unir\u00e1n en este a\u00f1o a la plantilla operativa.<\/div>\n<div style=\"font-family: Noteworthy; font-size: 20px; font-weight: bold; line-height: 26px; -webkit-tap-highlight-color: rgba(26, 26, 26, 0.296875); -webkit-composition-fill-color: rgba(130, 98, 83, 0.0976563); -webkit-composition-frame-color: rgba(191, 107, 82, 0.496094); \">El Gobernador Rolando Zapata Bello encabez\u00f3 la ceremonia de graduaci\u00f3n de las generaciones 53 y 54 del Instituto de Formaci\u00f3n Policial \u201cLuis F. Sotelo Regil\u201d, en la que los 234 hombres y mujeres se comprometieron a proteger la vida y el patrimonio de las familias yucatecas.<\/div>\n<div style=\"font-family: Noteworthy; font-size: 20px; font-weight: bold; line-height: 26px; -webkit-tap-highlight-color: rgba(26, 26, 26, 0.296875); -webkit-composition-fill-color: rgba(130, 98, 83, 0.0976563); -webkit-composition-frame-color: rgba(191, 107, 82, 0.496094); \">Acompa\u00f1ado del titular de la SSP, Luis Felipe Said\u00e9n Ojeda, Zapata Bello resalt\u00f3 que el Gobierno del Estado continuar\u00e1 brindando seguridad a la sociedad yucateca, bas\u00e1ndose en cuatro columnas esenciales: la s\u00f3lida coordinaci\u00f3n interinstitucional, el impulso a la participaci\u00f3n ciudadana, la prevenci\u00f3n del delito y el fortalecimiento permanente de los cuerpos policiacos.<\/div>\n<div style=\"font-family: Noteworthy; font-size: 20px; font-weight: bold; line-height: 26px; -webkit-tap-highlight-color: rgba(26, 26, 26, 0.296875); -webkit-composition-fill-color: rgba(130, 98, 83, 0.0976563); -webkit-composition-frame-color: rgba(191, 107, 82, 0.496094); \">En presencia de los graduados, indic\u00f3 que en el presupuesto de egresos de 2014, los recursos para la SSP se incrementaron en un 25 por ciento, con el fin de incorporar 450 cadetes a los tres mil 600 existentes y as\u00ed superar los cuatro mil agentes.<\/div>\n<div style=\"font-family: Noteworthy; font-size: 20px; font-weight: bold; line-height: 26px; -webkit-tap-highlight-color: rgba(26, 26, 26, 0.296875); -webkit-composition-fill-color: rgba(130, 98, 83, 0.0976563); -webkit-composition-frame-color: rgba(191, 107, 82, 0.496094); \">El mandatario record\u00f3 que para fortalecer dichas acciones, el Gobierno estatal ha invertido en infraestructura, equipamiento y c\u00e1maras de video vigilancia, que permiten dar cobertura a las demandas de la poblaci\u00f3n.<\/div>\n<div style=\"font-family: Noteworthy; font-size: 20px; font-weight: bold; line-height: 26px; -webkit-tap-highlight-color: rgba(26, 26, 26, 0.296875); -webkit-composition-fill-color: rgba(130, 98, 83, 0.0976563); -webkit-composition-frame-color: rgba(191, 107, 82, 0.496094); \">\u201cEn Yucat\u00e1n confiamos en ustedes, que con su vocaci\u00f3n y la capacitaci\u00f3n recibida pondr\u00e1n todo su esfuerzo y sacrificio en servir a la ciudadan\u00eda con lealtad, \u00e9tica y valores\u201d, expres\u00f3 luego de entregar constancias a los graduados.<\/div>\n<div style=\"font-family: Noteworthy; font-size: 20px; font-weight: bold; line-height: 26px; -webkit-tap-highlight-color: rgba(26, 26, 26, 0.296875); -webkit-composition-fill-color: rgba(130, 98, 83, 0.0976563); -webkit-composition-frame-color: rgba(191, 107, 82, 0.496094); \">Por su parte, Said\u00e9n Ojeda detall\u00f3 que para cumplir la meta del 2014, en las pr\u00f3ximas semanas saldr\u00e1n las generaciones 55, 56 y 57, que al igual que los 234 reci\u00e9n egresados, pasan por un proceso de formaci\u00f3n basado en los criterios establecidos en el programa rector de profesionalizaci\u00f3n, que se deriva de la Ley General del Sistema Nacional de Seguridad P\u00fablica.<\/div>\n<div style=\"font-family: Noteworthy; font-size: 20px; font-weight: bold; line-height: 26px; -webkit-tap-highlight-color: rgba(26, 26, 26, 0.296875); -webkit-composition-fill-color: rgba(130, 98, 83, 0.0976563); -webkit-composition-frame-color: rgba(191, 107, 82, 0.496094); \">Todo ello se realiza con el respaldo del Subsidio de Polic\u00eda Acreditable (SPA) y el Fondo de Aportaci\u00f3n para la Seguridad P\u00fablica (FASP).<\/div>\n<div style=\"font-family: Noteworthy; font-size: 20px; font-weight: bold; line-height: 26px; -webkit-tap-highlight-color: rgba(26, 26, 26, 0.296875); -webkit-composition-fill-color: rgba(130, 98, 83, 0.0976563); -webkit-composition-frame-color: rgba(191, 107, 82, 0.496094); \">El funcionario explic\u00f3 que los agentes fueron instruidos durante ocho meses, de los cuales seis fueron de capacitaci\u00f3n te\u00f3rica y pr\u00e1ctica en derechos humanos, cultura de la legalidad, perspectiva de g\u00e9nero, desarrollo humano y aplicaci\u00f3n del Sistema Penal Acusatorio, \u00e9tica, actuaci\u00f3n policial, leyes, y adiestramiento en uso de armas. Los dos \u00faltimos meses se destinaron a la participaci\u00f3n directa con la sociedad.&nbsp;<\/div>\n<div style=\"font-family: Noteworthy; font-size: 20px; font-weight: bold; line-height: 26px; -webkit-tap-highlight-color: rgba(26, 26, 26, 0.296875); -webkit-composition-fill-color: rgba(130, 98, 83, 0.0976563); -webkit-composition-frame-color: rgba(191, 107, 82, 0.496094); \">\u201cEl total de cadetes cuenta con nuestro apoyo para continuar elevando su preparaci\u00f3n acad\u00e9mica y policial, por lo que los exhorto a sumarse a la importante tarea de servir y proteger con valores y estricto respeto a los derechos humanos\u201d, asever\u00f3.<\/div>\n<div style=\"font-family: Noteworthy; font-size: 20px; font-weight: bold; line-height: 26px; -webkit-tap-highlight-color: rgba(26, 26, 26, 0.296875); -webkit-composition-fill-color: rgba(130, 98, 83, 0.0976563); -webkit-composition-frame-color: rgba(191, 107, 82, 0.496094); \">A nombre de los que concluyeron su formaci\u00f3n, Didier No\u00e9 Trejo Barredo agradeci\u00f3 las iniciativas del Gobierno del Estado para preservar la seguridad en el territorio y a los instructores, que con su conocimiento y experiencia reafirmaron el compromiso de garantizar protecci\u00f3n y tranquilidad a la poblaci\u00f3n.<\/div>\n<div style=\"font-family: Noteworthy; font-size: 20px; font-weight: bold; line-height: 26px; -webkit-tap-highlight-color: rgba(26, 26, 26, 0.296875); -webkit-composition-fill-color: rgba(130, 98, 83, 0.0976563); -webkit-composition-frame-color: rgba(191, 107, 82, 0.496094); \">El programa de este d\u00eda comprendi\u00f3 una demostraci\u00f3n de t\u00e9cnicas y t\u00e1cticas policiales a cargo de los elementos graduados, as\u00ed como los honores al l\u00e1baro patrio.<\/div>\n<div style=\"font-family: Noteworthy; font-size: 20px; font-weight: bold; line-height: 26px; -webkit-tap-highlight-color: rgba(26, 26, 26, 0.296875); -webkit-composition-fill-color: rgba(130, 98, 83, 0.0976563); -webkit-composition-frame-color: rgba(191, 107, 82, 0.496094); \">Estuvieron en el evento, los presidentes de la Junta de Gobierno y Coordinaci\u00f3n Pol\u00edtica del Congreso local, Luis Hevia Jim\u00e9nez, y del Tribunal Superior de Justicia del Estado, Marcos Celis Quintal; as\u00ed como los comandantes de la X Regi\u00f3n Militar, Jes\u00fas Javier Castillo Cabrera y de la IX Zona Naval, Felipe Solano Armenta.<\/div>\n<div style=\"font-family: Noteworthy; font-size: 20px; font-weight: bold; line-height: 26px; -webkit-tap-highlight-color: rgba(26, 26, 26, 0.296875); -webkit-composition-fill-color: rgba(130, 98, 83, 0.0976563); -webkit-composition-frame-color: rgba(191, 107, 82, 0.496094); \">Asimismo, el delegado de la Procuradur\u00eda General de la Rep\u00fablica (PGR), Juan Manuel Le\u00f3n Le\u00f3n, y los secretarios Ejecutivos de la Comisi\u00f3n para la Implementaci\u00f3n de la Reforma en materia de Seguridad y de Justicia, Gabriel Zapata Bello y del Consejo Estatal de Seguridad P\u00fablica del Estado, Carlos Mart\u00edn Pacheco Medina.<\/div>\n<div style=\"font-family: Noteworthy; font-size: 20px; font-weight: bold; line-height: 26px; -webkit-tap-highlight-color: rgba(26, 26, 26, 0.296875); -webkit-composition-fill-color: rgba(130, 98, 83, 0.0976563); -webkit-composition-frame-color: rgba(191, 107, 82, 0.496094); \">De igual modo, el coordinador de la Polic\u00eda Federal en Yucat\u00e1n, Jos\u00e9 Armando Ram\u00f3n Hern\u00e1ndez y el director del Instituto de Formaci\u00f3n Policial \u201cLuis F. Sotelo Regil\u201d, Ignacio Rivas Ancona.<\/p>\n<div class=\"separator\" style=\"clear: both;\"><a href=\"https:\/\/lh6.googleusercontent.com\/-rKF-sdudAlg\/VCSsFwaq4mI\/AAAAAAAAkTE\/PW6qr_sZcOI\/s640\/blogger-image-1961888204.jpg\" imageanchor=\"1\" style=\"margin-left: 1em; margin-right: 1em;\"><img decoding=\"async\" border=\"0\" src=\"https:\/\/lh6.googleusercontent.com\/-rKF-sdudAlg\/VCSsFwaq4mI\/AAAAAAAAkTE\/PW6qr_sZcOI\/s640\/blogger-image-1961888204.jpg\"><\/a><\/div>\n<\/div>\n<div><\/div>\n","protected":false},"excerpt":{"rendered":"<p>M\u00e9rida, Yucat\u00e1n, 25 de septiembre de 2014.- A fin de preservar y garantizar la tranquilidad y la paz social que impera en la entidad, este d\u00eda se integraron a las<\/p>\n","protected":false},"author":1,"featured_media":14682,"comment_status":"open","ping_status":"open","sticky":false,"template":"","format":"standard","meta":{"jetpack_post_was_ever_published":false,"_jetpack_newsletter_access":"","_jetpack_dont_email_post_to_subs":false,"_jetpack_newsletter_tier_id":0,"_jetpack_memberships_contains_paywalled_content":false,"_jetpack_memberships_contains_paid_content":false,"footnotes":"","jetpack_publicize_message":"","jetpack_publicize_feature_enabled":true,"jetpack_social_post_already_shared":false,"jetpack_social_options":{"image_generator_settings":{"template":"highway","default_image_id":0,"font":"","enabled":false},"version":2}},"categories":[17,1],"tags":[],"class_list":["post-2285","post","type-post","status-publish","format-standard","has-post-thumbnail","hentry","category-politica-y-gobierno","category-sin-categoria"],"jetpack_publicize_connections":[],"jetpack_featured_media_url":"https:\/\/formalprision.com\/wp-content\/uploads\/2014\/09\/blogger-image-1961888204.jpg","jetpack_sharing_enabled":true,"jetpack_shortlink":"https:\/\/wp.me\/p6id8p-AR","_links":{"self":[{"href":"https:\/\/formalprision.com\/index.php?rest_route=\/wp\/v2\/posts\/2285","targetHints":{"allow":["GET"]}}],"collection":[{"href":"https:\/\/formalprision.com\/index.php?rest_route=\/wp\/v2\/posts"}],"about":[{"href":"https:\/\/formalprision.com\/index.php?rest_route=\/wp\/v2\/types\/post"}],"author":[{"embeddable":true,"href":"https:\/\/formalprision.com\/index.php?rest_route=\/wp\/v2\/users\/1"}],"replies":[{"embeddable":true,"href":"https:\/\/formalprision.com\/index.php?rest_route=%2Fwp%2Fv2%2Fcomments&post=2285"}],"version-history":[{"count":0,"href":"https:\/\/formalprision.com\/index.php?rest_route=\/wp\/v2\/posts\/2285\/revisions"}],"wp:featuredmedia":[{"embeddable":true,"href":"https:\/\/formalprision.com\/index.php?rest_route=\/wp\/v2\/media\/14682"}],"wp:attachment":[{"href":"https:\/\/formalprision.com\/index.php?rest_route=%2Fwp%2Fv2%2Fmedia&parent=2285"}],"wp:term":[{"taxonomy":"category","embeddable":true,"href":"https:\/\/formalprision.com\/index.php?rest_route=%2Fwp%2Fv2%2Fcategories&post=2285"},{"taxonomy":"post_tag","embeddable":true,"href":"https:\/\/formalprision.com\/index.php?rest_route=%2Fwp%2Fv2%2Ftags&post=2285"}],"curies":[{"name":"wp","href":"https:\/\/api.w.org\/{rel}","templated":true}]}}