{"id":2287,"date":"2014-09-25T16:48:00","date_gmt":"2014-09-25T16:48:00","guid":{"rendered":"http:\/\/formalprision.info\/2014\/09\/25\/invitan-conmemorar-dos-anos-de-gobierno\/"},"modified":"2015-06-03T08:34:52","modified_gmt":"2015-06-03T08:34:52","slug":"invitan-conmemorar-dos-anos-de-gobierno","status":"publish","type":"post","link":"https:\/\/formalprision.com\/?p=2287","title":{"rendered":"Invitan a conmemorar dos a\u00f1os de gobierno de Zapata Bello"},"content":{"rendered":"<div style=\"font-family: Noteworthy; font-size: 20px; font-weight: bold; line-height: 26px; -webkit-tap-highlight-color: rgba(26, 26, 26, 0.296875); -webkit-composition-fill-color: rgba(130, 98, 83, 0.0976563); -webkit-composition-frame-color: rgba(191, 107, 82, 0.496094); \">M\u00e9rida, Yucat\u00e1n, 25 de septiembre de 2014.- Para conmemorar los primeros dos a\u00f1os de acciones y el cumplimiento de compromisos de la actual administraci\u00f3n estatal, miles de trabajadores de diversos sectores de la sociedad yucateca se reunir\u00e1n este s\u00e1bado con el Gobernador Rolando Zapata Bello en la Plaza Grande de la ciudad de M\u00e9rida.<\/div>\n<div style=\"font-family: Noteworthy; font-size: 20px; font-weight: bold; line-height: 26px; -webkit-tap-highlight-color: rgba(26, 26, 26, 0.296875); -webkit-composition-fill-color: rgba(130, 98, 83, 0.0976563); -webkit-composition-frame-color: rgba(191, 107, 82, 0.496094); \">Durante una junta realizada en el Sal\u00f3n de los Retratos de la sede del Poder Ejecutivo, l\u00edderes y representantes de centrales obreras, de productores rurales, transportistas y personal al servicio del Estado, invitaron al mandatario a participar en dicha actividad que se efectuar\u00e1 a partir de las cinco de la tarde.<\/div>\n<div style=\"font-family: Noteworthy; font-size: 20px; font-weight: bold; line-height: 26px; -webkit-tap-highlight-color: rgba(26, 26, 26, 0.296875); -webkit-composition-fill-color: rgba(130, 98, 83, 0.0976563); -webkit-composition-frame-color: rgba(191, 107, 82, 0.496094); \">Con la presencia de los secretarios Generales de la Confederaci\u00f3n Revolucionaria de Obreros y Campesinos (CROC) en Yucat\u00e1n, Pedro Oxt\u00e9 Conrado, y de la Federaci\u00f3n Trabajadores de Yucat\u00e1n de la Confederaci\u00f3n de Trabajadores de M\u00e9xico (CTM), Mario Tr\u00e1nsito Chan Chan, Zapata Bello agradeci\u00f3 la invitaci\u00f3n y reconoci\u00f3 que las fuerzas populares y del agro son la base social del estado.<\/div>\n<div style=\"font-family: Noteworthy; font-size: 20px; font-weight: bold; line-height: 26px; -webkit-tap-highlight-color: rgba(26, 26, 26, 0.296875); -webkit-composition-fill-color: rgba(130, 98, 83, 0.0976563); -webkit-composition-frame-color: rgba(191, 107, 82, 0.496094); \">Acompa\u00f1ado tambi\u00e9n por el secretario General del Sindicato de Trabajadores al Servicio del Poder Ejecutivo e Instituciones Descentralizadas de Yucat\u00e1n (STSPEIDY), Jervis Garc\u00eda V\u00e1zquez, el Gobernador asegur\u00f3 que la actividad tambi\u00e9n ser\u00e1 una oportunidad para refrendar y ratificar los compromisos a favor de la poblaci\u00f3n.<\/div>\n<div style=\"font-family: Noteworthy; font-size: 20px; font-weight: bold; line-height: 26px; -webkit-tap-highlight-color: rgba(26, 26, 26, 0.296875); -webkit-composition-fill-color: rgba(130, 98, 83, 0.0976563); -webkit-composition-frame-color: rgba(191, 107, 82, 0.496094); \">\u201cJuntos representamos la fuerza para que Yucat\u00e1n mantenga su dinamismo y unidad laboral, por eso agradezco el respaldo y solidaridad de todas las organizaciones sociales y campesinas hacia el Gobierno del Estado\u201d, apunt\u00f3 Zapata Bello ante los l\u00edderes del Frente \u00danico de Trabajadores del Volante (FUTV), H\u00e9ctor Fern\u00e1ndez Zapata, y del Sindicato Nacional de Trabajadores de la Secretar\u00eda de Salud (SNTSA), &nbsp;Secci\u00f3n 67, Eulogio Pi\u00f1a Brice\u00f1o.<\/div>\n<div style=\"font-family: Noteworthy; font-size: 20px; font-weight: bold; line-height: 26px; -webkit-tap-highlight-color: rgba(26, 26, 26, 0.296875); -webkit-composition-fill-color: rgba(130, 98, 83, 0.0976563); -webkit-composition-frame-color: rgba(191, 107, 82, 0.496094); \">Al hacer uso de la palabra, Oxt\u00e9 Conrado manifest\u00f3 que los miles de obreros y productores estar\u00e1n acompa\u00f1ados por sus familias en reconocimiento a las acciones y programas en diversos rubros que el Gobierno del Estado ha impulsado a fin de lograr el bienestar en todo Yucat\u00e1n. &nbsp; &nbsp;<\/div>\n<div style=\"font-family: Noteworthy; font-size: 20px; font-weight: bold; line-height: 26px; -webkit-tap-highlight-color: rgba(26, 26, 26, 0.296875); -webkit-composition-fill-color: rgba(130, 98, 83, 0.0976563); -webkit-composition-frame-color: rgba(191, 107, 82, 0.496094); \">En la reuni\u00f3n tambi\u00e9n estuvieron el presidente del Congreso del Trabajo, Ernesto Sonda Castro; los secretarios Generales de la Federaci\u00f3n de Sindicatos de Trabajadores al Servicio del Estado (FSTSE) en la entidad, &nbsp;Flor Vargas S\u00e1nchez, y de la Confederaci\u00f3n Nacional de Organizaciones Populares (CNOP), Manuel Medina Enr\u00edquez, as\u00ed como la representante local de la Confederaci\u00f3n Nacional Campesina (CNC), Leandra Moguel Lizama.<\/p>\n<div class=\"separator\" style=\"clear: both;\"><a href=\"https:\/\/lh3.googleusercontent.com\/-9LwA4ox_VO0\/VCRHSte0M4I\/AAAAAAAAkSk\/XCvCKfMSasY\/s640\/blogger-image-1131126408.jpg\" imageanchor=\"1\" style=\"margin-left: 1em; margin-right: 1em;\"><img decoding=\"async\" border=\"0\" src=\"https:\/\/lh3.googleusercontent.com\/-9LwA4ox_VO0\/VCRHSte0M4I\/AAAAAAAAkSk\/XCvCKfMSasY\/s640\/blogger-image-1131126408.jpg\"><\/a><\/div>\n<\/div>\n","protected":false},"excerpt":{"rendered":"<p>M\u00e9rida, Yucat\u00e1n, 25 de septiembre de 2014.- Para conmemorar los primeros dos a\u00f1os de acciones y el cumplimiento de compromisos de la actual administraci\u00f3n estatal, miles de trabajadores de diversos<\/p>\n","protected":false},"author":1,"featured_media":14686,"comment_status":"open","ping_status":"open","sticky":false,"template":"","format":"standard","meta":{"jetpack_post_was_ever_published":false,"_jetpack_newsletter_access":"","_jetpack_dont_email_post_to_subs":false,"_jetpack_newsletter_tier_id":0,"_jetpack_memberships_contains_paywalled_content":false,"_jetpack_memberships_contains_paid_content":false,"footnotes":"","jetpack_publicize_message":"","jetpack_publicize_feature_enabled":true,"jetpack_social_post_already_shared":false,"jetpack_social_options":{"image_generator_settings":{"template":"highway","default_image_id":0,"font":"","enabled":false},"version":2}},"categories":[17,1],"tags":[],"class_list":["post-2287","post","type-post","status-publish","format-standard","has-post-thumbnail","hentry","category-politica-y-gobierno","category-sin-categoria"],"jetpack_publicize_connections":[],"jetpack_featured_media_url":"https:\/\/formalprision.com\/wp-content\/uploads\/2014\/09\/blogger-image-1131126408.jpg","jetpack_sharing_enabled":true,"jetpack_shortlink":"https:\/\/wp.me\/p6id8p-AT","_links":{"self":[{"href":"https:\/\/formalprision.com\/index.php?rest_route=\/wp\/v2\/posts\/2287","targetHints":{"allow":["GET"]}}],"collection":[{"href":"https:\/\/formalprision.com\/index.php?rest_route=\/wp\/v2\/posts"}],"about":[{"href":"https:\/\/formalprision.com\/index.php?rest_route=\/wp\/v2\/types\/post"}],"author":[{"embeddable":true,"href":"https:\/\/formalprision.com\/index.php?rest_route=\/wp\/v2\/users\/1"}],"replies":[{"embeddable":true,"href":"https:\/\/formalprision.com\/index.php?rest_route=%2Fwp%2Fv2%2Fcomments&post=2287"}],"version-history":[{"count":0,"href":"https:\/\/formalprision.com\/index.php?rest_route=\/wp\/v2\/posts\/2287\/revisions"}],"wp:featuredmedia":[{"embeddable":true,"href":"https:\/\/formalprision.com\/index.php?rest_route=\/wp\/v2\/media\/14686"}],"wp:attachment":[{"href":"https:\/\/formalprision.com\/index.php?rest_route=%2Fwp%2Fv2%2Fmedia&parent=2287"}],"wp:term":[{"taxonomy":"category","embeddable":true,"href":"https:\/\/formalprision.com\/index.php?rest_route=%2Fwp%2Fv2%2Fcategories&post=2287"},{"taxonomy":"post_tag","embeddable":true,"href":"https:\/\/formalprision.com\/index.php?rest_route=%2Fwp%2Fv2%2Ftags&post=2287"}],"curies":[{"name":"wp","href":"https:\/\/api.w.org\/{rel}","templated":true}]}}