{"id":2288,"date":"2014-09-25T16:37:00","date_gmt":"2014-09-25T16:37:00","guid":{"rendered":"http:\/\/formalprision.info\/2014\/09\/25\/viajan-miiteres-yucatecos-combatir-a\/"},"modified":"2015-06-03T08:34:52","modified_gmt":"2015-06-03T08:34:52","slug":"viajan-miiteres-yucatecos-combatir-a","status":"publish","type":"post","link":"https:\/\/formalprision.com\/?p=2288","title":{"rendered":"Viajan soldados yucatecos a combatir al narco en el norte del pa\u00eds"},"content":{"rendered":"<div style=\"font-family: Noteworthy; font-size: 20px; font-weight: bold; line-height: 26px; -webkit-tap-highlight-color: rgba(26, 26, 26, 0.296875); -webkit-composition-fill-color: rgba(130, 98, 83, 0.0976563); -webkit-composition-frame-color: rgba(191, 107, 82, 0.496094); \">\n<div>Unos 400 soldados yucatecos del Ej\u00e9rcito Mexicano partieron al norte del pa\u00eds para reforzar el combate al crimen organizado.<\/div>\n<div>Los militares que viajaron est\u00e1n asignados al XX Regimiento de Caballer\u00eda Motorizado, de la XXXII Zona Militar, con sede en Valladolid.<\/div>\n<div>Viajaron en dos convoyes, uno de 18 unidades y otro de 12 con sus armas de cargo listas para usar en caso de emboscada<\/div>\n<div>Trascendi\u00f3 que los soldados estar\u00e1n &nbsp;por espacio de tres meses en Tamaulipas, entidad con fuerte actividad de crimen organizado.<\/div>\n<div>Es la segundad ocasi\u00f3n en este 2014 que los castrenses viajan hacia esa zona y la octava en seis a\u00f1os y hasta la fecha no se han registrado bajas entre los elementos que participan en esas tareas.<\/div>\n<div>Fuentes castrenses indicaron que los militares viajan a Tamaulipas, pero de ah\u00ed ser\u00e1n remitidos a cualquier otra entidad conflictiva.&nbsp;<\/p>\n<div class=\"separator\" style=\"clear: both;\"><a href=\"https:\/\/lh5.googleusercontent.com\/-FCVwlXkyzrM\/VCRE3JZAqBI\/AAAAAAAAkSY\/DyLdohLobqg\/s640\/blogger-image--2013171710.jpg\" imageanchor=\"1\" style=\"margin-left: 1em; margin-right: 1em;\"><img decoding=\"async\" border=\"0\" src=\"https:\/\/lh5.googleusercontent.com\/-FCVwlXkyzrM\/VCRE3JZAqBI\/AAAAAAAAkSY\/DyLdohLobqg\/s640\/blogger-image--2013171710.jpg\"><\/a><\/div>\n<\/div>\n<div><\/div>\n<\/div>\n","protected":false},"excerpt":{"rendered":"<p>Unos 400 soldados yucatecos del Ej\u00e9rcito Mexicano partieron al norte del pa\u00eds para reforzar el combate al crimen organizado. Los militares que viajaron est\u00e1n asignados al XX Regimiento de Caballer\u00eda<\/p>\n","protected":false},"author":1,"featured_media":14688,"comment_status":"open","ping_status":"open","sticky":false,"template":"","format":"standard","meta":{"jetpack_post_was_ever_published":false,"_jetpack_newsletter_access":"","_jetpack_dont_email_post_to_subs":false,"_jetpack_newsletter_tier_id":0,"_jetpack_memberships_contains_paywalled_content":false,"_jetpack_memberships_contains_paid_content":false,"footnotes":"","jetpack_publicize_message":"","jetpack_publicize_feature_enabled":true,"jetpack_social_post_already_shared":false,"jetpack_social_options":{"image_generator_settings":{"template":"highway","default_image_id":0,"font":"","enabled":false},"version":2}},"categories":[7,1,49],"tags":[],"class_list":["post-2288","post","type-post","status-publish","format-standard","has-post-thumbnail","hentry","category-breves","category-sin-categoria","category-tocho-morocho"],"jetpack_publicize_connections":[],"jetpack_featured_media_url":"https:\/\/formalprision.com\/wp-content\/uploads\/2014\/09\/blogger-image-2013171710.jpg","jetpack_sharing_enabled":true,"jetpack_shortlink":"https:\/\/wp.me\/p6id8p-AU","_links":{"self":[{"href":"https:\/\/formalprision.com\/index.php?rest_route=\/wp\/v2\/posts\/2288","targetHints":{"allow":["GET"]}}],"collection":[{"href":"https:\/\/formalprision.com\/index.php?rest_route=\/wp\/v2\/posts"}],"about":[{"href":"https:\/\/formalprision.com\/index.php?rest_route=\/wp\/v2\/types\/post"}],"author":[{"embeddable":true,"href":"https:\/\/formalprision.com\/index.php?rest_route=\/wp\/v2\/users\/1"}],"replies":[{"embeddable":true,"href":"https:\/\/formalprision.com\/index.php?rest_route=%2Fwp%2Fv2%2Fcomments&post=2288"}],"version-history":[{"count":0,"href":"https:\/\/formalprision.com\/index.php?rest_route=\/wp\/v2\/posts\/2288\/revisions"}],"wp:featuredmedia":[{"embeddable":true,"href":"https:\/\/formalprision.com\/index.php?rest_route=\/wp\/v2\/media\/14688"}],"wp:attachment":[{"href":"https:\/\/formalprision.com\/index.php?rest_route=%2Fwp%2Fv2%2Fmedia&parent=2288"}],"wp:term":[{"taxonomy":"category","embeddable":true,"href":"https:\/\/formalprision.com\/index.php?rest_route=%2Fwp%2Fv2%2Fcategories&post=2288"},{"taxonomy":"post_tag","embeddable":true,"href":"https:\/\/formalprision.com\/index.php?rest_route=%2Fwp%2Fv2%2Ftags&post=2288"}],"curies":[{"name":"wp","href":"https:\/\/api.w.org\/{rel}","templated":true}]}}