{"id":2297,"date":"2014-09-24T21:45:00","date_gmt":"2014-09-24T21:45:00","guid":{"rendered":"http:\/\/formalprision.info\/2014\/09\/24\/nuevas-renuncias-y-nombramientos-de\/"},"modified":"2015-06-03T08:34:53","modified_gmt":"2015-06-03T08:34:53","slug":"nuevas-renuncias-y-nombramientos-de","status":"publish","type":"post","link":"https:\/\/formalprision.com\/?p=2297","title":{"rendered":"Nuevos nombramientos de defensores del Caso Triay"},"content":{"rendered":"<div style=\"font-family: Noteworthy; font-size: 20px; font-weight: bold; line-height: 26px; -webkit-tap-highlight-color: rgba(26, 26, 26, 0.296875); -webkit-composition-fill-color: rgba(130, 98, 83, 0.0976563); -webkit-composition-frame-color: rgba(191, 107, 82, 0.496094); -webkit-text-size-adjust: auto; \">Este d\u00eda, en audiencia ante el Juez Segundo de Control, se dieron nuevas renuncias y nombramientos de abogados defensores de los psiquiatras acusados de asesinar a su colega Felipe Triay Novelo.<\/div>\n<div style=\"font-family: Noteworthy; font-size: 20px; font-weight: bold; line-height: 26px; -webkit-tap-highlight-color: rgba(26, 26, 26, 0.296875); -webkit-composition-fill-color: rgba(130, 98, 83, 0.0976563); -webkit-composition-frame-color: rgba(191, 107, 82, 0.496094); -webkit-text-size-adjust: auto; \">El psiquiatra Enrique Lara Gonz\u00e1lez cambi\u00f3 de abogado por segunda ocasi\u00f3n en el proceso, mientras que el otro acusado, Pablo Garc\u00eda Guti\u00e9rrez, design\u00f3 a dos nuevos abogados.<\/div>\n<div style=\"font-family: Noteworthy; font-size: 20px; font-weight: bold; line-height: 26px; -webkit-tap-highlight-color: rgba(26, 26, 26, 0.296875); -webkit-composition-fill-color: rgba(130, 98, 83, 0.0976563); -webkit-composition-frame-color: rgba(191, 107, 82, 0.496094); -webkit-text-size-adjust: auto; \">Los dos psiquiatras tienen mujeres en su equipo de defensores, aunque Enrique Lara escogi\u00f3 a una yucateca y Pablo a una capitalina.&nbsp;del asesinato de su colega Felipe Triay Peniche.<\/div>\n<div style=\"font-family: Noteworthy; font-size: 20px; font-weight: bold; line-height: 26px; -webkit-tap-highlight-color: rgba(26, 26, 26, 0.296875); -webkit-composition-fill-color: rgba(130, 98, 83, 0.0976563); -webkit-composition-frame-color: rgba(191, 107, 82, 0.496094); -webkit-text-size-adjust: auto; \">Se inform\u00f3 que Lara Gonz\u00e1lez dio de baja al capitalino Jos\u00e9 Ibarra Flores debido a que \u00e9ste no compareci\u00f3 en dos&nbsp;diligencias realizadas a \u00faltimas fchasd.<\/div>\n<div style=\"font-family: Noteworthy; font-size: 20px; font-weight: bold; line-height: 26px; -webkit-tap-highlight-color: rgba(26, 26, 26, 0.296875); -webkit-composition-fill-color: rgba(130, 98, 83, 0.0976563); -webkit-composition-frame-color: rgba(191, 107, 82, 0.496094); -webkit-text-size-adjust: auto; \">en el lugar de Ibarra Flores design\u00f3 a Patricia Castro Gonz\u00e1lez y a Francisco Eusebio Catz\u00edn Ek.<\/div>\n<div style=\"font-family: Noteworthy; font-size: 20px; font-weight: bold; line-height: 26px; -webkit-tap-highlight-color: rgba(26, 26, 26, 0.296875); -webkit-composition-fill-color: rgba(130, 98, 83, 0.0976563); -webkit-composition-frame-color: rgba(191, 107, 82, 0.496094); -webkit-text-size-adjust: auto; \">Anteriormente, hace tres semanas, renunciaron los abogados &nbsp;Marcos Alberto Guzm\u00e1n Valladares y Dessy Armando Villalobos Garma.<\/div>\n<div style=\"font-family: Noteworthy; font-size: 20px; font-weight: bold; line-height: 26px; -webkit-tap-highlight-color: rgba(26, 26, 26, 0.296875); -webkit-composition-fill-color: rgba(130, 98, 83, 0.0976563); -webkit-composition-frame-color: rgba(191, 107, 82, 0.496094); -webkit-text-size-adjust: auto; \">En el caso de Pablo Garc\u00eda, \u00e9ste design\u00f3 como sus nuevos abogados a Yanitzi Sara\u00ed Balderas Leal y a Rafael Arturo Vila Ch\u00e1vez, ambos del D.F., adem\u00e1s que conservar\u00e1 a un hermano suyo como su defensor.<\/div>\n<div style=\"font-family: Noteworthy; font-size: 20px; font-weight: bold; line-height: 26px; -webkit-tap-highlight-color: rgba(26, 26, 26, 0.296875); -webkit-composition-fill-color: rgba(130, 98, 83, 0.0976563); -webkit-composition-frame-color: rgba(191, 107, 82, 0.496094); -webkit-text-size-adjust: auto; \">La audiencia se celebr\u00f3 hoy &nbsp;las 11 de la ma\u00f1ana &nbsp;en la sala 3 del Centro de Justicia de M\u00e9rida, programada a solicitud del Ministerio P\u00fablico.<\/p>\n<div class=\"separator\" style=\"clear: both;\"><a href=\"https:\/\/lh6.googleusercontent.com\/-zsR5hlCM9nU\/VCM7abXRXjI\/AAAAAAAAkRA\/f9cWHvNeNV8\/s640\/blogger-image-950637262.jpg\" imageanchor=\"1\" style=\"margin-left: 1em; margin-right: 1em;\"><img decoding=\"async\" border=\"0\" src=\"https:\/\/lh6.googleusercontent.com\/-zsR5hlCM9nU\/VCM7abXRXjI\/AAAAAAAAkRA\/f9cWHvNeNV8\/s640\/blogger-image-950637262.jpg\"><\/a><\/div>\n<\/div>\n","protected":false},"excerpt":{"rendered":"<p>Este d\u00eda, en audiencia ante el Juez Segundo de Control, se dieron nuevas renuncias y nombramientos de abogados defensores de los psiquiatras acusados de asesinar a su colega Felipe Triay<\/p>\n","protected":false},"author":1,"featured_media":14706,"comment_status":"open","ping_status":"open","sticky":false,"template":"","format":"standard","meta":{"jetpack_post_was_ever_published":false,"_jetpack_newsletter_access":"","_jetpack_dont_email_post_to_subs":false,"_jetpack_newsletter_tier_id":0,"_jetpack_memberships_contains_paywalled_content":false,"_jetpack_memberships_contains_paid_content":false,"footnotes":"","jetpack_publicize_message":"","jetpack_publicize_feature_enabled":true,"jetpack_social_post_already_shared":false,"jetpack_social_options":{"image_generator_settings":{"template":"highway","default_image_id":0,"font":"","enabled":false},"version":2}},"categories":[8,3,1],"tags":[],"class_list":["post-2297","post","type-post","status-publish","format-standard","has-post-thumbnail","hentry","category-noticias-variadas","category-portada","category-sin-categoria"],"jetpack_publicize_connections":[],"jetpack_featured_media_url":"https:\/\/formalprision.com\/wp-content\/uploads\/2014\/09\/blogger-image-950637262.jpg","jetpack_sharing_enabled":true,"jetpack_shortlink":"https:\/\/wp.me\/p6id8p-B3","_links":{"self":[{"href":"https:\/\/formalprision.com\/index.php?rest_route=\/wp\/v2\/posts\/2297","targetHints":{"allow":["GET"]}}],"collection":[{"href":"https:\/\/formalprision.com\/index.php?rest_route=\/wp\/v2\/posts"}],"about":[{"href":"https:\/\/formalprision.com\/index.php?rest_route=\/wp\/v2\/types\/post"}],"author":[{"embeddable":true,"href":"https:\/\/formalprision.com\/index.php?rest_route=\/wp\/v2\/users\/1"}],"replies":[{"embeddable":true,"href":"https:\/\/formalprision.com\/index.php?rest_route=%2Fwp%2Fv2%2Fcomments&post=2297"}],"version-history":[{"count":0,"href":"https:\/\/formalprision.com\/index.php?rest_route=\/wp\/v2\/posts\/2297\/revisions"}],"wp:featuredmedia":[{"embeddable":true,"href":"https:\/\/formalprision.com\/index.php?rest_route=\/wp\/v2\/media\/14706"}],"wp:attachment":[{"href":"https:\/\/formalprision.com\/index.php?rest_route=%2Fwp%2Fv2%2Fmedia&parent=2297"}],"wp:term":[{"taxonomy":"category","embeddable":true,"href":"https:\/\/formalprision.com\/index.php?rest_route=%2Fwp%2Fv2%2Fcategories&post=2297"},{"taxonomy":"post_tag","embeddable":true,"href":"https:\/\/formalprision.com\/index.php?rest_route=%2Fwp%2Fv2%2Ftags&post=2297"}],"curies":[{"name":"wp","href":"https:\/\/api.w.org\/{rel}","templated":true}]}}