{"id":2298,"date":"2014-09-24T19:23:00","date_gmt":"2014-09-24T19:23:00","guid":{"rendered":"http:\/\/formalprision.info\/2014\/09\/24\/yucatan-sede-de-la-convencion-anual-de\/"},"modified":"2015-06-03T08:34:54","modified_gmt":"2015-06-03T08:34:54","slug":"yucatan-sede-de-la-convencion-anual-de","status":"publish","type":"post","link":"https:\/\/formalprision.com\/?p=2298","title":{"rendered":"Yucat\u00e1n, sede de la convenci\u00f3n anual de la Aneas"},"content":{"rendered":"<div style=\"font-family: Noteworthy; font-size: 20px; font-weight: bold; line-height: 26px; -webkit-tap-highlight-color: rgba(26, 26, 26, 0.296875); -webkit-composition-fill-color: rgba(130, 98, 83, 0.0976563); -webkit-composition-frame-color: rgba(191, 107, 82, 0.496094); \">M\u00e9rida, Yucat\u00e1n, 24 de septiembre de 2014.- La XXVIII edici\u00f3n de la Convenci\u00f3n Anual y Expo de la Asociaci\u00f3n Nacional de Empresas de Agua y Saneamiento de M\u00e9xico (Aneas) tendr\u00e1 como sede la capital del estado, evento al cual se espera la participaci\u00f3n de cerca de cinco mil personas y 400 proveedores de productos e insumos para empresas dedicadas al sector h\u00eddrico.<\/div>\n<div style=\"font-family: Noteworthy; font-size: 20px; font-weight: bold; line-height: 26px; -webkit-tap-highlight-color: rgba(26, 26, 26, 0.296875); -webkit-composition-fill-color: rgba(130, 98, 83, 0.0976563); -webkit-composition-frame-color: rgba(191, 107, 82, 0.496094); \">Este acto, organizado desde 1986 y considerado uno de los m\u00e1s importantes de Am\u00e9rica Latina por ser un referente en los avances respecto los temas del vital l\u00edquido y el saneamiento, se realizar\u00e1 del 10 de 14 de noviembre de este a\u00f1o en el Centro de Convenciones Yucat\u00e1n Siglo XXI, presentando diversas actividades como conferencias, talleres, seminarios y exhibici\u00f3n de tecnolog\u00edas de vanguardia. &nbsp;<\/div>\n<div style=\"font-family: Noteworthy; font-size: 20px; font-weight: bold; line-height: 26px; -webkit-tap-highlight-color: rgba(26, 26, 26, 0.296875); -webkit-composition-fill-color: rgba(130, 98, 83, 0.0976563); -webkit-composition-frame-color: rgba(191, 107, 82, 0.496094); \">En esta ocasi\u00f3n, la reuni\u00f3n, que registrar\u00e1 la participaci\u00f3n de especialistas, autoridades y proveedores, toma como eje rector la relaci\u00f3n entre los sectores h\u00eddrico y energ\u00e9tico, reforzado con el eslogan \u201cAgua y energ\u00eda para el bienestar de M\u00e9xico\u201d, en sinton\u00eda con la comunidad internacional que busca explicitar este v\u00ednculo indisoluble.<\/div>\n<div style=\"font-family: Noteworthy; font-size: 20px; font-weight: bold; line-height: 26px; -webkit-tap-highlight-color: rgba(26, 26, 26, 0.296875); -webkit-composition-fill-color: rgba(130, 98, 83, 0.0976563); -webkit-composition-frame-color: rgba(191, 107, 82, 0.496094); \">Por tal motivo, el planteamiento t\u00e9cnico contar\u00e1 con conferencias magistrales, paneles de discusi\u00f3n y foros que abordan temas como el Programa Hidrol\u00f3gico Internacional (PHI) aplicado a los servicios de agua, manejo integral de la energ\u00eda en los sistemas de potabilizaci\u00f3n y saneamiento, y derecho humano al acceso del recurso, entre otros m\u00e1s.<\/div>\n<div style=\"font-family: Noteworthy; font-size: 20px; font-weight: bold; line-height: 26px; -webkit-tap-highlight-color: rgba(26, 26, 26, 0.296875); -webkit-composition-fill-color: rgba(130, 98, 83, 0.0976563); -webkit-composition-frame-color: rgba(191, 107, 82, 0.496094); \">Aunado a esas actividades se realizar\u00e1n cursos y talleres, eventos paralelos, presentaciones de libros, encuentros de negocios y pl\u00e1ticas t\u00e9cnicas, exhibici\u00f3n comercial y competencias de metering y tapping, (m\u00e9todos de resoluci\u00f3n de conflictos), as\u00ed como un programa cultural, adem\u00e1s de la Primera Carrera Aneas por el Agua. &nbsp;<\/div>\n<div style=\"font-family: Noteworthy; font-size: 20px; font-weight: bold; line-height: 26px; -webkit-tap-highlight-color: rgba(26, 26, 26, 0.296875); -webkit-composition-fill-color: rgba(130, 98, 83, 0.0976563); -webkit-composition-frame-color: rgba(191, 107, 82, 0.496094); \">En el marco de la convenci\u00f3n, M\u00e9xico presidir\u00e1 la reuni\u00f3n de la Mesa Directiva del PHI, que por vez primera se realiza fuera de las oficinas de la Organizaci\u00f3n de las Naciones Unidas para la Educaci\u00f3n, la Ciencia y la Cultura (Unesco) con sede en Par\u00eds, Francia.<\/div>\n<div style=\"font-family: Noteworthy; font-size: 20px; font-weight: bold; line-height: 26px; -webkit-tap-highlight-color: rgba(26, 26, 26, 0.296875); -webkit-composition-fill-color: rgba(130, 98, 83, 0.0976563); -webkit-composition-frame-color: rgba(191, 107, 82, 0.496094); \">Asimismo, se efectuar\u00e1 la XXVII edici\u00f3n del &nbsp;Foro de Predicci\u00f3n Clim\u00e1tica, el tercer encuentro de Servicios Clim\u00e1ticos de la Rep\u00fablica Mexicana y el tercer curso sobre \u201cPredicci\u00f3n clim\u00e1tica sub-estacional a estacional\u201d, que ser\u00e1 impartido por expertos del Climate Prediction Center (CPC) de la National Oceanic and &nbsp;Atmospheric Administration (NOAA) de los Estados Unidos; adem\u00e1s de din\u00e1micas coordinadas por el Servicio Meteorol\u00f3gico Nacional.<\/div>\n<div style=\"font-family: Noteworthy; font-size: 20px; font-weight: bold; line-height: 26px; -webkit-tap-highlight-color: rgba(26, 26, 26, 0.296875); -webkit-composition-fill-color: rgba(130, 98, 83, 0.0976563); -webkit-composition-frame-color: rgba(191, 107, 82, 0.496094); \">Este evento cuenta con el respaldo del Gobierno del Estado y la Junta de Agua Potable y Alcantarillado de Yucat\u00e1n (Japay), instituciones y asociaciones privadas, acad\u00e9micas y p\u00fablicas, as\u00ed como la Comisi\u00f3n Nacional del Agua (Conagua), el Instituto Mexicano de Tecnolog\u00eda del Agua (IMTA) y el Cap\u00edtulo M\u00e9xico de la &nbsp;International Water Association (IWA).<\/div>\n<div style=\"font-family: Noteworthy; font-size: 20px; font-weight: bold; line-height: 26px; -webkit-tap-highlight-color: rgba(26, 26, 26, 0.296875); -webkit-composition-fill-color: rgba(130, 98, 83, 0.0976563); -webkit-composition-frame-color: rgba(191, 107, 82, 0.496094); \">En cuanto a la Primera Carrera Aneas por el Agua, se llevar\u00e1 a cabo el 12 de noviembre partiendo del Parque de Las Am\u00e9ricas en punto de las 6:30 horas y tendr\u00e1 un recorrido de cinco kil\u00f3metros. Se espera la participaci\u00f3n de 300 personas en cuatro categor\u00edas: convencionista, libre, subm\u00e1ster y m\u00e1ster, en las ramas varonil y femenil.<\/div>\n<div style=\"font-family: Noteworthy; font-size: 20px; font-weight: bold; line-height: 26px; -webkit-tap-highlight-color: rgba(26, 26, 26, 0.296875); -webkit-composition-fill-color: rgba(130, 98, 83, 0.0976563); -webkit-composition-frame-color: rgba(191, 107, 82, 0.496094); \">Su realizaci\u00f3n tiene el objetivo de vincular el deporte y la cultura del cuidado del agua, con el fin de motivar a los actores del sector y a la poblaci\u00f3n en general a utilizar el recurso de forma responsable.<\/p>\n<div class=\"separator\" style=\"clear: both;\"><a href=\"https:\/\/lh4.googleusercontent.com\/-NnSy6ompWO0\/VCMaPSP3SJI\/AAAAAAAAkQw\/LFt9Hhrk0qs\/s640\/blogger-image-1326483515.jpg\" imageanchor=\"1\" style=\"margin-left: 1em; margin-right: 1em;\"><img decoding=\"async\" border=\"0\" src=\"https:\/\/lh4.googleusercontent.com\/-NnSy6ompWO0\/VCMaPSP3SJI\/AAAAAAAAkQw\/LFt9Hhrk0qs\/s640\/blogger-image-1326483515.jpg\"><\/a><\/div>\n<\/div>\n","protected":false},"excerpt":{"rendered":"<p>M\u00e9rida, Yucat\u00e1n, 24 de septiembre de 2014.- La XXVIII edici\u00f3n de la Convenci\u00f3n Anual y Expo de la Asociaci\u00f3n Nacional de Empresas de Agua y Saneamiento de M\u00e9xico (Aneas) tendr\u00e1<\/p>\n","protected":false},"author":1,"featured_media":14708,"comment_status":"open","ping_status":"open","sticky":false,"template":"","format":"standard","meta":{"jetpack_post_was_ever_published":false,"_jetpack_newsletter_access":"","_jetpack_dont_email_post_to_subs":false,"_jetpack_newsletter_tier_id":0,"_jetpack_memberships_contains_paywalled_content":false,"_jetpack_memberships_contains_paid_content":false,"footnotes":"","jetpack_publicize_message":"","jetpack_publicize_feature_enabled":true,"jetpack_social_post_already_shared":false,"jetpack_social_options":{"image_generator_settings":{"template":"highway","default_image_id":0,"font":"","enabled":false},"version":2}},"categories":[17,1],"tags":[],"class_list":["post-2298","post","type-post","status-publish","format-standard","has-post-thumbnail","hentry","category-politica-y-gobierno","category-sin-categoria"],"jetpack_publicize_connections":[],"jetpack_featured_media_url":"https:\/\/formalprision.com\/wp-content\/uploads\/2014\/09\/blogger-image-1326483515.jpg","jetpack_sharing_enabled":true,"jetpack_shortlink":"https:\/\/wp.me\/p6id8p-B4","_links":{"self":[{"href":"https:\/\/formalprision.com\/index.php?rest_route=\/wp\/v2\/posts\/2298","targetHints":{"allow":["GET"]}}],"collection":[{"href":"https:\/\/formalprision.com\/index.php?rest_route=\/wp\/v2\/posts"}],"about":[{"href":"https:\/\/formalprision.com\/index.php?rest_route=\/wp\/v2\/types\/post"}],"author":[{"embeddable":true,"href":"https:\/\/formalprision.com\/index.php?rest_route=\/wp\/v2\/users\/1"}],"replies":[{"embeddable":true,"href":"https:\/\/formalprision.com\/index.php?rest_route=%2Fwp%2Fv2%2Fcomments&post=2298"}],"version-history":[{"count":0,"href":"https:\/\/formalprision.com\/index.php?rest_route=\/wp\/v2\/posts\/2298\/revisions"}],"wp:featuredmedia":[{"embeddable":true,"href":"https:\/\/formalprision.com\/index.php?rest_route=\/wp\/v2\/media\/14708"}],"wp:attachment":[{"href":"https:\/\/formalprision.com\/index.php?rest_route=%2Fwp%2Fv2%2Fmedia&parent=2298"}],"wp:term":[{"taxonomy":"category","embeddable":true,"href":"https:\/\/formalprision.com\/index.php?rest_route=%2Fwp%2Fv2%2Fcategories&post=2298"},{"taxonomy":"post_tag","embeddable":true,"href":"https:\/\/formalprision.com\/index.php?rest_route=%2Fwp%2Fv2%2Ftags&post=2298"}],"curies":[{"name":"wp","href":"https:\/\/api.w.org\/{rel}","templated":true}]}}