{"id":2299,"date":"2014-09-24T19:20:00","date_gmt":"2014-09-24T19:20:00","guid":{"rendered":"http:\/\/formalprision.info\/2014\/09\/24\/rolando-zapata-inaugura-jornada-de\/"},"modified":"2015-06-03T08:34:54","modified_gmt":"2015-06-03T08:34:54","slug":"rolando-zapata-inaugura-jornada-de","status":"publish","type":"post","link":"https:\/\/formalprision.com\/?p=2299","title":{"rendered":"Rolando Zapata inaugura Jornada de Empleo para Personas con\nDiscapacidad y Adultos Mayores."},"content":{"rendered":"<div style=\"font-family: Noteworthy; font-size: 20px; font-weight: bold; line-height: 26px; -webkit-tap-highlight-color: rgba(26, 26, 26, 0.296875); -webkit-composition-fill-color: rgba(130, 98, 83, 0.0976563); -webkit-composition-frame-color: rgba(191, 107, 82, 0.496094); \">\n<div>M\u00e9rida, Yucat\u00e1n, 24 de septiembre de 2014.- Un total de 210 vacantes, ofertadas a trav\u00e9s de 12 empresas participantes, se brind\u00f3 durante la Segunda Jornada de Empleo para Personas con Discapacidad y Adultos Mayores, evento que organiz\u00f3 el Gobierno del Estado, para que los integrantes de estos sectores obtengan una oportunidad laboral.<\/div>\n<div>Al inaugurar esta edici\u00f3n, acompa\u00f1ado de la Presidenta del Sistema para el Desarrollo Integral de la Familia (DIF) en la entidad, Sarita Blancarte de Zapata, el Gobernador Rolando Zapata Bello subray\u00f3 que adem\u00e1s de sus resultados cuantitativos, los eventos de este tipo llevan el mensaje a la sociedad de que en Yucat\u00e1n se &nbsp;valora el esfuerzo y talento absolutamente de todos, como potencial para del desarrollo estatal.<\/div>\n<div>\u00abTodos debemos impulsar una cultura de inclusi\u00f3n en la que se valoren las capacidades y habilidades de las personas sin hacer distinci\u00f3n. Pero particularmente la mejor pol\u00edtica social es garantizar que todas las personas tengan un ingreso digno que les permita llevar a sus hogares, llevar a sus casas un ingreso y establecer con eso una base de bienestar esencial para las condiciones dignas de vida de todas sus familias\u201d, asegur\u00f3 el titular del Poder Ejecutivo.<\/div>\n<div>En el evento realizado en el Centro de Convenciones Yucat\u00e1n Siglo XXI, adem\u00e1s de reconocer a las empresas la visi\u00f3n de abrir espacios laborales que potencialicen el talento de cada yucateco, el mandatario entreg\u00f3 cinco motocicletas adaptadas a personas con discapacidad, acci\u00f3n que tiene el objetivo de facilitarles el traslado a su empleo y sus diligencias cotidianas.<\/div>\n<div>Por su parte, el secretario del Trabajo y Previsi\u00f3n Social del Estado, Enrique Castillo Ruz, asever\u00f3 que como parte de las iniciativas de vinculaci\u00f3n para buscadores de una plaza, se ofrecen cursos de Capacitaci\u00f3n para el Autoempleo y el programa Abriendo Espacios, el cual promueve la creaci\u00f3n y operaci\u00f3n de bolsas especializadas en la materia. &nbsp;<\/div>\n<div>Agreg\u00f3 que en esta Jornada tambi\u00e9n participan brindando informaci\u00f3n &nbsp;sobre los esquemas con los que cuentan para atender a estos sectores las Secretar\u00edas de Desarrollo Social federal y local (Sedesol), los Centros de Capacitaci\u00f3n para el Trabajo Industrial (Cecati), y de Rehabilitaci\u00f3n y Educaci\u00f3n Especial (CREE), los Institutos de Educaci\u00f3n para Adultos del Estado (Ieaey) y Nacional de las Personas Adultas Mayores (Inapam), adem\u00e1s del DIF Yucat\u00e1n.<\/div>\n<div>A nombre de quienes fueron beneficiados con las motocicletas adaptadas habl\u00f3 Jos\u00e9 Miguel Pech Uh, quien explic\u00f3 que gracias al apoyo recibido ya no tendr\u00e1 que tomar los seis camiones que requer\u00eda para trasladarse a sus dos empleos.<\/div>\n<div>\u201cSomos un grupo vulnerable, no precisamente por nuestra condici\u00f3n sino porque no se nos valora por nuestras capacidades. Con la moto trasladarme al trabajo ser\u00e1 menos cansado y podr\u00e9 seguirle brindando a mis hijos la educaci\u00f3n que merecen\u201d, expres\u00f3.<\/div>\n<div>El delegado federal de la Secretar\u00eda del Trabajo y Previsi\u00f3n Social (STPS), Ricardo B\u00e9jar Herrera, indic\u00f3 que el Gobierno de la Rep\u00fablica continuar\u00e1 impulsando los esfuerzos coordinados con la administraci\u00f3n estatal para garantizar las condiciones que generen m\u00e1s plazas laborales dignas, con el objetivo de seguir construyendo un M\u00e9xico incluyente y pr\u00f3spero.<\/div>\n<div>Previo al acto protocolario, el mandatario y dem\u00e1s autoridades recorrieron los diversos m\u00f3dulos en los cuales se ofertaron puestos t\u00e9cnicos y operativos como auxiliares de caja y de cocina, monitoristas y guardias de seguridad, adem\u00e1s de asesores telef\u00f3nicos y financieros, por mencionar algunos.<\/div>\n<div>En el evento estuvieron presentes el secretario de Fomento Econ\u00f3mico, David Alpizar Carrillo, y los presidentes del Congreso del Trabajo delegaci\u00f3n Yucat\u00e1n, Ernesto Sonda Castro, y del Consejo Coordinador Empresarial (CCE), Mario Can Mar\u00edn.<\/div>\n<div>De igual modo, el director General del DIF estatal, Limber Sosa Lara; el diputado local, Pedro Oxt\u00e9 Conrado, y el secretario General de la Federaci\u00f3n de Trabajadores de Yucat\u00e1n de la Confederaci\u00f3n de Trabajadores de M\u00e9xico (CTM), Mario Tr\u00e1nsito Chan Chan.<\/div>\n<div>\n<div class=\"separator\" style=\"clear: both;\"><a href=\"https:\/\/lh5.googleusercontent.com\/-FgbDg2RT-Ok\/VCMZadjwEqI\/AAAAAAAAkQo\/CTHNfPbg-KU\/s640\/blogger-image--745402439.jpg\" imageanchor=\"1\" style=\"margin-left: 1em; margin-right: 1em;\"><img decoding=\"async\" border=\"0\" src=\"https:\/\/lh5.googleusercontent.com\/-FgbDg2RT-Ok\/VCMZadjwEqI\/AAAAAAAAkQo\/CTHNfPbg-KU\/s640\/blogger-image--745402439.jpg\"><\/a><\/div>\n<p><\/div>\n<\/div>\n","protected":false},"excerpt":{"rendered":"<p>M\u00e9rida, Yucat\u00e1n, 24 de septiembre de 2014.- Un total de 210 vacantes, ofertadas a trav\u00e9s de 12 empresas participantes, se brind\u00f3 durante la Segunda Jornada de Empleo para Personas con<\/p>\n","protected":false},"author":1,"featured_media":14710,"comment_status":"open","ping_status":"open","sticky":false,"template":"","format":"standard","meta":{"jetpack_post_was_ever_published":false,"_jetpack_newsletter_access":"","_jetpack_dont_email_post_to_subs":false,"_jetpack_newsletter_tier_id":0,"_jetpack_memberships_contains_paywalled_content":false,"_jetpack_memberships_contains_paid_content":false,"footnotes":"","jetpack_publicize_message":"","jetpack_publicize_feature_enabled":true,"jetpack_social_post_already_shared":false,"jetpack_social_options":{"image_generator_settings":{"template":"highway","default_image_id":0,"font":"","enabled":false},"version":2}},"categories":[17,1],"tags":[],"class_list":["post-2299","post","type-post","status-publish","format-standard","has-post-thumbnail","hentry","category-politica-y-gobierno","category-sin-categoria"],"jetpack_publicize_connections":[],"jetpack_featured_media_url":"https:\/\/formalprision.com\/wp-content\/uploads\/2014\/09\/blogger-image-745402439.jpg","jetpack_sharing_enabled":true,"jetpack_shortlink":"https:\/\/wp.me\/p6id8p-B5","_links":{"self":[{"href":"https:\/\/formalprision.com\/index.php?rest_route=\/wp\/v2\/posts\/2299","targetHints":{"allow":["GET"]}}],"collection":[{"href":"https:\/\/formalprision.com\/index.php?rest_route=\/wp\/v2\/posts"}],"about":[{"href":"https:\/\/formalprision.com\/index.php?rest_route=\/wp\/v2\/types\/post"}],"author":[{"embeddable":true,"href":"https:\/\/formalprision.com\/index.php?rest_route=\/wp\/v2\/users\/1"}],"replies":[{"embeddable":true,"href":"https:\/\/formalprision.com\/index.php?rest_route=%2Fwp%2Fv2%2Fcomments&post=2299"}],"version-history":[{"count":0,"href":"https:\/\/formalprision.com\/index.php?rest_route=\/wp\/v2\/posts\/2299\/revisions"}],"wp:featuredmedia":[{"embeddable":true,"href":"https:\/\/formalprision.com\/index.php?rest_route=\/wp\/v2\/media\/14710"}],"wp:attachment":[{"href":"https:\/\/formalprision.com\/index.php?rest_route=%2Fwp%2Fv2%2Fmedia&parent=2299"}],"wp:term":[{"taxonomy":"category","embeddable":true,"href":"https:\/\/formalprision.com\/index.php?rest_route=%2Fwp%2Fv2%2Fcategories&post=2299"},{"taxonomy":"post_tag","embeddable":true,"href":"https:\/\/formalprision.com\/index.php?rest_route=%2Fwp%2Fv2%2Ftags&post=2299"}],"curies":[{"name":"wp","href":"https:\/\/api.w.org\/{rel}","templated":true}]}}