{"id":23,"date":"2015-06-01T20:13:00","date_gmt":"2015-06-01T20:13:00","guid":{"rendered":"http:\/\/formalprision.info\/2015\/06\/01\/el-pleito-entre-vandalos-en-peto-dejo\/"},"modified":"2015-06-03T08:20:49","modified_gmt":"2015-06-03T08:20:49","slug":"el-pleito-entre-vandalos-en-peto-dejo","status":"publish","type":"post","link":"https:\/\/formalprision.com\/?p=23","title":{"rendered":"El pleito entre v\u00e1ndalos en Peto dej\u00f3 un solo muerto: Said\u00e9n"},"content":{"rendered":"<div style=\"color: rgba(0, 0, 0, 0.701961); font-family: UICTFontTextStyleBody; font-size: 29px; -webkit-composition-fill-color: rgba(130, 98, 83, 0.0980392); margin: 0px; padding: 0px; border: 0px; outline: 0px; vertical-align: baseline;\">El secretario de Seguridad P\u00fablica, Luis Felipe Saiden Ojeda, neg\u00f3 que hubiesen sido dos los fallecidos en el enfrentamiento que tuvieron anoche &nbsp;en Peto integrantes de las bandas Barrio Pobre y Los Yoker.<\/div>\n<div style=\"color: rgba(0, 0, 0, 0.701961); font-family: UICTFontTextStyleBody; font-size: 29px; -webkit-composition-fill-color: rgba(130, 98, 83, 0.0980392); margin: 0px; padding: 0px; border: 0px; outline: 0px; vertical-align: baseline;\"><\/div>\n<div style=\"color: rgba(0, 0, 0, 0.701961); font-family: UICTFontTextStyleBody; font-size: 29px; -webkit-composition-fill-color: rgba(130, 98, 83, 0.0980392); margin: 0px; padding: 0px; border: 0px; outline: 0px; vertical-align: baseline;\">Exigi\u00f3 no politizar este hecho en el que un joven perdi\u00f3 la vida y 8 personas resultaron heridas, en lo que parece ser un a\u00f1ejo pleito entre pandillas.<\/div>\n<div style=\"color: rgba(0, 0, 0, 0.701961); font-family: UICTFontTextStyleBody; font-size: 29px; -webkit-composition-fill-color: rgba(130, 98, 83, 0.0980392); margin: 0px; padding: 0px; border: 0px; outline: 0px; vertical-align: baseline;\"><\/div>\n<div style=\"color: rgba(0, 0, 0, 0.701961); font-family: UICTFontTextStyleBody; font-size: 29px; -webkit-composition-fill-color: rgba(130, 98, 83, 0.0980392); margin: 0px; padding: 0px; border: 0px; outline: 0px; vertical-align: baseline;\">\u00abEs falso que haya 2 muertos, les pedimos a todos los actores pol\u00edticos del estado que sean serios\u00bb, dijo<\/div>\n<div style=\"color: rgba(0, 0, 0, 0.701961); font-family: UICTFontTextStyleBody; font-size: 29px; -webkit-composition-fill-color: rgba(130, 98, 83, 0.0980392); margin: 0px; padding: 0px; border: 0px; outline: 0px; vertical-align: baseline;\"><\/div>\n<div style=\"color: rgba(0, 0, 0, 0.701961); font-family: UICTFontTextStyleBody; font-size: 29px; -webkit-composition-fill-color: rgba(130, 98, 83, 0.0980392); margin: 0px; padding: 0px; border: 0px; outline: 0px; vertical-align: baseline;\">\u00abCon declaraciones falsas e informaci\u00f3n manipulada se causa una sensaci\u00f3n equivocada y no debe ser\u00bb, sentenci\u00f3 en respuesta a las declaraciones de dirigentes panistas que buscan politizar el conflicto.<\/div>\n<div style=\"color: rgba(0, 0, 0, 0.701961); font-family: UICTFontTextStyleBody; font-size: 29px; -webkit-composition-fill-color: rgba(130, 98, 83, 0.0980392); margin: 0px; padding: 0px; border: 0px; outline: 0px; vertical-align: baseline;\"><\/div>\n<div style=\"color: rgba(0, 0, 0, 0.701961); font-family: UICTFontTextStyleBody; font-size: 29px; -webkit-composition-fill-color: rgba(130, 98, 83, 0.0980392); margin: 0px; padding: 0px; border: 0px; outline: 0px; vertical-align: baseline;\">Inform\u00f3 que la corporaci\u00f3n recibi\u00f3 el reporte ayer poco antes de las&nbsp;<a href=\"x-apple-data-detectors:\/\/1\" x-apple-data-detectors=\"true\" x-apple-data-detectors-type=\"calendar-event\" x-apple-data-detectors-result=\"1\" style=\"margin: 0px; padding: 0px; border: 0px; outline: 0px; vertical-align: baseline; text-decoration: none;\">8:30<\/a>&nbsp;<a href=\"x-apple-data-detectors:\/\/2\" x-apple-data-detectors=\"true\" x-apple-data-detectors-type=\"calendar-event\" x-apple-data-detectors-result=\"2\" style=\"margin: 0px; padding: 0px; border: 0px; outline: 0px; vertical-align: baseline; text-decoration: none;\">de la noche y a las 8:39<\/a>&nbsp;llegaron al sitio y detuvieron a 4 personas, todos ellos mayores de edad, adem\u00e1s de resguardar una escopeta.<\/div>\n<div style=\"color: rgba(0, 0, 0, 0.701961); font-family: UICTFontTextStyleBody; font-size: 29px; -webkit-composition-fill-color: rgba(130, 98, 83, 0.0980392); margin: 0px; padding: 0px; border: 0px; outline: 0px; vertical-align: baseline;\"><\/div>\n<div style=\"color: rgba(0, 0, 0, 0.701961); font-family: UICTFontTextStyleBody; font-size: 29px; -webkit-composition-fill-color: rgba(130, 98, 83, 0.0980392); margin: 0px; padding: 0px; border: 0px; outline: 0px; vertical-align: baseline;\">En el lugar estaba Marco Francisco Canch\u00e9 Moo, quien recibi\u00f3 varias heridas y falleci\u00f3 por choque hemorr\u00e1gico en el sitio.<\/div>\n<div style=\"color: rgba(0, 0, 0, 0.701961); font-family: UICTFontTextStyleBody; font-size: 29px; -webkit-composition-fill-color: rgba(130, 98, 83, 0.0980392); margin: 0px; padding: 0px; border: 0px; outline: 0px; vertical-align: baseline;\"><\/div>\n<div style=\"color: rgba(0, 0, 0, 0.701961); font-family: UICTFontTextStyleBody; font-size: 29px; -webkit-composition-fill-color: rgba(130, 98, 83, 0.0980392); margin: 0px; padding: 0px; border: 0px; outline: 0px; vertical-align: baseline;\">Saiden Ojeda coment\u00f3 que se ignora si alguno de los heridos estaba yendo a un mitin panista, pero la Fiscal\u00eda General del Estado ya investiga el caso.<\/div>\n<div style=\"color: rgba(0, 0, 0, 0.701961); font-family: UICTFontTextStyleBody; font-size: 29px; -webkit-composition-fill-color: rgba(130, 98, 83, 0.0980392); margin: 0px; padding: 0px; border: 0px; outline: 0px; vertical-align: baseline;\">Anunci\u00f3 que la seguridad ya se refuerza en el interior del estado para evitar que se repita este tipo de situaciones e insisti\u00f3 en el exhorto de no politizar el asunto para no afectar la estabilidad social de los yucatecos.<\/div>\n<div style=\"color: rgba(0, 0, 0, 0.701961); font-family: UICTFontTextStyleBody; font-size: 29px; -webkit-composition-fill-color: rgba(130, 98, 83, 0.0980392); margin: 0px; padding: 0px; border: 0px; outline: 0px; vertical-align: baseline;\">\n<div class=\"separator\" style=\"clear: both;\"><a href=\"https:\/\/lh3.googleusercontent.com\/-8LObPCkgJMM\/VWy9SX_3nMI\/AAAAAAAAoZs\/HJ1njaQIEjk\/s640\/blogger-image-897183871.jpg\" imageanchor=\"1\" style=\"margin-left: 1em; margin-right: 1em;\"><img decoding=\"async\" border=\"0\" src=\"https:\/\/lh3.googleusercontent.com\/-8LObPCkgJMM\/VWy9SX_3nMI\/AAAAAAAAoZs\/HJ1njaQIEjk\/s640\/blogger-image-897183871.jpg\"><\/a><\/div>\n<p><\/div>\n<div style=\"color: rgba(0, 0, 0, 0.701961); font-family: UICTFontTextStyleBody; font-size: 29px; -webkit-composition-fill-color: rgba(130, 98, 83, 0.0980392); margin: 0px; padding: 0px; border: 0px; outline: 0px; vertical-align: baseline;\"><\/div>\n<div style=\"color: rgba(0, 0, 0, 0.701961); font-family: UICTFontTextStyleBody; font-size: 29px; -webkit-composition-fill-color: rgba(130, 98, 83, 0.0980392); margin: 0px; padding: 0px; border: 0px; outline: 0px; vertical-align: baseline;\"><\/div>\n","protected":false},"excerpt":{"rendered":"<p>El secretario de Seguridad P\u00fablica, Luis Felipe Saiden Ojeda, neg\u00f3 que hubiesen sido dos los fallecidos en el enfrentamiento que tuvieron anoche &nbsp;en Peto integrantes de las bandas Barrio Pobre<\/p>\n","protected":false},"author":1,"featured_media":10042,"comment_status":"open","ping_status":"open","sticky":false,"template":"","format":"standard","meta":{"jetpack_post_was_ever_published":false,"_jetpack_newsletter_access":"","_jetpack_dont_email_post_to_subs":false,"_jetpack_newsletter_tier_id":0,"_jetpack_memberships_contains_paywalled_content":false,"_jetpack_memberships_contains_paid_content":false,"footnotes":"","jetpack_publicize_message":"","jetpack_publicize_feature_enabled":true,"jetpack_social_post_already_shared":false,"jetpack_social_options":{"image_generator_settings":{"template":"highway","default_image_id":0,"font":"","enabled":false},"version":2}},"categories":[17,1],"tags":[],"class_list":["post-23","post","type-post","status-publish","format-standard","has-post-thumbnail","hentry","category-politica-y-gobierno","category-sin-categoria"],"jetpack_publicize_connections":[],"jetpack_featured_media_url":"https:\/\/formalprision.com\/wp-content\/uploads\/2015\/06\/blogger-image-897183871.jpg","jetpack_sharing_enabled":true,"jetpack_shortlink":"https:\/\/wp.me\/p6id8p-n","_links":{"self":[{"href":"https:\/\/formalprision.com\/index.php?rest_route=\/wp\/v2\/posts\/23","targetHints":{"allow":["GET"]}}],"collection":[{"href":"https:\/\/formalprision.com\/index.php?rest_route=\/wp\/v2\/posts"}],"about":[{"href":"https:\/\/formalprision.com\/index.php?rest_route=\/wp\/v2\/types\/post"}],"author":[{"embeddable":true,"href":"https:\/\/formalprision.com\/index.php?rest_route=\/wp\/v2\/users\/1"}],"replies":[{"embeddable":true,"href":"https:\/\/formalprision.com\/index.php?rest_route=%2Fwp%2Fv2%2Fcomments&post=23"}],"version-history":[{"count":0,"href":"https:\/\/formalprision.com\/index.php?rest_route=\/wp\/v2\/posts\/23\/revisions"}],"wp:featuredmedia":[{"embeddable":true,"href":"https:\/\/formalprision.com\/index.php?rest_route=\/wp\/v2\/media\/10042"}],"wp:attachment":[{"href":"https:\/\/formalprision.com\/index.php?rest_route=%2Fwp%2Fv2%2Fmedia&parent=23"}],"wp:term":[{"taxonomy":"category","embeddable":true,"href":"https:\/\/formalprision.com\/index.php?rest_route=%2Fwp%2Fv2%2Fcategories&post=23"},{"taxonomy":"post_tag","embeddable":true,"href":"https:\/\/formalprision.com\/index.php?rest_route=%2Fwp%2Fv2%2Ftags&post=23"}],"curies":[{"name":"wp","href":"https:\/\/api.w.org\/{rel}","templated":true}]}}