{"id":2301,"date":"2014-09-24T16:10:00","date_gmt":"2014-09-24T16:10:00","guid":{"rendered":"http:\/\/formalprision.info\/2014\/09\/24\/detectan-cancer-actor-que-la-hace-de\/"},"modified":"2015-06-03T08:34:54","modified_gmt":"2015-06-03T08:34:54","slug":"detectan-cancer-actor-que-la-hace-de","status":"publish","type":"post","link":"https:\/\/formalprision.com\/?p=2301","title":{"rendered":"Detectan c\u00e1ncer a actor que la hace de &#8216;stripper&#8217; en Las Bravo"},"content":{"rendered":"<p>El actor H\u00e9ctor Arredondo fue diagnosticado con c\u00e1ncer de p\u00e1ncreas, seg\u00fan inform\u00f3 el programa televisivo \u201cVentaneando\u201d.&nbsp;<br \/>\nDurante la grabaci\u00f3n de la telenovela \u201cLas Bravo\u201d comenz\u00f3 a sentirse mal y a sufrir fuertes dolores abdominales, que atribuy\u00f3 al cansancio por el trabajo.&nbsp;<br \/>\nSin embargo, al finalizar las grabaciones el malestar se intensific\u00f3 y se someti\u00f3 a an\u00e1lisis en los que se revel\u00f3 la enfermedad, informa el sitio vanguardia.com.&nbsp;<br \/>\nArredondo acudi\u00f3 con un reconocido especialista que le sugiri\u00f3 un plan de acci\u00f3n, pero \u00e9l tom\u00f3 la decisi\u00f3n de realizar un tratamiento alternativo.&nbsp;<br \/>\nDe acuerdo con el programa televisivo, hasta el momento se desconoce el estado y avance del padecimiento, pues el actor ha preferido no realizar declaraciones.<br \/>\nH\u00e9ctor Arredondo ha trabajado en varias telenovelas de TV Azteca y por estos d\u00edas aparece en \u00abLas Bravo\u00bb, que protagonizada Edith Gonz\u00e1lez y en la que act\u00faa de \u00abstripper\u00bb.<\/p>\n<div class=\"separator\" style=\"clear: both; text-align: center;\">\n<a href=\"http:\/\/formalprision.com\/wp-content\/uploads\/2014\/09\/arredondo.jpg\" imageanchor=\"1\" style=\"margin-left: 1em; margin-right: 1em;\"><img loading=\"lazy\" decoding=\"async\" border=\"0\" src=\"http:\/\/formalprision.com\/wp-content\/uploads\/2014\/09\/arredondo.jpg\" height=\"216\" width=\"320\" \/><\/a><\/div>\n","protected":false},"excerpt":{"rendered":"<p>El actor H\u00e9ctor Arredondo fue diagnosticado con c\u00e1ncer de p\u00e1ncreas, seg\u00fan inform\u00f3 el programa televisivo \u201cVentaneando\u201d.&nbsp; Durante la grabaci\u00f3n de la telenovela \u201cLas Bravo\u201d comenz\u00f3 a sentirse mal y a<\/p>\n","protected":false},"author":1,"featured_media":14713,"comment_status":"open","ping_status":"open","sticky":false,"template":"","format":"standard","meta":{"jetpack_post_was_ever_published":false,"_jetpack_newsletter_access":"","_jetpack_dont_email_post_to_subs":false,"_jetpack_newsletter_tier_id":0,"_jetpack_memberships_contains_paywalled_content":false,"_jetpack_memberships_contains_paid_content":false,"footnotes":"","jetpack_publicize_message":"","jetpack_publicize_feature_enabled":true,"jetpack_social_post_already_shared":false,"jetpack_social_options":{"image_generator_settings":{"template":"highway","default_image_id":0,"font":"","enabled":false},"version":2}},"categories":[1,49],"tags":[],"class_list":["post-2301","post","type-post","status-publish","format-standard","has-post-thumbnail","hentry","category-sin-categoria","category-tocho-morocho"],"jetpack_publicize_connections":[],"jetpack_featured_media_url":"https:\/\/formalprision.com\/wp-content\/uploads\/2014\/09\/arredondo.jpg","jetpack_sharing_enabled":true,"jetpack_shortlink":"https:\/\/wp.me\/p6id8p-B7","_links":{"self":[{"href":"https:\/\/formalprision.com\/index.php?rest_route=\/wp\/v2\/posts\/2301","targetHints":{"allow":["GET"]}}],"collection":[{"href":"https:\/\/formalprision.com\/index.php?rest_route=\/wp\/v2\/posts"}],"about":[{"href":"https:\/\/formalprision.com\/index.php?rest_route=\/wp\/v2\/types\/post"}],"author":[{"embeddable":true,"href":"https:\/\/formalprision.com\/index.php?rest_route=\/wp\/v2\/users\/1"}],"replies":[{"embeddable":true,"href":"https:\/\/formalprision.com\/index.php?rest_route=%2Fwp%2Fv2%2Fcomments&post=2301"}],"version-history":[{"count":0,"href":"https:\/\/formalprision.com\/index.php?rest_route=\/wp\/v2\/posts\/2301\/revisions"}],"wp:featuredmedia":[{"embeddable":true,"href":"https:\/\/formalprision.com\/index.php?rest_route=\/wp\/v2\/media\/14713"}],"wp:attachment":[{"href":"https:\/\/formalprision.com\/index.php?rest_route=%2Fwp%2Fv2%2Fmedia&parent=2301"}],"wp:term":[{"taxonomy":"category","embeddable":true,"href":"https:\/\/formalprision.com\/index.php?rest_route=%2Fwp%2Fv2%2Fcategories&post=2301"},{"taxonomy":"post_tag","embeddable":true,"href":"https:\/\/formalprision.com\/index.php?rest_route=%2Fwp%2Fv2%2Ftags&post=2301"}],"curies":[{"name":"wp","href":"https:\/\/api.w.org\/{rel}","templated":true}]}}