{"id":2303,"date":"2014-09-24T15:52:00","date_gmt":"2014-09-24T15:52:00","guid":{"rendered":"http:\/\/formalprision.info\/2014\/09\/24\/finaliza-con-exito-rotundo-presentacion\/"},"modified":"2015-06-03T08:34:54","modified_gmt":"2015-06-03T08:34:54","slug":"finaliza-con-exito-rotundo-presentacion","status":"publish","type":"post","link":"https:\/\/formalprision.com\/?p=2303","title":{"rendered":"Finaliza con \u00e9xito rotundo presentaci\u00f3n del Ballet Nacional de Cuba en\nYucat\u00e1n"},"content":{"rendered":"<div style=\"font-family: Noteworthy; font-size: 20px; font-weight: bold; line-height: 26px; -webkit-tap-highlight-color: rgba(26, 26, 26, 0.296875); -webkit-composition-fill-color: rgba(130, 98, 83, 0.0976563); -webkit-composition-frame-color: rgba(191, 107, 82, 0.496094); \">\n<div>Con otro lleno total en el&nbsp;teatro \u201cArmando Manzanero\u201d de esta ciudad y un \u00e9xito rotundo, el Ballet&nbsp;Nacional de Cuba finaliz\u00f3 sus presentaciones en Yucat\u00e1n con la obra&nbsp;Copp\u00e9lia, espect\u00e1culo que durante dos d\u00edas congreg\u00f3 a m\u00e1s de dos mil<\/div>\n<div>espectadores.<\/div>\n<div>Como parte del Oto\u00f1o Cultural 2014, la m\u00e1xima fiesta anual de las artes en&nbsp;la entidad, la compa\u00f1\u00eda cubana, que dirige la prima ballerina assoluta&nbsp;Alicia Alonso, ofreci\u00f3 esta noche su segunda funci\u00f3n gratuita, teniendo&nbsp;como protagonistas en escena a Amaya Rodr\u00edguez, Ari\u00e1n Molina y Ernesto&nbsp;D\u00edaz, en los papeles de Swanilda, Franz y Doctor Copp\u00e9lius, respectivamente.<\/div>\n<div>El p\u00fablico yucateco mostr\u00f3 una vez m\u00e1s su reconocimiento y admiraci\u00f3n por&nbsp;la calidad interpretativa de esta agrupaci\u00f3n art\u00edstica, considerada como&nbsp;una de las mejores del mundo, y llen\u00f3 por segunda noche consecutiva las&nbsp;localidades del mencionado recinto teatral, ubicado en pleno coraz\u00f3n del&nbsp;Centro Hist\u00f3rico de M\u00e9rida.<\/div>\n<div>Siguiendo una estrategia para &nbsp;acercar eventos de calidad internacional a&nbsp;toda la poblaci\u00f3n, adem\u00e1s de establecer mecanismos para dinamizar el centro&nbsp;de esta capital, la Secretar\u00eda de la Cultura y las Artes (Sedeculta)&nbsp;organiz\u00f3 dos funciones de gala con el Ballet Nacional de Cuba, que se ha&nbsp;convertido en el favorito de los espectadores locales.<\/div>\n<div>Como sucedi\u00f3 la noche anterior, p\u00fablico de todas las edades se dio cita&nbsp;desde temprana hora para ingresar al teatro \u201cArmando Manzanero\u201d, que vio&nbsp;llenas cada una de sus butacas con un montaje que se ha presentado en los&nbsp;mejores escenarios del mundo, teniendo entre sus asistentes a la reconocida&nbsp;bailarina cubana, Viengsay Vald\u00e9s, quien la noche anterior deleit\u00f3 a los&nbsp;espectadores con su talento.<\/div>\n<div>Al igual que la v\u00edspera, la precisa ejecuci\u00f3n y notable t\u00e9cnica del cuerpo&nbsp;de ballet arranc\u00f3 sendas ovaciones de los espectadores que, al concluir&nbsp;cada pasaje, dejaban en claro su reconocimiento.<\/div>\n<div>La primera de las presentaciones que tuvo lugar en el citado recinto, tuvo&nbsp;como primera bailarina a Viengsay Vald\u00e9s, acompa\u00f1ada en escena por V\u00edctor&nbsp;Est\u00e9vez, mientras que el papel del Doctor Copp\u00e9lius recay\u00f3 en F\u00e9lix&nbsp;Rodr\u00edguez.<\/div>\n<div>Previo a la segunda y \u00faltima presentaci\u00f3n, Jesica Ortiz Mena, joven&nbsp;estudiante de ballet, expres\u00f3 su satisfacci\u00f3n porque el Gobierno del Estado&nbsp;organice este tipo de espect\u00e1culos, sobre todo porque le da la oportunidad&nbsp;de observar de primera mano a una de las compa\u00f1\u00edas consideradas como de las&nbsp;mejores del orbe.<\/div>\n<div>A su vez, Lorena Ruiz Boj\u00f3rquez, quien desde temprana hora aguard\u00f3 para&nbsp;ingresar a la sala principal del teatro, se\u00f1al\u00f3 que es un gran acierto de&nbsp;la Sedeculta gestionar eventos de alto nivel y de manera totalmente&nbsp;gratuita, pues ello permite que exista un verdadero acercamiento a las&nbsp;bellas artes.<\/p>\n<div class=\"separator\" style=\"clear: both;\"><a href=\"https:\/\/lh5.googleusercontent.com\/-kfb6RMITe8k\/VCLoph5s9TI\/AAAAAAAAkQY\/l3-2Dn5sGE0\/s640\/blogger-image-1288508848.jpg\" imageanchor=\"1\" style=\"margin-left: 1em; margin-right: 1em;\"><img decoding=\"async\" border=\"0\" src=\"https:\/\/lh5.googleusercontent.com\/-kfb6RMITe8k\/VCLoph5s9TI\/AAAAAAAAkQY\/l3-2Dn5sGE0\/s640\/blogger-image-1288508848.jpg\"><\/a><\/div>\n<\/div>\n<div><\/div>\n<\/div>\n","protected":false},"excerpt":{"rendered":"<p>Con otro lleno total en el&nbsp;teatro \u201cArmando Manzanero\u201d de esta ciudad y un \u00e9xito rotundo, el Ballet&nbsp;Nacional de Cuba finaliz\u00f3 sus presentaciones en Yucat\u00e1n con la obra&nbsp;Copp\u00e9lia, espect\u00e1culo que durante<\/p>\n","protected":false},"author":1,"featured_media":14718,"comment_status":"open","ping_status":"open","sticky":false,"template":"","format":"standard","meta":{"jetpack_post_was_ever_published":false,"_jetpack_newsletter_access":"","_jetpack_dont_email_post_to_subs":false,"_jetpack_newsletter_tier_id":0,"_jetpack_memberships_contains_paywalled_content":false,"_jetpack_memberships_contains_paid_content":false,"footnotes":"","jetpack_publicize_message":"","jetpack_publicize_feature_enabled":true,"jetpack_social_post_already_shared":false,"jetpack_social_options":{"image_generator_settings":{"template":"highway","default_image_id":0,"font":"","enabled":false},"version":2}},"categories":[1,49],"tags":[],"class_list":["post-2303","post","type-post","status-publish","format-standard","has-post-thumbnail","hentry","category-sin-categoria","category-tocho-morocho"],"jetpack_publicize_connections":[],"jetpack_featured_media_url":"https:\/\/formalprision.com\/wp-content\/uploads\/2014\/09\/blogger-image-1288508848.jpg","jetpack_sharing_enabled":true,"jetpack_shortlink":"https:\/\/wp.me\/p6id8p-B9","_links":{"self":[{"href":"https:\/\/formalprision.com\/index.php?rest_route=\/wp\/v2\/posts\/2303","targetHints":{"allow":["GET"]}}],"collection":[{"href":"https:\/\/formalprision.com\/index.php?rest_route=\/wp\/v2\/posts"}],"about":[{"href":"https:\/\/formalprision.com\/index.php?rest_route=\/wp\/v2\/types\/post"}],"author":[{"embeddable":true,"href":"https:\/\/formalprision.com\/index.php?rest_route=\/wp\/v2\/users\/1"}],"replies":[{"embeddable":true,"href":"https:\/\/formalprision.com\/index.php?rest_route=%2Fwp%2Fv2%2Fcomments&post=2303"}],"version-history":[{"count":0,"href":"https:\/\/formalprision.com\/index.php?rest_route=\/wp\/v2\/posts\/2303\/revisions"}],"wp:featuredmedia":[{"embeddable":true,"href":"https:\/\/formalprision.com\/index.php?rest_route=\/wp\/v2\/media\/14718"}],"wp:attachment":[{"href":"https:\/\/formalprision.com\/index.php?rest_route=%2Fwp%2Fv2%2Fmedia&parent=2303"}],"wp:term":[{"taxonomy":"category","embeddable":true,"href":"https:\/\/formalprision.com\/index.php?rest_route=%2Fwp%2Fv2%2Fcategories&post=2303"},{"taxonomy":"post_tag","embeddable":true,"href":"https:\/\/formalprision.com\/index.php?rest_route=%2Fwp%2Fv2%2Ftags&post=2303"}],"curies":[{"name":"wp","href":"https:\/\/api.w.org\/{rel}","templated":true}]}}