{"id":2307,"date":"2014-09-24T03:49:00","date_gmt":"2014-09-24T03:49:00","guid":{"rendered":"http:\/\/formalprision.info\/2014\/09\/24\/liberan-balseros-cubanos-y-regresan\/"},"modified":"2015-06-03T08:34:56","modified_gmt":"2015-06-03T08:34:56","slug":"liberan-balseros-cubanos-y-regresan","status":"publish","type":"post","link":"https:\/\/formalprision.com\/?p=2307","title":{"rendered":"Liberan a balseros cubanos y regresan a M\u00e9rida"},"content":{"rendered":"<div style=\"font-family: Noteworthy; font-size: 20px; font-weight: bold; line-height: 26px; -webkit-tap-highlight-color: rgba(26, 26, 26, 0.296875); -webkit-composition-fill-color: rgba(130, 98, 83, 0.0976563); -webkit-composition-frame-color: rgba(191, 107, 82, 0.496094); \">\n<div>Los balseros cubanos rescatados en d\u00edas pasados &nbsp;frente a costas de la Pen\u00ednsula de Yucat\u00e1n fueron liberados y la noche de este martes llegaron a M\u00e9rida.<\/div>\n<div>Los isle\u00f1os fueron dejados en libertad luego de que el gobierno cubano determin\u00f3 no repatriarlos.<\/div>\n<div>En un autob\u00fas del ADO, el grupo de cubanos lleg\u00f3 a M\u00e9rida, donde fueron recibidos por cubanos radicados en la capital yucateca y otras personas que decidieron ayudarlos desde que se dio a conocer su rescate.<\/div>\n<div>Algunos compraron boletos para viajar al norte del pa\u00eds y de ah\u00ed intentar cruzar a los Estados Unidos.<\/div>\n<div>La mayor\u00eda dijo que viajar\u00e1n a Estafos Unidos, espec\u00edficamente a Miami, donde tienen familia,aires y amigos, pero todav\u00eda definir\u00e1n c\u00f3mo se ir\u00e1n, pues en M\u00e9xico deben realizar determinados tr\u00e1mites para regularizar su situaci\u00f3n en el pa\u00eds.<\/div>\n<div>Los cubanos, 15 en total,permanec\u00edan en la estaci\u00f3n del Instituto Nacional de Migraci\u00f3n &nbsp;de Chetumal, Quintana Roo, a donde fueron llevados desde M\u00e9rida una semana desou\u00e9s de su rescate.<\/div>\n<div>La Secretar\u00eda de Marina Armada de M\u00e9xico (Semar) rescat\u00f3 el 1 de septiembre a 17 balseros cubanos que iban a bordo de una embarcaci\u00f3n de fabricaci\u00f3n casera. Dos de los 17 cubanos murieron: uno durante la traves\u00eda y otro m\u00e1s a bordo del buque de la Armada.<\/div>\n<div>Los 15 balseros liberados hoy Adamariz Pardo, Yaima Pantoja Maldonado, Mayl\u00edn P\u00e9rez Aguilar, Yuzleidi Galardi Matamoros, Einis P\u00e9rez Vega, Jazm\u00edn L\u00f3pez Ch\u00e1vez y Lil\u00ed Moreno L\u00f3pez.Yanui Michael Lao Jim\u00e9nez, Andr\u00e9s Fern\u00e1ndez de la Paz, Pedro Jes\u00fas Areu, Marco Antonio Siol Ruiz, Manuel Leonardo San Miguel Salgado, Alain Armando Izquierdo Barrios, Jordano Montero Ant\u00fanez y Luis Mario Ju\u00e1rez Calzada.<\/div>\n<div>Los dos fallecidos fueron H\u00e9ctor Alejandro Baz\u00e1n de la Paz,de 16 a\u00f1os de edad y Carlos Manuel Pardo, de 30.<\/p>\n<div class=\"separator\" style=\"clear: both;\"><a href=\"https:\/\/lh6.googleusercontent.com\/-R31v13vDgBw\/VCI_O7dUNqI\/AAAAAAAAkQI\/LFeGUmu3f14\/s640\/blogger-image-467116746.jpg\" imageanchor=\"1\" style=\"margin-left: 1em; margin-right: 1em;\"><img decoding=\"async\" border=\"0\" src=\"https:\/\/lh6.googleusercontent.com\/-R31v13vDgBw\/VCI_O7dUNqI\/AAAAAAAAkQI\/LFeGUmu3f14\/s640\/blogger-image-467116746.jpg\"><\/a><\/div>\n<\/div>\n<div><\/div>\n<\/div>\n","protected":false},"excerpt":{"rendered":"<p>Los balseros cubanos rescatados en d\u00edas pasados &nbsp;frente a costas de la Pen\u00ednsula de Yucat\u00e1n fueron liberados y la noche de este martes llegaron a M\u00e9rida. Los isle\u00f1os fueron dejados<\/p>\n","protected":false},"author":1,"featured_media":14726,"comment_status":"open","ping_status":"open","sticky":false,"template":"","format":"standard","meta":{"jetpack_post_was_ever_published":false,"_jetpack_newsletter_access":"","_jetpack_dont_email_post_to_subs":false,"_jetpack_newsletter_tier_id":0,"_jetpack_memberships_contains_paywalled_content":false,"_jetpack_memberships_contains_paid_content":false,"footnotes":"","jetpack_publicize_message":"","jetpack_publicize_feature_enabled":true,"jetpack_social_post_already_shared":false,"jetpack_social_options":{"image_generator_settings":{"template":"highway","default_image_id":0,"font":"","enabled":false},"version":2}},"categories":[8,3,1],"tags":[],"class_list":["post-2307","post","type-post","status-publish","format-standard","has-post-thumbnail","hentry","category-noticias-variadas","category-portada","category-sin-categoria"],"jetpack_publicize_connections":[],"jetpack_featured_media_url":"https:\/\/formalprision.com\/wp-content\/uploads\/2014\/09\/blogger-image-467116746.jpg","jetpack_sharing_enabled":true,"jetpack_shortlink":"https:\/\/wp.me\/p6id8p-Bd","_links":{"self":[{"href":"https:\/\/formalprision.com\/index.php?rest_route=\/wp\/v2\/posts\/2307","targetHints":{"allow":["GET"]}}],"collection":[{"href":"https:\/\/formalprision.com\/index.php?rest_route=\/wp\/v2\/posts"}],"about":[{"href":"https:\/\/formalprision.com\/index.php?rest_route=\/wp\/v2\/types\/post"}],"author":[{"embeddable":true,"href":"https:\/\/formalprision.com\/index.php?rest_route=\/wp\/v2\/users\/1"}],"replies":[{"embeddable":true,"href":"https:\/\/formalprision.com\/index.php?rest_route=%2Fwp%2Fv2%2Fcomments&post=2307"}],"version-history":[{"count":0,"href":"https:\/\/formalprision.com\/index.php?rest_route=\/wp\/v2\/posts\/2307\/revisions"}],"wp:featuredmedia":[{"embeddable":true,"href":"https:\/\/formalprision.com\/index.php?rest_route=\/wp\/v2\/media\/14726"}],"wp:attachment":[{"href":"https:\/\/formalprision.com\/index.php?rest_route=%2Fwp%2Fv2%2Fmedia&parent=2307"}],"wp:term":[{"taxonomy":"category","embeddable":true,"href":"https:\/\/formalprision.com\/index.php?rest_route=%2Fwp%2Fv2%2Fcategories&post=2307"},{"taxonomy":"post_tag","embeddable":true,"href":"https:\/\/formalprision.com\/index.php?rest_route=%2Fwp%2Fv2%2Ftags&post=2307"}],"curies":[{"name":"wp","href":"https:\/\/api.w.org\/{rel}","templated":true}]}}