{"id":2314,"date":"2014-09-23T20:37:00","date_gmt":"2014-09-23T20:37:00","guid":{"rendered":"http:\/\/formalprision.info\/2014\/09\/23\/dos-anos-y-medio-de-carcel-por-manejar\/"},"modified":"2015-06-03T08:34:57","modified_gmt":"2015-06-03T08:34:57","slug":"dos-anos-y-medio-de-carcel-por-manejar","status":"publish","type":"post","link":"https:\/\/formalprision.com\/?p=2314","title":{"rendered":"Dos a\u00f1os y medio de c\u00e1rcel por manejar ebrio el cami\u00f3n de refrescos"},"content":{"rendered":"<div style=\"font-family: Noteworthy; font-size: 20px; font-weight: bold; line-height: 26px; -webkit-tap-highlight-color: rgba(26, 26, 26, 0.296875); -webkit-composition-fill-color: rgba(130, 98, 83, 0.0976563); -webkit-composition-frame-color: rgba(191, 107, 82, 0.496094); -webkit-text-size-adjust: auto; \">\n<div>Un ex chofer de una empresa refresquera fue sentenciado a dos a\u00f1os y seis meses de prisi\u00f3n, acusado de ocasionar un accidente que dej\u00f3 da\u00f1os en un cami\u00f3n de dicha compa\u00f1\u00eda que manejaba ebrio, as\u00ed como en postes de concreto, albarradas y \u00e1rboles.<\/div>\n<div>El percance ocurri\u00f3 en la carretera M\u00e9rida-Tizim\u00edn tramo M\u00e9rida-Motul, donde Leonardo Daniel Centeno Puch (a) \u201cReyna\u201d conduc\u00eda borracho el cami\u00f3n repartidor de refrescos.<\/div>\n<div>De acuerdo con informaci\u00f3n obtenida en juzgados penales, la juez segundo penal, Rub\u00ed Guadalupe Gonz\u00e1lez Alpuche, consider\u00f3 responsable a Centeno Puch de los delitos de ataques a las v\u00edas de comunicaci\u00f3n y da\u00f1o en propiedad ajena, denunciados por la Polic\u00eda Federal, representada por el oficial Francisco Javier Ju\u00e1rez, y por la compa\u00f1\u00eda embotelladora, Jos\u00e9 Filiberto Pinelo Ortiz.<\/div>\n<div>Tambi\u00e9n se le conden\u00f3 al pago de una multa de 3,899.28 pesos que podr\u00eda intercambiar por 33 jornadas de trabajo en beneficio de la comunidad o de lo contrario pasar\u00e1 132 d\u00edas m\u00e1s en el Cereso.<\/div>\n<div>La reparaci\u00f3n del da\u00f1o fue parcial, porque aunque la empresa report\u00f3 el cami\u00f3n como p\u00e9rdida total, familiares del sentenciado lograron acreditar que el veh\u00edculo estaba en circulaci\u00f3n de nuevo, hecho que fue comprobado por la SSP.<\/div>\n<div>En consecuencia, la compa\u00f1\u00eda reconoci\u00f3 que el cami\u00f3n fue reparado en sus talleres, y aunque present\u00f3 una factura de gastos por la compostura, no fue tomada en cuenta y este apartado del caso qued\u00f3 en manos de un juez de ejecuci\u00f3n de sentencia.<\/div>\n<div>Los hechos ocurrieron el 24 de noviembre de 2012, cuando Leonardo Daniel manejaba en estado de ebriedad el cami\u00f3n placas YP-19265 sobre la carretera M\u00e9rida-Tizim\u00edn.<\/div>\n<div>A consecuencia del alcohol que hab\u00eda ingerido, en el kil\u00f3metro 030+800 del tramo M\u00e9rida-Motul perdi\u00f3 el control del volante y el cami\u00f3n se sali\u00f3 de la cinta asf\u00e1ltica. En su desbocada carrera derrib\u00f3 postes de concreto de la CFE, albarradas y \u00e1rboles. El cami\u00f3n qued\u00f3 con diversos da\u00f1os.<\/p>\n<div class=\"separator\" style=\"clear: both;\"><a href=\"https:\/\/lh5.googleusercontent.com\/-5NEYmsjEvlw\/VCHaHjUFYoI\/AAAAAAAAkOY\/-joDFCHlanY\/s640\/blogger-image-698251716.jpg\" imageanchor=\"1\" style=\"margin-left: 1em; margin-right: 1em;\"><img decoding=\"async\" border=\"0\" src=\"https:\/\/lh5.googleusercontent.com\/-5NEYmsjEvlw\/VCHaHjUFYoI\/AAAAAAAAkOY\/-joDFCHlanY\/s640\/blogger-image-698251716.jpg\"><\/a><\/div>\n<\/div>\n<div><\/div>\n<\/div>\n","protected":false},"excerpt":{"rendered":"<p>Un ex chofer de una empresa refresquera fue sentenciado a dos a\u00f1os y seis meses de prisi\u00f3n, acusado de ocasionar un accidente que dej\u00f3 da\u00f1os en un cami\u00f3n de dicha<\/p>\n","protected":false},"author":1,"featured_media":14740,"comment_status":"open","ping_status":"open","sticky":false,"template":"","format":"standard","meta":{"jetpack_post_was_ever_published":false,"_jetpack_newsletter_access":"","_jetpack_dont_email_post_to_subs":false,"_jetpack_newsletter_tier_id":0,"_jetpack_memberships_contains_paywalled_content":false,"_jetpack_memberships_contains_paid_content":false,"footnotes":"","jetpack_publicize_message":"","jetpack_publicize_feature_enabled":true,"jetpack_social_post_already_shared":false,"jetpack_social_options":{"image_generator_settings":{"template":"highway","default_image_id":0,"font":"","enabled":false},"version":2}},"categories":[10,3,1],"tags":[],"class_list":["post-2314","post","type-post","status-publish","format-standard","has-post-thumbnail","hentry","category-lectura-recomendada","category-portada","category-sin-categoria"],"jetpack_publicize_connections":[],"jetpack_featured_media_url":"https:\/\/formalprision.com\/wp-content\/uploads\/2014\/09\/blogger-image-698251716.jpg","jetpack_sharing_enabled":true,"jetpack_shortlink":"https:\/\/wp.me\/p6id8p-Bk","_links":{"self":[{"href":"https:\/\/formalprision.com\/index.php?rest_route=\/wp\/v2\/posts\/2314","targetHints":{"allow":["GET"]}}],"collection":[{"href":"https:\/\/formalprision.com\/index.php?rest_route=\/wp\/v2\/posts"}],"about":[{"href":"https:\/\/formalprision.com\/index.php?rest_route=\/wp\/v2\/types\/post"}],"author":[{"embeddable":true,"href":"https:\/\/formalprision.com\/index.php?rest_route=\/wp\/v2\/users\/1"}],"replies":[{"embeddable":true,"href":"https:\/\/formalprision.com\/index.php?rest_route=%2Fwp%2Fv2%2Fcomments&post=2314"}],"version-history":[{"count":0,"href":"https:\/\/formalprision.com\/index.php?rest_route=\/wp\/v2\/posts\/2314\/revisions"}],"wp:featuredmedia":[{"embeddable":true,"href":"https:\/\/formalprision.com\/index.php?rest_route=\/wp\/v2\/media\/14740"}],"wp:attachment":[{"href":"https:\/\/formalprision.com\/index.php?rest_route=%2Fwp%2Fv2%2Fmedia&parent=2314"}],"wp:term":[{"taxonomy":"category","embeddable":true,"href":"https:\/\/formalprision.com\/index.php?rest_route=%2Fwp%2Fv2%2Fcategories&post=2314"},{"taxonomy":"post_tag","embeddable":true,"href":"https:\/\/formalprision.com\/index.php?rest_route=%2Fwp%2Fv2%2Ftags&post=2314"}],"curies":[{"name":"wp","href":"https:\/\/api.w.org\/{rel}","templated":true}]}}