{"id":2315,"date":"2014-09-23T20:00:00","date_gmt":"2014-09-23T20:00:00","guid":{"rendered":"http:\/\/formalprision.info\/2014\/09\/23\/el-gobierno-del-estado-firma-convenio\/"},"modified":"2015-06-03T08:34:57","modified_gmt":"2015-06-03T08:34:57","slug":"el-gobierno-del-estado-firma-convenio","status":"publish","type":"post","link":"https:\/\/formalprision.com\/?p=2315","title":{"rendered":"El Gobierno del Estado firma convenio de colaboraci\u00f3n con la FAO."},"content":{"rendered":"<div style=\"font-family: Noteworthy; font-size: 20px; font-weight: bold; line-height: 26px; -webkit-tap-highlight-color: rgba(26, 26, 26, 0.296875); -webkit-composition-fill-color: rgba(130, 98, 83, 0.0976563); -webkit-composition-frame-color: rgba(191, 107, 82, 0.496094); \">\n<div>M\u00e9rida, Yucat\u00e1n, 23 de septiembre de 2014.- Para generar un Plan Rector de la Acuacultura y Pesca de Yucat\u00e1n, el Gobierno de Estado sign\u00f3 un convenio de colaboraci\u00f3n con la Organizaci\u00f3n de las Naciones Unidas para la Alimentaci\u00f3n y la Agricultura (FAO), el cual sentar\u00e1 las bases para el desarrollo de estos sectores en la entidad.<\/div>\n<div>Durante la ceremonia realizada en el Centro de Convenciones Yucat\u00e1n Siglo XXI, el Gobernador Rolando Zapata Bello asever\u00f3 que vincular la investigaci\u00f3n cient\u00edfica con la actividad pesquera, ordenar la explotaci\u00f3n de los recursos y entregar los apoyos que se requieren, se traducir\u00e1 en resultados concretos para el bienestar local, regional y mundial.<\/div>\n<div>\u00abVamos a seguir trabajando para que las vocaciones productivas de nuestra costa representen un mejor ingreso, mejor calidad de vida para las familias y tambi\u00e9n para apostarle de manera decidida a la acuacultura y a la seguridad alimentaria\u00bb, indic\u00f3 acompa\u00f1ado de la representante de la FAO en M\u00e9xico, Nuria Urqu\u00eda Fern\u00e1ndez.<\/div>\n<div>Subray\u00f3 que la finalidad del acuerdo es desarrollar planes de ordenamiento con un enfoque integral y reforzar la profesionalizaci\u00f3n de dicha actividad de la que dependen 13 municipios de la costa yucateca y que es fuente de ingreso para cerca de 100 mil habitantes.<\/div>\n<div>Tambi\u00e9n se busca fortalecer la pesca artesanal ribere\u00f1a e iniciar un proceso que conduzca a la certificaci\u00f3n de calidad diferenciada por origen del pulpo maya y su exportaci\u00f3n al mercado europeo.<\/div>\n<div>Previo a la firma realizada por Urqu\u00eda Fern\u00e1ndez y el titular de la Secretar\u00eda de Desarrollo Rural (Seder), Felipe Cervera Hern\u00e1ndez, la representante de la FAO detall\u00f3 que el documento final, que ser\u00e1 un nuevo marco normativo, surgir\u00e1 de un estudio que identificar\u00e1 las oportunidades y problem\u00e1ticas de los sectores pesquero y acu\u00edcola, el cual tendr\u00e1 una duraci\u00f3n de entre seis y siete meses.<\/div>\n<div>\u201cCon un equipo multidisciplinario y la participaci\u00f3n activa de los trabajadores del mar, se generar\u00e1 un diagn\u00f3stico que a corto plazo fomentar\u00e1 la inversi\u00f3n econ\u00f3mica, mientras a mediano y largo asegurar\u00e1 la sustentabilidad de ambas \u00e1reas\u201d, expres\u00f3 al tiempo de convocar a participar a todos los actores involucrados en el proceso.<\/div>\n<div>Por su parte, Cervera Hern\u00e1ndez inform\u00f3 que durante la \u00faltima Sesi\u00f3n del Consejo de Desarrollo Rural Sustentable, surgi\u00f3 como respuesta inmediata la elaboraci\u00f3n de un an\u00e1lisis que determine lineamientos, objetivos y un nuevo marco normativo que ayude a potenciar dichos sectores en el estado, basado en el C\u00f3digo de Conducta para la Pesca Responsable elaborado por la FAO.<\/div>\n<div>Al mencionar antecedentes de la producci\u00f3n, detall\u00f3 que el a\u00f1o m\u00e1s bajo se registr\u00f3 en 2005 con 23 mil 685 toneladas capturadas de varias especies y aunque en 2012 se logr\u00f3 un peso vivo de 40 mil 18 toneladas, se requiere de una estrategia que permita menos altibajos, pues m\u00e1s de 14 mil hombres de mar dependen de la actividad.<\/div>\n<div>\u201cSe firma una herramienta fundamental para no caer m\u00e1s en la sobre explotaci\u00f3n, que lo capturado sea lo suficiente para alimentar de manera digna a nuestras familias y un verdadero negocio, pero sobre todo que no se desperdicie el esfuerzo de cada uno de ustedes y que estas \u00e1reas se desarrollen de forma responsable y segura\u201d, expres\u00f3.<\/div>\n<div>En el evento estuvieron el delegado de la Secretar\u00eda de Agricultura, Ganader\u00eda, Desarrollo Rural, Pesca y Alimentaci\u00f3n (Sagarpa), Manuel Escoffi\u00e9 Pompeyo; el comisionado de Pesca y Acuacultura Sustentable &nbsp;de la Seder, Delf\u00edn Quezada Dom\u00ednguez, y el oficial Principal de Pesca y Acuicultura de la Oficina Regional de la FAO para Am\u00e9rica Latina y el Caribe, Alejandro Flores Nava; as\u00ed como diversos presidentes municipales.<\/p>\n<div class=\"separator\" style=\"clear: both;\"><a href=\"https:\/\/lh5.googleusercontent.com\/-iL0zcjcJ-e0\/VCHReGtPyfI\/AAAAAAAAkOM\/9i2b6a3KxR8\/s640\/blogger-image--583583631.jpg\" imageanchor=\"1\" style=\"margin-left: 1em; margin-right: 1em;\"><img decoding=\"async\" border=\"0\" src=\"https:\/\/lh5.googleusercontent.com\/-iL0zcjcJ-e0\/VCHReGtPyfI\/AAAAAAAAkOM\/9i2b6a3KxR8\/s640\/blogger-image--583583631.jpg\"><\/a><\/div>\n<\/div>\n<div><\/div>\n<\/div>\n<div style=\"font-family: Noteworthy; font-size: 20px; font-weight: bold; line-height: 26px; -webkit-tap-highlight-color: rgba(26, 26, 26, 0.296875); -webkit-composition-fill-color: rgba(130, 98, 83, 0.0976563); -webkit-composition-frame-color: rgba(191, 107, 82, 0.496094); \"><\/div>\n","protected":false},"excerpt":{"rendered":"<p>M\u00e9rida, Yucat\u00e1n, 23 de septiembre de 2014.- Para generar un Plan Rector de la Acuacultura y Pesca de Yucat\u00e1n, el Gobierno de Estado sign\u00f3 un convenio de colaboraci\u00f3n con la<\/p>\n","protected":false},"author":1,"featured_media":14742,"comment_status":"open","ping_status":"open","sticky":false,"template":"","format":"standard","meta":{"jetpack_post_was_ever_published":false,"_jetpack_newsletter_access":"","_jetpack_dont_email_post_to_subs":false,"_jetpack_newsletter_tier_id":0,"_jetpack_memberships_contains_paywalled_content":false,"_jetpack_memberships_contains_paid_content":false,"footnotes":"","jetpack_publicize_message":"","jetpack_publicize_feature_enabled":true,"jetpack_social_post_already_shared":false,"jetpack_social_options":{"image_generator_settings":{"template":"highway","default_image_id":0,"font":"","enabled":false},"version":2}},"categories":[17,1],"tags":[],"class_list":["post-2315","post","type-post","status-publish","format-standard","has-post-thumbnail","hentry","category-politica-y-gobierno","category-sin-categoria"],"jetpack_publicize_connections":[],"jetpack_featured_media_url":"https:\/\/formalprision.com\/wp-content\/uploads\/2014\/09\/blogger-image-583583631.jpg","jetpack_sharing_enabled":true,"jetpack_shortlink":"https:\/\/wp.me\/p6id8p-Bl","_links":{"self":[{"href":"https:\/\/formalprision.com\/index.php?rest_route=\/wp\/v2\/posts\/2315","targetHints":{"allow":["GET"]}}],"collection":[{"href":"https:\/\/formalprision.com\/index.php?rest_route=\/wp\/v2\/posts"}],"about":[{"href":"https:\/\/formalprision.com\/index.php?rest_route=\/wp\/v2\/types\/post"}],"author":[{"embeddable":true,"href":"https:\/\/formalprision.com\/index.php?rest_route=\/wp\/v2\/users\/1"}],"replies":[{"embeddable":true,"href":"https:\/\/formalprision.com\/index.php?rest_route=%2Fwp%2Fv2%2Fcomments&post=2315"}],"version-history":[{"count":0,"href":"https:\/\/formalprision.com\/index.php?rest_route=\/wp\/v2\/posts\/2315\/revisions"}],"wp:featuredmedia":[{"embeddable":true,"href":"https:\/\/formalprision.com\/index.php?rest_route=\/wp\/v2\/media\/14742"}],"wp:attachment":[{"href":"https:\/\/formalprision.com\/index.php?rest_route=%2Fwp%2Fv2%2Fmedia&parent=2315"}],"wp:term":[{"taxonomy":"category","embeddable":true,"href":"https:\/\/formalprision.com\/index.php?rest_route=%2Fwp%2Fv2%2Fcategories&post=2315"},{"taxonomy":"post_tag","embeddable":true,"href":"https:\/\/formalprision.com\/index.php?rest_route=%2Fwp%2Fv2%2Ftags&post=2315"}],"curies":[{"name":"wp","href":"https:\/\/api.w.org\/{rel}","templated":true}]}}