{"id":2316,"date":"2014-09-23T15:00:00","date_gmt":"2014-09-23T15:00:00","guid":{"rendered":"http:\/\/formalprision.info\/2014\/09\/23\/cristiano-ronaldo-ya-quiere-james\/"},"modified":"2015-06-03T08:34:58","modified_gmt":"2015-06-03T08:34:58","slug":"cristiano-ronaldo-ya-quiere-james","status":"publish","type":"post","link":"https:\/\/formalprision.com\/?p=2316","title":{"rendered":"Cristiano Ronaldo ya quiere a James Rodr\u00edguez"},"content":{"rendered":"<p>Ante los rumores y los comentarios que gener\u00f3 un video captado hace una semana, el portugu\u00e9s Cristiano Ronaldo quiso eliminar las posibles diferencias y mostrar su verdadera actitud con el colombiano James Rodr\u00edguez y lo integr\u00f3 a su grupo.<br \/>\nEl grupo de CR7 est\u00e1 integrado por Bale, Marcelo, Modric y Coentrao, entre otros.<br \/>\nHace un tiempo aparecieron unas im\u00e1genes donde CR7 apartaba a a James para que entrene con otros compa\u00f1eros, pero eso qued\u00f3 en el pasado y ya bromean juntos.<br \/>\nAl parecer, la situaci\u00f3n en el Real Madrid es tensa. Cristiano Ronaldo, tras la ida de \u00c1ngel Di Mar\u00eda, hab\u00eda dado un aviso de su enojo. Y recientemente, en una de las pr\u00e1cticas, se vio involucrado en una situaci\u00f3n pol\u00e9mica con James Rodr\u00edguez, uno de los refuerzos de lujo que lleg\u00f3 para esta temporada.<br \/>\nEl colombiano intent\u00f3 sumarse a uno de los ejercicios en el grupo que estaba CR7 quien, tras contar a los participantes, lo ech\u00f3. El ex Banfield, con gestos ampulosos se fue y lo trat\u00f3 de \u2018loco\u2019, llev\u00e1ndose su mano a la cabeza.<\/p>\n<div class=\"separator\" style=\"clear: both; text-align: center;\">\n<a href=\"http:\/\/formalprision.com\/wp-content\/uploads\/2014\/09\/james.jpg\" imageanchor=\"1\" style=\"margin-left: 1em; margin-right: 1em;\"><img loading=\"lazy\" decoding=\"async\" border=\"0\" src=\"http:\/\/formalprision.com\/wp-content\/uploads\/2014\/09\/james.jpg\" height=\"179\" width=\"320\" \/><\/a><\/div>\n","protected":false},"excerpt":{"rendered":"<p>Ante los rumores y los comentarios que gener\u00f3 un video captado hace una semana, el portugu\u00e9s Cristiano Ronaldo quiso eliminar las posibles diferencias y mostrar su verdadera actitud con el<\/p>\n","protected":false},"author":1,"featured_media":14743,"comment_status":"open","ping_status":"open","sticky":false,"template":"","format":"standard","meta":{"jetpack_post_was_ever_published":false,"_jetpack_newsletter_access":"","_jetpack_dont_email_post_to_subs":false,"_jetpack_newsletter_tier_id":0,"_jetpack_memberships_contains_paywalled_content":false,"_jetpack_memberships_contains_paid_content":false,"footnotes":"","jetpack_publicize_message":"","jetpack_publicize_feature_enabled":true,"jetpack_social_post_already_shared":false,"jetpack_social_options":{"image_generator_settings":{"template":"highway","default_image_id":0,"font":"","enabled":false},"version":2}},"categories":[4,1],"tags":[],"class_list":["post-2316","post","type-post","status-publish","format-standard","has-post-thumbnail","hentry","category-deportes","category-sin-categoria"],"jetpack_publicize_connections":[],"jetpack_featured_media_url":"https:\/\/formalprision.com\/wp-content\/uploads\/2014\/09\/james.jpg","jetpack_sharing_enabled":true,"jetpack_shortlink":"https:\/\/wp.me\/p6id8p-Bm","_links":{"self":[{"href":"https:\/\/formalprision.com\/index.php?rest_route=\/wp\/v2\/posts\/2316","targetHints":{"allow":["GET"]}}],"collection":[{"href":"https:\/\/formalprision.com\/index.php?rest_route=\/wp\/v2\/posts"}],"about":[{"href":"https:\/\/formalprision.com\/index.php?rest_route=\/wp\/v2\/types\/post"}],"author":[{"embeddable":true,"href":"https:\/\/formalprision.com\/index.php?rest_route=\/wp\/v2\/users\/1"}],"replies":[{"embeddable":true,"href":"https:\/\/formalprision.com\/index.php?rest_route=%2Fwp%2Fv2%2Fcomments&post=2316"}],"version-history":[{"count":0,"href":"https:\/\/formalprision.com\/index.php?rest_route=\/wp\/v2\/posts\/2316\/revisions"}],"wp:featuredmedia":[{"embeddable":true,"href":"https:\/\/formalprision.com\/index.php?rest_route=\/wp\/v2\/media\/14743"}],"wp:attachment":[{"href":"https:\/\/formalprision.com\/index.php?rest_route=%2Fwp%2Fv2%2Fmedia&parent=2316"}],"wp:term":[{"taxonomy":"category","embeddable":true,"href":"https:\/\/formalprision.com\/index.php?rest_route=%2Fwp%2Fv2%2Fcategories&post=2316"},{"taxonomy":"post_tag","embeddable":true,"href":"https:\/\/formalprision.com\/index.php?rest_route=%2Fwp%2Fv2%2Ftags&post=2316"}],"curies":[{"name":"wp","href":"https:\/\/api.w.org\/{rel}","templated":true}]}}