{"id":2333,"date":"2014-09-21T15:30:00","date_gmt":"2014-09-21T15:30:00","guid":{"rendered":"http:\/\/formalprision.info\/2014\/09\/21\/regidor-elias-lixa-abre-oficina-de\/"},"modified":"2015-06-03T08:35:00","modified_gmt":"2015-06-03T08:35:00","slug":"regidor-elias-lixa-abre-oficina-de","status":"publish","type":"post","link":"https:\/\/formalprision.com\/?p=2333","title":{"rendered":"Regidor El\u00edas Lixa abre oficina de enlace ciudadano en el norte de M\u00e9rida"},"content":{"rendered":"<p>Para refrendar su compromiso con la ciudadan\u00eda, el regidor El\u00edas Lixa Abimerhi inaugur\u00f3 esta s\u00e1bado su oficina de enlace ciudadano.<br \/>\nUbicada sobre la calle 60, cuenta con un amplio recibidor, sala de juntas, \u00e1rea de trabajo, una oficina y el apoyo de un equipo de colaboradores.<br \/>\nAcompa\u00f1ado por sus compa\u00f1eros regidores del PAN, as\u00ed como diputados y directivos de este partido, y m\u00e1s de 200 vecinos, Lixa Abimerhi destac\u00f3 en su mensaje los logros como el dictamen de la Comisi\u00f3n de atenci\u00f3n al problema de las luminarias, que permiti\u00f3 regresar el buen servicio de alumbrado p\u00fablico a todo el municipio y las iniciativas impulsadas desde la Comisi\u00f3n de Cultura, que han permitido que proyectos como \u00abLa Noche Blanca\u00bb, el renovado \u00abM\u00e9rida Fest\u00bb e importantes eventos culturales; devuelvan a M\u00e9rida su lugar privilegiado en el plano nacional.<br \/>\nEl edil record\u00f3 tambi\u00e9n la propuesta de reforma al Reglamento de Espect\u00e1culos del Municipio, que surgi\u00f3 desde Asociaciones Civiles y de padres de familia, y que entre otras cosas privilegia la seguridad de en diversiones p\u00fablicas y cuidar de las verdaderas tradiciones, fomentando y promoviendo el respeto por los animales.<br \/>\n\u00abEn definitiva esta propuesta viene desde la ciudadan\u00eda y asumiendo la raz\u00f3n de ser de mi regidur\u00eda, soy el medio para dar voz a la sociedad\u00bb, asever\u00f3.<br \/>\nLixa Abimerhi dijo que con esta nueva oficina se busca dar continuidad a los principios de servicio y comunicaci\u00f3n directa y respetuosa con los vecinos, para seguir convirtiendo sus demandas en realidades que mejoren su calidad de vida.<br \/>\nEl coordinador de los regidores PAN en el Cabildo, Juan Barea Canul, apoy\u00f3 la labor de su compa\u00f1ero y agreg\u00f3 que con esta oficina se facilitar\u00e1 a los vecinos de las comisar\u00edas del norte el acceso a las gestiones y beneficios de los programas y apoyos municipales, representando un nuevo canal de comunicaci\u00f3n y di\u00e1logo con las autoridades.<br \/>\nEn representaci\u00f3n del Comit\u00e9 Directivo Estatal del PAN estuvo presente Mart\u00edn Uicab, tambi\u00e9n acompa\u00f1aron a Lixa Abimerhi Gerardo Bolio, presidente del Comit\u00e9 Directivo Municipal, la ex alcaldesa Ana Rosa Pay\u00e1n, los diputados del PAN Mauricio Vila y V\u00edctor Hugo Lozano; Pablo Cicero en representaci\u00f3n de la Universidad Marista; el c\u00f3nsul honorario de L\u00edbano, Roberto Abraham Mafud; Javier Mir D\u00e1jer, vicepresidente del Culb Liban\u00e9s A.C.; las regidoras Paloma Angulo Su\u00e1rez y Yahayra Centeno Ceballos; el coordinador de regidores el PAN, Juan Barea Canul; el secretario del Ayuntamiento, Alejandro Ruz Castro, y autoridades auxiliares.<\/p>\n<div class=\"separator\" style=\"clear: both; text-align: center;\">\n<a href=\"http:\/\/formalprision.com\/wp-content\/uploads\/2014\/09\/IMG-20140920-WA0009.jpg\" imageanchor=\"1\" style=\"margin-left: 1em; margin-right: 1em;\"><img loading=\"lazy\" decoding=\"async\" border=\"0\" src=\"http:\/\/formalprision.com\/wp-content\/uploads\/2014\/09\/IMG-20140920-WA0009.jpg\" height=\"172\" width=\"320\" \/><\/a><\/div>\n","protected":false},"excerpt":{"rendered":"<p>Para refrendar su compromiso con la ciudadan\u00eda, el regidor El\u00edas Lixa Abimerhi inaugur\u00f3 esta s\u00e1bado su oficina de enlace ciudadano. Ubicada sobre la calle 60, cuenta con un amplio recibidor,<\/p>\n","protected":false},"author":1,"featured_media":14777,"comment_status":"open","ping_status":"open","sticky":false,"template":"","format":"standard","meta":{"jetpack_post_was_ever_published":false,"_jetpack_newsletter_access":"","_jetpack_dont_email_post_to_subs":false,"_jetpack_newsletter_tier_id":0,"_jetpack_memberships_contains_paywalled_content":false,"_jetpack_memberships_contains_paid_content":false,"footnotes":"","jetpack_publicize_message":"","jetpack_publicize_feature_enabled":true,"jetpack_social_post_already_shared":false,"jetpack_social_options":{"image_generator_settings":{"template":"highway","default_image_id":0,"font":"","enabled":false},"version":2}},"categories":[17,1],"tags":[],"class_list":["post-2333","post","type-post","status-publish","format-standard","has-post-thumbnail","hentry","category-politica-y-gobierno","category-sin-categoria"],"jetpack_publicize_connections":[],"jetpack_featured_media_url":"https:\/\/formalprision.com\/wp-content\/uploads\/2014\/09\/IMG-20140920-WA0009.jpg","jetpack_sharing_enabled":true,"jetpack_shortlink":"https:\/\/wp.me\/p6id8p-BD","_links":{"self":[{"href":"https:\/\/formalprision.com\/index.php?rest_route=\/wp\/v2\/posts\/2333","targetHints":{"allow":["GET"]}}],"collection":[{"href":"https:\/\/formalprision.com\/index.php?rest_route=\/wp\/v2\/posts"}],"about":[{"href":"https:\/\/formalprision.com\/index.php?rest_route=\/wp\/v2\/types\/post"}],"author":[{"embeddable":true,"href":"https:\/\/formalprision.com\/index.php?rest_route=\/wp\/v2\/users\/1"}],"replies":[{"embeddable":true,"href":"https:\/\/formalprision.com\/index.php?rest_route=%2Fwp%2Fv2%2Fcomments&post=2333"}],"version-history":[{"count":0,"href":"https:\/\/formalprision.com\/index.php?rest_route=\/wp\/v2\/posts\/2333\/revisions"}],"wp:featuredmedia":[{"embeddable":true,"href":"https:\/\/formalprision.com\/index.php?rest_route=\/wp\/v2\/media\/14777"}],"wp:attachment":[{"href":"https:\/\/formalprision.com\/index.php?rest_route=%2Fwp%2Fv2%2Fmedia&parent=2333"}],"wp:term":[{"taxonomy":"category","embeddable":true,"href":"https:\/\/formalprision.com\/index.php?rest_route=%2Fwp%2Fv2%2Fcategories&post=2333"},{"taxonomy":"post_tag","embeddable":true,"href":"https:\/\/formalprision.com\/index.php?rest_route=%2Fwp%2Fv2%2Ftags&post=2333"}],"curies":[{"name":"wp","href":"https:\/\/api.w.org\/{rel}","templated":true}]}}