{"id":2342,"date":"2014-09-20T03:54:00","date_gmt":"2014-09-20T03:54:00","guid":{"rendered":"http:\/\/formalprision.info\/2014\/09\/20\/se-suma-yucatan-la-estrategia-naciona\/"},"modified":"2015-06-03T08:35:02","modified_gmt":"2015-06-03T08:35:02","slug":"se-suma-yucatan-la-estrategia-naciona","status":"publish","type":"post","link":"https:\/\/formalprision.com\/?p=2342","title":{"rendered":"Se suma Yucatan a la estrategia nacional M\u00e9xico Conectado"},"content":{"rendered":"<div style=\"font-family: Noteworthy; font-size: 20px; font-weight: bold; line-height: 26px; -webkit-tap-highlight-color: rgba(26, 26, 26, 0.296875); -webkit-composition-fill-color: rgba(130, 98, 83, 0.0976563); -webkit-composition-frame-color: rgba(191, 107, 82, 0.496094); \">M\u00e9rida, Yucat\u00e1n, 19 de septiembre de 2014.- Yucat\u00e1n se convirti\u00f3 este d\u00eda en el s\u00e9ptimo estado del pa\u00eds en integrarse a la estrategia nacional Proyecto M\u00e9xico Conectado, que promueve el acceso universal a Internet de banda ancha en sitios y espacios p\u00fablicos como escuelas, centros de salud, bibliotecas y parques en cada entidad.<\/div>\n<div style=\"font-family: Noteworthy; font-size: 20px; font-weight: bold; line-height: 26px; -webkit-tap-highlight-color: rgba(26, 26, 26, 0.296875); -webkit-composition-fill-color: rgba(130, 98, 83, 0.0976563); -webkit-composition-frame-color: rgba(191, 107, 82, 0.496094); \">En el marco de la primera sesi\u00f3n ordinaria de la Mesa de Coordinaci\u00f3n de este Proyecto, el Gobernador Rolando Zapata Bello y el titular de la Secretar\u00eda de Comunicaciones y Transportes (SCT), Gerardo Ruiz Esparza, signaron un convenio de colaboraci\u00f3n que permitir\u00e1 determinar los sitios que se conectar\u00e1n en el territorio, as\u00ed como las aplicaciones y recursos econ\u00f3micos que se invertir\u00e1n para la ejecuci\u00f3n del citado esquema.<\/div>\n<div style=\"font-family: Noteworthy; font-size: 20px; font-weight: bold; line-height: 26px; -webkit-tap-highlight-color: rgba(26, 26, 26, 0.296875); -webkit-composition-fill-color: rgba(130, 98, 83, 0.0976563); -webkit-composition-frame-color: rgba(191, 107, 82, 0.496094); \">Acompa\u00f1ado del secretario General de Gobierno, V\u00edctor Caballero Dur\u00e1n, y el coordinador General de Proyectos Estrat\u00e9gicos del Despacho del Ejecutivo estatal, Juan Carlos Garc\u00eda Barcala, el mandatario &nbsp;afirm\u00f3 que en Yucat\u00e1n se tiene confianza en el hecho de que el aumento en la cobertura de infraestructura digital se traducir\u00e1 en una mayor competitividad y productividad para todo el pa\u00eds.<\/div>\n<div style=\"font-family: Noteworthy; font-size: 20px; font-weight: bold; line-height: 26px; -webkit-tap-highlight-color: rgba(26, 26, 26, 0.296875); -webkit-composition-fill-color: rgba(130, 98, 83, 0.0976563); -webkit-composition-frame-color: rgba(191, 107, 82, 0.496094); \">\u201cPorque no es tanto la tecnolog\u00eda, sino lo que hacemos con ella. Y este Proyecto M\u00e9xico Conectado va a liberar un potencial creativo y productivo en cientos de miles de mexicanos y yucatecos. En pocas palabras, estamos fortaleciendo la conectividad de Yucat\u00e1n con un proyecto que contribuir\u00e1 a ofrecer mejores servicios de salud, facilitar los tr\u00e1mites administrativos y acercar las plataformas educativas a los ni\u00f1os y j\u00f3venes que cursan sus estudios\u201d, subray\u00f3.<\/div>\n<div style=\"font-family: Noteworthy; font-size: 20px; font-weight: bold; line-height: 26px; -webkit-tap-highlight-color: rgba(26, 26, 26, 0.296875); -webkit-composition-fill-color: rgba(130, 98, 83, 0.0976563); -webkit-composition-frame-color: rgba(191, 107, 82, 0.496094); \">Con la presencia de la directora General de la Instancia Coordinadora Nacional del Proyecto M\u00e9xico Conectado, Carmen Enedina Rodr\u00edguez Armenta, Zapata Bello resalt\u00f3 que el estado cuenta con infraestructura, capital humano, empresas y emprendedores de calidad, mismos que coadyuvar\u00e1n a proyectar una estrategia digital que impacte en la econom\u00eda y establezca un rumbo para aprovechar las potencialidades que representa la transmisi\u00f3n de datos y contenidos.<\/div>\n<div style=\"font-family: Noteworthy; font-size: 20px; font-weight: bold; line-height: 26px; -webkit-tap-highlight-color: rgba(26, 26, 26, 0.296875); -webkit-composition-fill-color: rgba(130, 98, 83, 0.0976563); -webkit-composition-frame-color: rgba(191, 107, 82, 0.496094); \">Al hacer uso de la palabra, Ruiz Esparza destac\u00f3 que este esquema, producto de la Reforma Constitucional en materia de Telecomunicaciones, impulsada por el Gobierno federal, permitir\u00e1 a las instancias p\u00fablicas conectarse a Internet, adem\u00e1s de mejorar los servicios que prestan a fin de que la autoridad est\u00e9 m\u00e1s cerca de la poblaci\u00f3n, especialmente de la que habita en comunidades con mayor rezago social.<\/div>\n<div style=\"font-family: Noteworthy; font-size: 20px; font-weight: bold; line-height: 26px; -webkit-tap-highlight-color: rgba(26, 26, 26, 0.296875); -webkit-composition-fill-color: rgba(130, 98, 83, 0.0976563); -webkit-composition-frame-color: rgba(191, 107, 82, 0.496094); \">\u201cUn M\u00e9xico conectado contribuye a disminuir la brecha digital y las desigualdades en el pa\u00eds. Con el acceso a Internet de banda ancha los ciudadanos podr\u00e1n ejercer mejor sus derechos a la libertad de expresi\u00f3n, a la salud y a la educaci\u00f3n. El Internet ampl\u00eda el horizonte de acceso a la capacitaci\u00f3n, la cultura y el entretenimiento\u201d, asever\u00f3.<\/div>\n<div style=\"font-family: Noteworthy; font-size: 20px; font-weight: bold; line-height: 26px; -webkit-tap-highlight-color: rgba(26, 26, 26, 0.296875); -webkit-composition-fill-color: rgba(130, 98, 83, 0.0976563); -webkit-composition-frame-color: rgba(191, 107, 82, 0.496094); \">Ante alcaldes, legisladores, delegados, representantes de c\u00e1maras empresariales y funcionarios estatales y federales, adelant\u00f3 que a partir de agosto de 2015 se iniciar\u00e1 la distribuci\u00f3n en Yucat\u00e1n de televisores digitales, como parte del Programa de Trabajo para la Transici\u00f3n a la Televisi\u00f3n Digital Terrestre (TDT).<\/div>\n<div style=\"font-family: Noteworthy; font-size: 20px; font-weight: bold; line-height: 26px; -webkit-tap-highlight-color: rgba(26, 26, 26, 0.296875); -webkit-composition-fill-color: rgba(130, 98, 83, 0.0976563); -webkit-composition-frame-color: rgba(191, 107, 82, 0.496094); \">Al dar detalles de la estrategia nacional, la coordinadora General de la Sociedad de la Informaci\u00f3n y el Conocimiento de la SCT, M\u00f3nica Aspe Bernal, explic\u00f3 que la meta del Proyecto es llevar Internet de banda ancha a 250 mil sitios y espacios p\u00fablicos del pa\u00eds, de los cuales a la fecha ya se han conectado 45 mil.<\/div>\n<div style=\"font-family: Noteworthy; font-size: 20px; font-weight: bold; line-height: 26px; -webkit-tap-highlight-color: rgba(26, 26, 26, 0.296875); -webkit-composition-fill-color: rgba(130, 98, 83, 0.0976563); -webkit-composition-frame-color: rgba(191, 107, 82, 0.496094); \">Resalt\u00f3 que esto permitir\u00e1 disminuir la brecha digital como camino obligado para evitar la profundizaci\u00f3n de las desigualdades sociales y mejorar la cobertura y calidad de los servicios p\u00fablicos, as\u00ed como ahorrar recursos, ya que se aprovechar\u00e1 la infraestructura de otros sectores, las herramientas tecnol\u00f3gicas existentes y las inversiones realizadas anteriormente con el objetivo de minimizar los costos del acceso a la red.<\/div>\n<div style=\"font-family: Noteworthy; font-size: 20px; font-weight: bold; line-height: 26px; -webkit-tap-highlight-color: rgba(26, 26, 26, 0.296875); -webkit-composition-fill-color: rgba(130, 98, 83, 0.0976563); -webkit-composition-frame-color: rgba(191, 107, 82, 0.496094); \">Se estima que en el estado existen alrededor de tres mil 500 \u00e1reas que podr\u00edan ser conectadas, sin embargo, corresponde a la Universidad Aut\u00f3noma de Yucat\u00e1n (UADY), encargada de la aplicaci\u00f3n del proyecto en la entidad, el realizar el censo informativo para determinar los sitios exactos donde se ejecutar\u00e1n dichas acciones.<\/p>\n<div class=\"separator\" style=\"clear: both;\"><a href=\"https:\/\/lh4.googleusercontent.com\/-0hwv2ow8chM\/VBz6kJQDs4I\/AAAAAAAAkLY\/mx_TJTioyj4\/s640\/blogger-image--1381794735.jpg\" imageanchor=\"1\" style=\"margin-left: 1em; margin-right: 1em;\"><img decoding=\"async\" border=\"0\" src=\"https:\/\/lh4.googleusercontent.com\/-0hwv2ow8chM\/VBz6kJQDs4I\/AAAAAAAAkLY\/mx_TJTioyj4\/s640\/blogger-image--1381794735.jpg\"><\/a><\/div>\n<\/div>\n<div><\/div>\n","protected":false},"excerpt":{"rendered":"<p>M\u00e9rida, Yucat\u00e1n, 19 de septiembre de 2014.- Yucat\u00e1n se convirti\u00f3 este d\u00eda en el s\u00e9ptimo estado del pa\u00eds en integrarse a la estrategia nacional Proyecto M\u00e9xico Conectado, que promueve el<\/p>\n","protected":false},"author":1,"featured_media":14796,"comment_status":"open","ping_status":"open","sticky":false,"template":"","format":"standard","meta":{"jetpack_post_was_ever_published":false,"_jetpack_newsletter_access":"","_jetpack_dont_email_post_to_subs":false,"_jetpack_newsletter_tier_id":0,"_jetpack_memberships_contains_paywalled_content":false,"_jetpack_memberships_contains_paid_content":false,"footnotes":"","jetpack_publicize_message":"","jetpack_publicize_feature_enabled":true,"jetpack_social_post_already_shared":false,"jetpack_social_options":{"image_generator_settings":{"template":"highway","default_image_id":0,"font":"","enabled":false},"version":2}},"categories":[17,1],"tags":[],"class_list":["post-2342","post","type-post","status-publish","format-standard","has-post-thumbnail","hentry","category-politica-y-gobierno","category-sin-categoria"],"jetpack_publicize_connections":[],"jetpack_featured_media_url":"https:\/\/formalprision.com\/wp-content\/uploads\/2014\/09\/blogger-image-1381794735.jpg","jetpack_sharing_enabled":true,"jetpack_shortlink":"https:\/\/wp.me\/p6id8p-BM","_links":{"self":[{"href":"https:\/\/formalprision.com\/index.php?rest_route=\/wp\/v2\/posts\/2342","targetHints":{"allow":["GET"]}}],"collection":[{"href":"https:\/\/formalprision.com\/index.php?rest_route=\/wp\/v2\/posts"}],"about":[{"href":"https:\/\/formalprision.com\/index.php?rest_route=\/wp\/v2\/types\/post"}],"author":[{"embeddable":true,"href":"https:\/\/formalprision.com\/index.php?rest_route=\/wp\/v2\/users\/1"}],"replies":[{"embeddable":true,"href":"https:\/\/formalprision.com\/index.php?rest_route=%2Fwp%2Fv2%2Fcomments&post=2342"}],"version-history":[{"count":0,"href":"https:\/\/formalprision.com\/index.php?rest_route=\/wp\/v2\/posts\/2342\/revisions"}],"wp:featuredmedia":[{"embeddable":true,"href":"https:\/\/formalprision.com\/index.php?rest_route=\/wp\/v2\/media\/14796"}],"wp:attachment":[{"href":"https:\/\/formalprision.com\/index.php?rest_route=%2Fwp%2Fv2%2Fmedia&parent=2342"}],"wp:term":[{"taxonomy":"category","embeddable":true,"href":"https:\/\/formalprision.com\/index.php?rest_route=%2Fwp%2Fv2%2Fcategories&post=2342"},{"taxonomy":"post_tag","embeddable":true,"href":"https:\/\/formalprision.com\/index.php?rest_route=%2Fwp%2Fv2%2Ftags&post=2342"}],"curies":[{"name":"wp","href":"https:\/\/api.w.org\/{rel}","templated":true}]}}