{"id":2347,"date":"2014-09-19T22:40:00","date_gmt":"2014-09-19T22:40:00","guid":{"rendered":"http:\/\/formalprision.info\/2014\/09\/19\/ex-preso-homicida-acusado-ahora-de\/"},"modified":"2015-06-03T08:35:03","modified_gmt":"2015-06-03T08:35:03","slug":"ex-preso-homicida-acusado-ahora-de","status":"publish","type":"post","link":"https:\/\/formalprision.com\/?p=2347","title":{"rendered":"Ex preso homicida acusado ahora de violar a su hija adolescente"},"content":{"rendered":"<div style=\"font-family: Noteworthy; font-size: 20px; font-weight: bold; line-height: 26px; -webkit-tap-highlight-color: rgba(26, 26, 26, 0.296875); -webkit-composition-fill-color: rgba(130, 98, 83, 0.0976563); -webkit-composition-frame-color: rgba(191, 107, 82, 0.496094); \">\n<div>Jos\u00e9 Antonio Herrera G\u00f3ngora (a) \u201cTono\u201d fue detenido porque presuntamente viol\u00f3 a su hija adolescente.<\/div>\n<div>Al sujeto, quien estuvo en la c\u00e1rcel anteriormente por homicidio, se le captur\u00f3 en cumplimiento de una orden de aprehensi\u00f3n del Juzgado Segundo Penal por el delito de violaci\u00f3n, en agravio de la menor S.V.P.H., quien ten\u00eda 13 a\u00f1os cuando ocurrieron los hechos.<\/div>\n<div>Hoy, al rendir su declaraci\u00f3n preparatoria, neg\u00f3 los hechos y dijo que si en los ex\u00e1menes se corrobor\u00f3 que su hija presentaba huellas de abuso sexual fue porque tiene novio, un menor de edad igual que ella, con quien tiene relaciones \u00edntimas.<\/div>\n<div>Adem\u00e1s, dijo que su ex mujer lo denunci\u00f3 por el mismo delito en 1999, por un caso similar, mismo que se reclasific\u00f3 el il\u00edcito por el de estupro y cumpli\u00f3 con la condena, aunque tambi\u00e9n pas\u00f3 en prisi\u00f3n 12 a\u00f1os por homicidio.<\/div>\n<div>En el expediente se indica que la denuncia fue interpuesta el 6 de diciembre pasado por la madre de la menor. La mujer dijo que hace varios a\u00f1os tuvo una relaci\u00f3n sentimental con el ahora detenido, con quien procre\u00f3 dos hijas, mismas que al momento de la denuncia contaban con 13 y 10 a\u00f1os de edad.<\/div>\n<div>Por los constantes problemas que ten\u00eda con Jos\u00e9 Antonio, decidi\u00f3 no ponerles los apellidos del sujeto a las ni\u00f1as, pero \u00e9l sab\u00eda que son sus hijas, incluso frecuentemente las llevaba a pasear a o pasar el d\u00eda a su casa.<\/div>\n<div>La menor atacada dijo que en septiembre de 2013, se encontraban celebrando un cumplea\u00f1os en casa de su abuela, cuando lleg\u00f3 su pap\u00e1, quien &nbsp;vive enfrente, en un predio ubicado en la calle 15 entre 52 y 54 de la colonia Nueva Pacabt\u00fan.<\/div>\n<div>La invit\u00f3 a ella y a su hermanita a ir a su casa para que le regalara un lazo de los que su nueva pareja sentimental elaboraba.<\/div>\n<div>Ah\u00ed estaban tomando dos sujetos,&nbsp;\u2013\u201cGusy\u201d y \u201cDon Mario\u201d- y delante de ellos la acarici\u00f3 obscenamente los pechos mientras le dec\u00eda \u201cest\u00e1n bonitos tus limoncitos\u201d.<\/div>\n<div>Ella se alej\u00f3, pero m\u00e1s tarde, el sujeto abus\u00f3 de la adolescente en el patio, amenaz\u00e1ndola con mandar a matar a su madre si no acced\u00eda.<\/div>\n<div>La adolescente cont\u00f3 lo sucedido a su madre y se interpuso la denuncia correspondiente, misma que arroj\u00f3 la captura del sujeto<\/p>\n<div class=\"separator\" style=\"clear: both;\"><a href=\"https:\/\/lh5.googleusercontent.com\/-vvkUt3vly28\/VByw5TXfJRI\/AAAAAAAAkKQ\/n9wvmrubl7s\/s640\/blogger-image--1674468626.jpg\" imageanchor=\"1\" style=\"margin-left: 1em; margin-right: 1em;\"><img decoding=\"async\" border=\"0\" src=\"https:\/\/lh5.googleusercontent.com\/-vvkUt3vly28\/VByw5TXfJRI\/AAAAAAAAkKQ\/n9wvmrubl7s\/s640\/blogger-image--1674468626.jpg\"><\/a><\/div>\n<\/div>\n<\/div>\n<div style=\"font-family: Noteworthy; font-size: 20px; font-weight: bold; line-height: 26px; -webkit-tap-highlight-color: rgba(26, 26, 26, 0.296875); -webkit-composition-fill-color: rgba(130, 98, 83, 0.0976563); -webkit-composition-frame-color: rgba(191, 107, 82, 0.496094); \"><\/div>\n","protected":false},"excerpt":{"rendered":"<p>Jos\u00e9 Antonio Herrera G\u00f3ngora (a) \u201cTono\u201d fue detenido porque presuntamente viol\u00f3 a su hija adolescente. Al sujeto, quien estuvo en la c\u00e1rcel anteriormente por homicidio, se le captur\u00f3 en cumplimiento<\/p>\n","protected":false},"author":1,"featured_media":14806,"comment_status":"open","ping_status":"open","sticky":false,"template":"","format":"standard","meta":{"jetpack_post_was_ever_published":false,"_jetpack_newsletter_access":"","_jetpack_dont_email_post_to_subs":false,"_jetpack_newsletter_tier_id":0,"_jetpack_memberships_contains_paywalled_content":false,"_jetpack_memberships_contains_paid_content":false,"footnotes":"","jetpack_publicize_message":"","jetpack_publicize_feature_enabled":true,"jetpack_social_post_already_shared":false,"jetpack_social_options":{"image_generator_settings":{"template":"highway","default_image_id":0,"font":"","enabled":false},"version":2}},"categories":[10,3,1],"tags":[],"class_list":["post-2347","post","type-post","status-publish","format-standard","has-post-thumbnail","hentry","category-lectura-recomendada","category-portada","category-sin-categoria"],"jetpack_publicize_connections":[],"jetpack_featured_media_url":"https:\/\/formalprision.com\/wp-content\/uploads\/2014\/09\/blogger-image-1674468626.jpg","jetpack_sharing_enabled":true,"jetpack_shortlink":"https:\/\/wp.me\/p6id8p-BR","_links":{"self":[{"href":"https:\/\/formalprision.com\/index.php?rest_route=\/wp\/v2\/posts\/2347","targetHints":{"allow":["GET"]}}],"collection":[{"href":"https:\/\/formalprision.com\/index.php?rest_route=\/wp\/v2\/posts"}],"about":[{"href":"https:\/\/formalprision.com\/index.php?rest_route=\/wp\/v2\/types\/post"}],"author":[{"embeddable":true,"href":"https:\/\/formalprision.com\/index.php?rest_route=\/wp\/v2\/users\/1"}],"replies":[{"embeddable":true,"href":"https:\/\/formalprision.com\/index.php?rest_route=%2Fwp%2Fv2%2Fcomments&post=2347"}],"version-history":[{"count":0,"href":"https:\/\/formalprision.com\/index.php?rest_route=\/wp\/v2\/posts\/2347\/revisions"}],"wp:featuredmedia":[{"embeddable":true,"href":"https:\/\/formalprision.com\/index.php?rest_route=\/wp\/v2\/media\/14806"}],"wp:attachment":[{"href":"https:\/\/formalprision.com\/index.php?rest_route=%2Fwp%2Fv2%2Fmedia&parent=2347"}],"wp:term":[{"taxonomy":"category","embeddable":true,"href":"https:\/\/formalprision.com\/index.php?rest_route=%2Fwp%2Fv2%2Fcategories&post=2347"},{"taxonomy":"post_tag","embeddable":true,"href":"https:\/\/formalprision.com\/index.php?rest_route=%2Fwp%2Fv2%2Ftags&post=2347"}],"curies":[{"name":"wp","href":"https:\/\/api.w.org\/{rel}","templated":true}]}}