{"id":2349,"date":"2014-09-19T21:50:00","date_gmt":"2014-09-19T21:50:00","guid":{"rendered":"http:\/\/formalprision.info\/2014\/09\/19\/inauguran-obras-de-infraestructura\/"},"modified":"2015-06-03T08:35:03","modified_gmt":"2015-06-03T08:35:03","slug":"inauguran-obras-de-infraestructura","status":"publish","type":"post","link":"https:\/\/formalprision.com\/?p=2349","title":{"rendered":"Inauguran obras de infraestructura carretera en Yucat\u00e1n"},"content":{"rendered":"<div style=\"font-family: Noteworthy; font-size: 20px; font-weight: bold; line-height: 26px; -webkit-tap-highlight-color: rgba(26, 26, 26, 0.296875); -webkit-composition-fill-color: rgba(130, 98, 83, 0.0976563); -webkit-composition-frame-color: rgba(191, 107, 82, 0.496094); \">M\u00e9rida, Yucat\u00e1n, 19 de septiembre de 2014.- Durante la inauguraci\u00f3n simb\u00f3lica de tres distribuidores viales y dos tramos carreteros de la entidad, el titular del Poder Ejecutivo, Rolando Zapata Bello, asever\u00f3 que la corresponsabilidad que existe entre el Gobierno federal y los esfuerzos estatales, ha propiciado la inversi\u00f3n en el estado de recursos superiores a los tres mil millones de pesos entre 2013 y 2014, en este tipo de obras.<\/div>\n<div style=\"font-family: Noteworthy; font-size: 20px; font-weight: bold; line-height: 26px; -webkit-tap-highlight-color: rgba(26, 26, 26, 0.296875); -webkit-composition-fill-color: rgba(130, 98, 83, 0.0976563); -webkit-composition-frame-color: rgba(191, 107, 82, 0.496094); \">El mandatario record\u00f3 que en 2014 arranc\u00f3 la primera etapa de la modernizaci\u00f3n de las carreteras M\u00e9rida-Chetumal y Chich\u00e9n Itz\u00e1-Valladolid, as\u00ed como los trabajos en el camino que comunica a Telchac Puerto con Dzilam de Bravo, acciones que junto a la pr\u00f3xima construcci\u00f3n del paso a desnivel en la entrada de la v\u00eda M\u00e9rida-Progreso, ayudar\u00e1n a consolidar la infraestructura del territorio.<\/div>\n<div style=\"font-family: Noteworthy; font-size: 20px; font-weight: bold; line-height: 26px; -webkit-tap-highlight-color: rgba(26, 26, 26, 0.296875); -webkit-composition-fill-color: rgba(130, 98, 83, 0.0976563); -webkit-composition-frame-color: rgba(191, 107, 82, 0.496094); \">Con la presencia del secretario de Comunicaciones y Transportes del Gobierno federal, Gerardo Ruiz Esparza, Zapata Bello destac\u00f3 que gracias a estas inversiones, Yucat\u00e1n puede contar con un oriente mejor conectado gracias al nuevo Perif\u00e9rico sur de Valladolid, y con una franja costera mejor enlazada desde Celest\u00fan hasta Las Coloradas.<\/div>\n<div style=\"font-family: Noteworthy; font-size: 20px; font-weight: bold; line-height: 26px; -webkit-tap-highlight-color: rgba(26, 26, 26, 0.296875); -webkit-composition-fill-color: rgba(130, 98, 83, 0.0976563); -webkit-composition-frame-color: rgba(191, 107, 82, 0.496094); \">\u201cY seguramente veremos una nueva din\u00e1mica en la zona centro y sur del estado, y en la comunicaci\u00f3n con Quintana Roo tras la modernizaci\u00f3n de la carretera a Chetumal. Es decir, la infraestructura carretera que se est\u00e1 construyendo en Yucat\u00e1n tiene el objetivo de apuntalar la econom\u00eda estatal y la movilidad de los yucatecos\u201d, puntualiz\u00f3.<\/div>\n<div style=\"font-family: Noteworthy; font-size: 20px; font-weight: bold; line-height: 26px; -webkit-tap-highlight-color: rgba(26, 26, 26, 0.296875); -webkit-composition-fill-color: rgba(130, 98, 83, 0.0976563); -webkit-composition-frame-color: rgba(191, 107, 82, 0.496094); \">Durante el acto se inform\u00f3 que los tres distribuidores viales inaugurados simb\u00f3licamente por ambas autoridades son el denominado Chich\u00ed Su\u00e1rez, el del entronque Campeche-M\u00e9rida del Anillo Perif\u00e9rico y el de la v\u00eda Hunucm\u00e1-Tex\u00e1n de Palomeque. Mientras los dos tramos son el de Chich\u00e9n Itz\u00e1-Valladolid y el libramiento Conkal-Chicxulub Puerto.<\/div>\n<div style=\"font-family: Noteworthy; font-size: 20px; font-weight: bold; line-height: 26px; -webkit-tap-highlight-color: rgba(26, 26, 26, 0.296875); -webkit-composition-fill-color: rgba(130, 98, 83, 0.0976563); -webkit-composition-frame-color: rgba(191, 107, 82, 0.496094); \">En el encuentro realizado en el distribuidor Chich\u00ed Su\u00e1rez, Ruiz Esparza indic\u00f3 que la construcci\u00f3n de \u00e9ste que es parte de la modernizaci\u00f3n del Anillo Perif\u00e9rico de M\u00e9rida, signific\u00f3 una inversi\u00f3n de 100 millones de pesos y beneficia a m\u00e1s de 600 mil habitantes de la capital yucateca, Um\u00e1n, Kanas\u00edn y Tixkokob.<\/div>\n<div style=\"font-family: Noteworthy; font-size: 20px; font-weight: bold; line-height: 26px; -webkit-tap-highlight-color: rgba(26, 26, 26, 0.296875); -webkit-composition-fill-color: rgba(130, 98, 83, 0.0976563); -webkit-composition-frame-color: rgba(191, 107, 82, 0.496094); \">\u201cLa inversi\u00f3n total en infraestructura carretera para este estado en 2013 fue de mil 19 millones de pesos, en 2014 esa cifra aument\u00f3 a m\u00e1s de mil 30 millones de pesos que se han ejecutado y se ejecutan en obras como la primera etapa de la carretera M\u00e9rida-Chetumal, el puente de Las Coloradas, diversas v\u00edas alimentadoras y la conservaci\u00f3n peri\u00f3dica de mil 616 kil\u00f3metros de dichas v\u00edas\u201d, apunt\u00f3.<\/div>\n<div style=\"font-family: Noteworthy; font-size: 20px; font-weight: bold; line-height: 26px; -webkit-tap-highlight-color: rgba(26, 26, 26, 0.296875); -webkit-composition-fill-color: rgba(130, 98, 83, 0.0976563); -webkit-composition-frame-color: rgba(191, 107, 82, 0.496094); \">Al hacer uso de la palabra, el director General del Centro SCT de Yucat\u00e1n, Jorge Mart\u00edn Monta\u00f1o Michael, inform\u00f3 que pr\u00f3ximamente comenzar\u00e1n los trabajos en las aceras laterales a la calle 39 y la salida a Tixkokob en el oriente del Anillo Perif\u00e9rico de M\u00e9rida, con lo cual \u00e9ste \u00faltimo se convertir\u00e1 en v\u00eda libre.<\/div>\n<div style=\"font-family: Noteworthy; font-size: 20px; font-weight: bold; line-height: 26px; -webkit-tap-highlight-color: rgba(26, 26, 26, 0.296875); -webkit-composition-fill-color: rgba(130, 98, 83, 0.0976563); -webkit-composition-frame-color: rgba(191, 107, 82, 0.496094); \">El Gobernador y el titular de la SCT tambi\u00e9n entregaron herramientas del Programa de Empleo Temporal (PET) por m\u00e1s de 1.6 millones de pesos en beneficio de 150 personas. El esquema opera en los 106 municipios de la entidad y para su funcionamiento hasta el momento se han inyectado m\u00e1s de 53 millones de pesos.<\/div>\n<div style=\"font-family: Noteworthy; font-size: 20px; font-weight: bold; line-height: 26px; -webkit-tap-highlight-color: rgba(26, 26, 26, 0.296875); -webkit-composition-fill-color: rgba(130, 98, 83, 0.0976563); -webkit-composition-frame-color: rgba(191, 107, 82, 0.496094); \">En este caso, la instancia responsable del mismo es el Centro Estatal de Prevenci\u00f3n Social del Delito y Participaci\u00f3n Ciudadana de Yucat\u00e1n (Cepredey) que busca hacer efectivas sus estrategias en cuatro pol\u00edgonos de atenci\u00f3n prioritarios correspondientes a 82 colonias de la capital yucateca.<\/div>\n<div style=\"font-family: Noteworthy; font-size: 20px; font-weight: bold; line-height: 26px; -webkit-tap-highlight-color: rgba(26, 26, 26, 0.296875); -webkit-composition-fill-color: rgba(130, 98, 83, 0.0976563); -webkit-composition-frame-color: rgba(191, 107, 82, 0.496094); \">En el evento estuvieron los secretarios estatales de Obras P\u00fablicas, Daniel Quintal Ic; y de Seguridad P\u00fablica, &nbsp;Luis Felipe Said\u00e9n Ojeda; el presidente del Tribunal Superior de Justicia del Estado, Marcos Celis Quintal y la directora General Adjunta del PET de la SCT, Virginia Col\u00edn Castro.<\/div>\n<div style=\"font-family: Noteworthy; font-size: 20px; font-weight: bold; line-height: 26px; -webkit-tap-highlight-color: rgba(26, 26, 26, 0.296875); -webkit-composition-fill-color: rgba(130, 98, 83, 0.0976563); -webkit-composition-frame-color: rgba(191, 107, 82, 0.496094); \">De igual forma, el presidente del Consejo Coordinador Empresarial (CCE), Mario Can Mar\u00edn; la directora General del Cepredey, Ver\u00f3nica Camino Farjat y el alcalde de M\u00e9rida, Ren\u00e1n Barrera Concha, entre otros.<\/p>\n<div class=\"separator\" style=\"clear: both;\"><a href=\"https:\/\/lh5.googleusercontent.com\/-o43bSsIVQIc\/VBylGA6MXVI\/AAAAAAAAkJ4\/66Z5uJnTCYQ\/s640\/blogger-image-1347438490.jpg\" imageanchor=\"1\" style=\"margin-left: 1em; margin-right: 1em;\"><img decoding=\"async\" border=\"0\" src=\"https:\/\/lh5.googleusercontent.com\/-o43bSsIVQIc\/VBylGA6MXVI\/AAAAAAAAkJ4\/66Z5uJnTCYQ\/s640\/blogger-image-1347438490.jpg\"><\/a><\/div>\n<\/div>\n","protected":false},"excerpt":{"rendered":"<p>M\u00e9rida, Yucat\u00e1n, 19 de septiembre de 2014.- Durante la inauguraci\u00f3n simb\u00f3lica de tres distribuidores viales y dos tramos carreteros de la entidad, el titular del Poder Ejecutivo, Rolando Zapata Bello,<\/p>\n","protected":false},"author":1,"featured_media":14810,"comment_status":"open","ping_status":"open","sticky":false,"template":"","format":"standard","meta":{"jetpack_post_was_ever_published":false,"_jetpack_newsletter_access":"","_jetpack_dont_email_post_to_subs":false,"_jetpack_newsletter_tier_id":0,"_jetpack_memberships_contains_paywalled_content":false,"_jetpack_memberships_contains_paid_content":false,"footnotes":"","jetpack_publicize_message":"","jetpack_publicize_feature_enabled":true,"jetpack_social_post_already_shared":false,"jetpack_social_options":{"image_generator_settings":{"template":"highway","default_image_id":0,"font":"","enabled":false},"version":2}},"categories":[17,1],"tags":[],"class_list":["post-2349","post","type-post","status-publish","format-standard","has-post-thumbnail","hentry","category-politica-y-gobierno","category-sin-categoria"],"jetpack_publicize_connections":[],"jetpack_featured_media_url":"https:\/\/formalprision.com\/wp-content\/uploads\/2014\/09\/blogger-image-1347438490.jpg","jetpack_sharing_enabled":true,"jetpack_shortlink":"https:\/\/wp.me\/p6id8p-BT","_links":{"self":[{"href":"https:\/\/formalprision.com\/index.php?rest_route=\/wp\/v2\/posts\/2349","targetHints":{"allow":["GET"]}}],"collection":[{"href":"https:\/\/formalprision.com\/index.php?rest_route=\/wp\/v2\/posts"}],"about":[{"href":"https:\/\/formalprision.com\/index.php?rest_route=\/wp\/v2\/types\/post"}],"author":[{"embeddable":true,"href":"https:\/\/formalprision.com\/index.php?rest_route=\/wp\/v2\/users\/1"}],"replies":[{"embeddable":true,"href":"https:\/\/formalprision.com\/index.php?rest_route=%2Fwp%2Fv2%2Fcomments&post=2349"}],"version-history":[{"count":0,"href":"https:\/\/formalprision.com\/index.php?rest_route=\/wp\/v2\/posts\/2349\/revisions"}],"wp:featuredmedia":[{"embeddable":true,"href":"https:\/\/formalprision.com\/index.php?rest_route=\/wp\/v2\/media\/14810"}],"wp:attachment":[{"href":"https:\/\/formalprision.com\/index.php?rest_route=%2Fwp%2Fv2%2Fmedia&parent=2349"}],"wp:term":[{"taxonomy":"category","embeddable":true,"href":"https:\/\/formalprision.com\/index.php?rest_route=%2Fwp%2Fv2%2Fcategories&post=2349"},{"taxonomy":"post_tag","embeddable":true,"href":"https:\/\/formalprision.com\/index.php?rest_route=%2Fwp%2Fv2%2Ftags&post=2349"}],"curies":[{"name":"wp","href":"https:\/\/api.w.org\/{rel}","templated":true}]}}