{"id":2350,"date":"2014-09-19T20:56:00","date_gmt":"2014-09-19T20:56:00","guid":{"rendered":"http:\/\/formalprision.info\/2014\/09\/19\/conmemora-yucatan-el-dia-nacional-de\/"},"modified":"2015-06-03T08:35:04","modified_gmt":"2015-06-03T08:35:04","slug":"conmemora-yucatan-el-dia-nacional-de","status":"publish","type":"post","link":"https:\/\/formalprision.com\/?p=2350","title":{"rendered":"Conmemora Yucat\u00e1n el D\u00eda Nacional de Protecci\u00f3n Civil"},"content":{"rendered":"<div style=\"font-family: Noteworthy; font-size: 20px; font-weight: bold; line-height: 26px; -webkit-tap-highlight-color: rgba(26, 26, 26, 0.296875); -webkit-composition-fill-color: rgba(130, 98, 83, 0.0976563); -webkit-composition-frame-color: rgba(191, 107, 82, 0.496094); \">M\u00e9rida, Yucat\u00e1n, 19 de septiembre 2013.- Al conmemorar 29 a\u00f1os de los terremotos que sufrieron los habitantes de la Ciudad de M\u00e9xico en 1985, el Gobierno del Estado realiz\u00f3 la ceremonia c\u00edvica luctuosa de izamiento de bandera a media asta en la Plaza Grande de la capital yucateca, la cual fue encabezada por el secretario General de Gobierno, V\u00edctor Caballero Dur\u00e1n.<\/div>\n<div style=\"font-family: Noteworthy; font-size: 20px; font-weight: bold; line-height: 26px; -webkit-tap-highlight-color: rgba(26, 26, 26, 0.296875); -webkit-composition-fill-color: rgba(130, 98, 83, 0.0976563); -webkit-composition-frame-color: rgba(191, 107, 82, 0.496094); \">Acompa\u00f1ado por autoridades de los tres niveles de gobierno, el titular de la SGG enton\u00f3 el himno nacional para despu\u00e9s, rendir respeto a los afectados de dicha tragedia a trav\u00e9s de la activaci\u00f3n de las sirenas de emergencia pertenecientes a veh\u00edculos de la Secretar\u00eda de Seguridad P\u00fablica (SSP) durante un minuto.<\/div>\n<div style=\"font-family: Noteworthy; font-size: 20px; font-weight: bold; line-height: 26px; -webkit-tap-highlight-color: rgba(26, 26, 26, 0.296875); -webkit-composition-fill-color: rgba(130, 98, 83, 0.0976563); -webkit-composition-frame-color: rgba(191, 107, 82, 0.496094); \">Despu\u00e9s de los honores a la bandera, el funcionario tom\u00f3 protesta a 300 brigadistas comunitarios procedentes de preparatorias estatales, quienes se comprometieron a salvaguardar la vida de sus escuelas, familias y ciudadan\u00eda en general en caso de emergencia, as\u00ed como de promover los lineamientos de prevenci\u00f3n y protecci\u00f3n civil en sus zonas de injerencia.<\/div>\n<div style=\"font-family: Noteworthy; font-size: 20px; font-weight: bold; line-height: 26px; -webkit-tap-highlight-color: rgba(26, 26, 26, 0.296875); -webkit-composition-fill-color: rgba(130, 98, 83, 0.0976563); -webkit-composition-frame-color: rgba(191, 107, 82, 0.496094); \">A nombre de los brigadistas, la joven Saidi Nayeli Arcila Cetina record\u00f3 la profunda huella que los terremotos acaecidos en septiembre de 1985 dejaron a todos los mexicanos, misma que sacudi\u00f3 la conciencia nacional sobre la importancia de la prevenci\u00f3n y la protecci\u00f3n civil en zonas de riesgo.<\/div>\n<div style=\"font-family: Noteworthy; font-size: 20px; font-weight: bold; line-height: 26px; -webkit-tap-highlight-color: rgba(26, 26, 26, 0.296875); -webkit-composition-fill-color: rgba(130, 98, 83, 0.0976563); -webkit-composition-frame-color: rgba(191, 107, 82, 0.496094); \">\u201cFueron momentos de tristeza, pero tambi\u00e9n de valent\u00eda ciudadana, de orgullo, porque ante la magnitud de los desastres, ante el desorden, ante el caos el pueblo mismo se organiz\u00f3 de manera voluntaria, de manera valiente para poder ayudar a muchos mexicanos que en ese momento necesitaban ayuda\u201d, expres\u00f3.<\/div>\n<div style=\"font-family: Noteworthy; font-size: 20px; font-weight: bold; line-height: 26px; -webkit-tap-highlight-color: rgba(26, 26, 26, 0.296875); -webkit-composition-fill-color: rgba(130, 98, 83, 0.0976563); -webkit-composition-frame-color: rgba(191, 107, 82, 0.496094); \">Ante los voluntarios y brigadistas dijo que tanto esos hechos a nivel nacional, como los enfrentados por los yucatecos ante el impacto de huracanes, se ha conformado un Sistema de Protecci\u00f3n Civil s\u00f3lido y organizado, que se prepara todos los d\u00edas para enfrentar cualquier desastre.<\/div>\n<div style=\"font-family: Noteworthy; font-size: 20px; font-weight: bold; line-height: 26px; -webkit-tap-highlight-color: rgba(26, 26, 26, 0.296875); -webkit-composition-fill-color: rgba(130, 98, 83, 0.0976563); -webkit-composition-frame-color: rgba(191, 107, 82, 0.496094); \">Tras la ceremonia c\u00edvica, las autoridades inauguraron, frente al Palacio de Gobierno, la muestra fotogr\u00e1fica \u201cLos huracanes, desde el ojo de los reporteros gr\u00e1ficos\u201d, trabajo de 10 profesionistas del lente yucatecos que registraron im\u00e1genes hist\u00f3ricas sobre los meteoros que han afectado a la entidad.<\/div>\n<div style=\"font-family: Noteworthy; font-size: 20px; font-weight: bold; line-height: 26px; -webkit-tap-highlight-color: rgba(26, 26, 26, 0.296875); -webkit-composition-fill-color: rgba(130, 98, 83, 0.0976563); -webkit-composition-frame-color: rgba(191, 107, 82, 0.496094); \">Los exponentes que participan en esta muestra son Jos\u00e9 Acosta Puc, Wilberth Arguelles, Jos\u00e9 Pallota Farf\u00e1n, V\u00edctor Gij\u00f3n C\u00e1rdenas, \u00d3scar Suaste, Isidro \u00c1vila Villac\u00eds, Jos\u00e9 \u00c1vila Perera, Fernando Acosta Yam, Ram\u00f3n Celis Perera y Luis Valle Ahumada.<\/div>\n<div style=\"font-family: Noteworthy; font-size: 20px; font-weight: bold; line-height: 26px; -webkit-tap-highlight-color: rgba(26, 26, 26, 0.296875); -webkit-composition-fill-color: rgba(130, 98, 83, 0.0976563); -webkit-composition-frame-color: rgba(191, 107, 82, 0.496094); \">Estuvieron presentes el secretario de Seguridad P\u00fablica, Luis Felipe Said\u00e9n Ojeda; el director de la Unidad Estatal de Protecci\u00f3n Civil (Procivy), Aar\u00f3n Palomo Eu\u00e1n; la fiscal General del Estado, Celia Mar\u00eda Rivas Rodr\u00edguez; el director de la CONAGUA en el estado, Roberto Pinz\u00f3n \u00c1lvarez; la representante de la Secretar\u00eda de Educaci\u00f3n, Gabriela Zapata Villalobos; el representante de la Secretar\u00eda de Administraci\u00f3n y Finanzas, Javier Sol\u00eds Terrats y miembros del Consejo Estatal de Protecci\u00f3n Civil.<\/p>\n<div class=\"separator\" style=\"clear: both;\"><a href=\"https:\/\/lh4.googleusercontent.com\/-FLmPPd2BxSU\/VByYcc8esSI\/AAAAAAAAkJo\/s3jz0XzCcOw\/s640\/blogger-image--1381767037.jpg\" imageanchor=\"1\" style=\"margin-left: 1em; margin-right: 1em;\"><img decoding=\"async\" border=\"0\" src=\"https:\/\/lh4.googleusercontent.com\/-FLmPPd2BxSU\/VByYcc8esSI\/AAAAAAAAkJo\/s3jz0XzCcOw\/s640\/blogger-image--1381767037.jpg\"><\/a><\/div>\n<\/div>\n","protected":false},"excerpt":{"rendered":"<p>M\u00e9rida, Yucat\u00e1n, 19 de septiembre 2013.- Al conmemorar 29 a\u00f1os de los terremotos que sufrieron los habitantes de la Ciudad de M\u00e9xico en 1985, el Gobierno del Estado realiz\u00f3 la<\/p>\n","protected":false},"author":1,"featured_media":14812,"comment_status":"open","ping_status":"open","sticky":false,"template":"","format":"standard","meta":{"jetpack_post_was_ever_published":false,"_jetpack_newsletter_access":"","_jetpack_dont_email_post_to_subs":false,"_jetpack_newsletter_tier_id":0,"_jetpack_memberships_contains_paywalled_content":false,"_jetpack_memberships_contains_paid_content":false,"footnotes":"","jetpack_publicize_message":"","jetpack_publicize_feature_enabled":true,"jetpack_social_post_already_shared":false,"jetpack_social_options":{"image_generator_settings":{"template":"highway","default_image_id":0,"font":"","enabled":false},"version":2}},"categories":[17,1],"tags":[],"class_list":["post-2350","post","type-post","status-publish","format-standard","has-post-thumbnail","hentry","category-politica-y-gobierno","category-sin-categoria"],"jetpack_publicize_connections":[],"jetpack_featured_media_url":"https:\/\/formalprision.com\/wp-content\/uploads\/2014\/09\/blogger-image-1381767037.jpg","jetpack_sharing_enabled":true,"jetpack_shortlink":"https:\/\/wp.me\/p6id8p-BU","_links":{"self":[{"href":"https:\/\/formalprision.com\/index.php?rest_route=\/wp\/v2\/posts\/2350","targetHints":{"allow":["GET"]}}],"collection":[{"href":"https:\/\/formalprision.com\/index.php?rest_route=\/wp\/v2\/posts"}],"about":[{"href":"https:\/\/formalprision.com\/index.php?rest_route=\/wp\/v2\/types\/post"}],"author":[{"embeddable":true,"href":"https:\/\/formalprision.com\/index.php?rest_route=\/wp\/v2\/users\/1"}],"replies":[{"embeddable":true,"href":"https:\/\/formalprision.com\/index.php?rest_route=%2Fwp%2Fv2%2Fcomments&post=2350"}],"version-history":[{"count":0,"href":"https:\/\/formalprision.com\/index.php?rest_route=\/wp\/v2\/posts\/2350\/revisions"}],"wp:featuredmedia":[{"embeddable":true,"href":"https:\/\/formalprision.com\/index.php?rest_route=\/wp\/v2\/media\/14812"}],"wp:attachment":[{"href":"https:\/\/formalprision.com\/index.php?rest_route=%2Fwp%2Fv2%2Fmedia&parent=2350"}],"wp:term":[{"taxonomy":"category","embeddable":true,"href":"https:\/\/formalprision.com\/index.php?rest_route=%2Fwp%2Fv2%2Fcategories&post=2350"},{"taxonomy":"post_tag","embeddable":true,"href":"https:\/\/formalprision.com\/index.php?rest_route=%2Fwp%2Fv2%2Ftags&post=2350"}],"curies":[{"name":"wp","href":"https:\/\/api.w.org\/{rel}","templated":true}]}}