{"id":2351,"date":"2014-09-19T20:53:00","date_gmt":"2014-09-19T20:53:00","guid":{"rendered":"http:\/\/formalprision.info\/2014\/09\/19\/historico-simulacro-en-palacio-de\/"},"modified":"2015-06-03T08:35:04","modified_gmt":"2015-06-03T08:35:04","slug":"historico-simulacro-en-palacio-de","status":"publish","type":"post","link":"https:\/\/formalprision.com\/?p=2351","title":{"rendered":"Hist\u00f3rico simulacro en Palacio de Gobierno realizado en tiempo r\u00e9cord"},"content":{"rendered":"<div style=\"font-family: Noteworthy; font-size: 20px; font-weight: bold; line-height: 26px; -webkit-tap-highlight-color: rgba(26, 26, 26, 0.296875); -webkit-composition-fill-color: rgba(130, 98, 83, 0.0976563); -webkit-composition-frame-color: rgba(191, 107, 82, 0.496094); \">M\u00e9rida, Yucat\u00e1n, 19 de septiembre 2014.-El personal que labora en el Palacio de Gobierno del Estado de Yucat\u00e1n particip\u00f3 en un simulacro de conato de incendio, el cual form\u00f3 parte de las actividades que se realizan hoy en todo el pa\u00eds al conmemorarse el D\u00eda Nacional de Protecci\u00f3n Civil, instaurado hace 29 a\u00f1os como consecuencia de los terremotos que sacudieron a la Ciudad de M\u00e9xico en septiembre de 1985.<\/div>\n<div style=\"font-family: Noteworthy; font-size: 20px; font-weight: bold; line-height: 26px; -webkit-tap-highlight-color: rgba(26, 26, 26, 0.296875); -webkit-composition-fill-color: rgba(130, 98, 83, 0.0976563); -webkit-composition-frame-color: rgba(191, 107, 82, 0.496094); \">Durante la actividad, encabezada por el secretario General de Gobierno, V\u00edctor Caballero Dur\u00e1n, el edificio que alberga a 196 trabajadores en todas sus oficinas fue desalojado en su totalidad en tiempo r\u00e9cord de un minuto y 25 segundos despu\u00e9s de ser avisados sobre un posible incendio en la bodega del inmueble. Cabe mencionar que el promedio nacional de una evacuaci\u00f3n de este tipo se efect\u00faa, en promedio, en tres minutos.<\/div>\n<div style=\"font-family: Noteworthy; font-size: 20px; font-weight: bold; line-height: 26px; -webkit-tap-highlight-color: rgba(26, 26, 26, 0.296875); -webkit-composition-fill-color: rgba(130, 98, 83, 0.0976563); -webkit-composition-frame-color: rgba(191, 107, 82, 0.496094); \">Los coordinadores de protecci\u00f3n civil asignados a cada \u00e1rea de Palacio de Gobierno sonaron silbatos para dar a sus compa\u00f1eros la se\u00f1al de evacuaci\u00f3n; posteriormente, todos los participantes se reunieron en el punto de encuentro designado, ubicado frente al edificio del Ejecutivo Estatal, en donde fueron contenidos por 30 elementos de la Unidad Estatal de Protecci\u00f3n Civil (Procivy).<\/div>\n<div style=\"font-family: Noteworthy; font-size: 20px; font-weight: bold; line-height: 26px; -webkit-tap-highlight-color: rgba(26, 26, 26, 0.296875); -webkit-composition-fill-color: rgba(130, 98, 83, 0.0976563); -webkit-composition-frame-color: rgba(191, 107, 82, 0.496094); \">Posteriormente, en cami\u00f3n del Cuerpo de Bomberos de la Secretar\u00eda de Seguridad P\u00fablica (SSP) lleg\u00f3 al lugar para revisar el sitio. Equipados con uniforme, casco, botas y una manguera, los bomberos buscaron en la bodega la causa de la salida de humo, en donde encontraron un corto circuito que fue controlado al momento.<\/div>\n<div style=\"font-family: Noteworthy; font-size: 20px; font-weight: bold; line-height: 26px; -webkit-tap-highlight-color: rgba(26, 26, 26, 0.296875); -webkit-composition-fill-color: rgba(130, 98, 83, 0.0976563); -webkit-composition-frame-color: rgba(191, 107, 82, 0.496094); \">Aunque tambi\u00e9n lleg\u00f3 una ambulancia y param\u00e9dicos, como parte del protocolo de seguridad, no se requiri\u00f3 de ning\u00fan servicio por parte de los mismos, ya que el reporte final fue de cero lesionados.<\/div>\n<div style=\"font-family: Noteworthy; font-size: 20px; font-weight: bold; line-height: 26px; -webkit-tap-highlight-color: rgba(26, 26, 26, 0.296875); -webkit-composition-fill-color: rgba(130, 98, 83, 0.0976563); -webkit-composition-frame-color: rgba(191, 107, 82, 0.496094); \">Al finalizar el ejercicio, el titular de la Secretar\u00eda General de Gobierno (SGG) puntualiz\u00f3 que el simulacro, primero registrado en el Palacio de Gobierno, tuvo como objetivo fortalecer los procedimientos de protecci\u00f3n civil tanto en dependencias estatales, como a favor de la ciudadan\u00eda.<\/div>\n<div style=\"font-family: Noteworthy; font-size: 20px; font-weight: bold; line-height: 26px; -webkit-tap-highlight-color: rgba(26, 26, 26, 0.296875); -webkit-composition-fill-color: rgba(130, 98, 83, 0.0976563); -webkit-composition-frame-color: rgba(191, 107, 82, 0.496094); \">\u201cLa idea de hacerlo hoy, el D\u00eda Nacional de Protecci\u00f3n Civil, es precisamente hacer ejercicios para darnos cuenta de que estos hechos pueden ocurrir en cualquier momento y nos pueden poner en riesgo a todos, lo m\u00e1s importante en estas circunstancias es salvaguardar la vida de todos los presentes\u201d, se\u00f1al\u00f3.<\/div>\n<div style=\"font-family: Noteworthy; font-size: 20px; font-weight: bold; line-height: 26px; -webkit-tap-highlight-color: rgba(26, 26, 26, 0.296875); -webkit-composition-fill-color: rgba(130, 98, 83, 0.0976563); -webkit-composition-frame-color: rgba(191, 107, 82, 0.496094); \">Reconoci\u00f3 la cooperaci\u00f3n y buen orden de los participantes de este ejercicio, pues gracias a dicha coordinaci\u00f3n el simulacro se efectu\u00f3 en tiempo r\u00e9cord de un minuto 25 segundos, cuando este tipo de actividades se realizan en tres minutos.<\/div>\n<div style=\"font-family: Noteworthy; font-size: 20px; font-weight: bold; line-height: 26px; -webkit-tap-highlight-color: rgba(26, 26, 26, 0.296875); -webkit-composition-fill-color: rgba(130, 98, 83, 0.0976563); -webkit-composition-frame-color: rgba(191, 107, 82, 0.496094); \">\u201cLa idea es hacer el ejercicio en esta y en otras ocasiones posteriores para revisar que podemos hacer bien y qu\u00e9 podemos mejorar\u201d, dijo.<\/div>\n<div style=\"font-family: Noteworthy; font-size: 20px; font-weight: bold; line-height: 26px; -webkit-tap-highlight-color: rgba(26, 26, 26, 0.296875); -webkit-composition-fill-color: rgba(130, 98, 83, 0.0976563); -webkit-composition-frame-color: rgba(191, 107, 82, 0.496094); \">El titular de la Procivy, Aar\u00f3n Palomo Eu\u00e1n, asegur\u00f3 que estas acciones se realizan en todas las dependencias, tanto estatales como representaciones federales, para darle formalidad a las Unidad Internas de Protecci\u00f3n Civil de cada entidad.<\/div>\n<div style=\"font-family: Noteworthy; font-size: 20px; font-weight: bold; line-height: 26px; -webkit-tap-highlight-color: rgba(26, 26, 26, 0.296875); -webkit-composition-fill-color: rgba(130, 98, 83, 0.0976563); -webkit-composition-frame-color: rgba(191, 107, 82, 0.496094); \">Dijo que desde octubre de 2012 a la fecha, los esfuerzos del Gobierno del Estado se han encaminado a la prevenci\u00f3n y la protecci\u00f3n civil, los cuales han gozado de un buen recibimiento y amplia participaci\u00f3n de la ciudadan\u00eda.<\/div>\n<div style=\"font-family: Noteworthy; font-size: 20px; font-weight: bold; line-height: 26px; -webkit-tap-highlight-color: rgba(26, 26, 26, 0.296875); -webkit-composition-fill-color: rgba(130, 98, 83, 0.0976563); -webkit-composition-frame-color: rgba(191, 107, 82, 0.496094); \">Apunt\u00f3 que Procivy no s\u00f3lo trabaja con entidades gubernamentales, tambi\u00e9n mantiene una amplia y estrecha coordinaci\u00f3n y trabajo en materia de prevenci\u00f3n con c\u00e1maras empresariales, escuelas, centros comunitarios y sociedad en general<\/p>\n<div class=\"separator\" style=\"clear: both;\"><a href=\"https:\/\/lh6.googleusercontent.com\/-6XzhZAh9_YU\/VByXyY7kqdI\/AAAAAAAAkJg\/wVPZDKTWgeQ\/s640\/blogger-image--1355412192.jpg\" imageanchor=\"1\" style=\"margin-left: 1em; margin-right: 1em;\"><img decoding=\"async\" border=\"0\" src=\"https:\/\/lh6.googleusercontent.com\/-6XzhZAh9_YU\/VByXyY7kqdI\/AAAAAAAAkJg\/wVPZDKTWgeQ\/s640\/blogger-image--1355412192.jpg\"><\/a><\/div>\n<div class=\"separator\" style=\"clear: both;\"><\/div>\n<\/div>\n","protected":false},"excerpt":{"rendered":"<p>M\u00e9rida, Yucat\u00e1n, 19 de septiembre 2014.-El personal que labora en el Palacio de Gobierno del Estado de Yucat\u00e1n particip\u00f3 en un simulacro de conato de incendio, el cual form\u00f3 parte<\/p>\n","protected":false},"author":1,"featured_media":14814,"comment_status":"open","ping_status":"open","sticky":false,"template":"","format":"standard","meta":{"jetpack_post_was_ever_published":false,"_jetpack_newsletter_access":"","_jetpack_dont_email_post_to_subs":false,"_jetpack_newsletter_tier_id":0,"_jetpack_memberships_contains_paywalled_content":false,"_jetpack_memberships_contains_paid_content":false,"footnotes":"","jetpack_publicize_message":"","jetpack_publicize_feature_enabled":true,"jetpack_social_post_already_shared":false,"jetpack_social_options":{"image_generator_settings":{"template":"highway","default_image_id":0,"font":"","enabled":false},"version":2}},"categories":[17,1],"tags":[],"class_list":["post-2351","post","type-post","status-publish","format-standard","has-post-thumbnail","hentry","category-politica-y-gobierno","category-sin-categoria"],"jetpack_publicize_connections":[],"jetpack_featured_media_url":"https:\/\/formalprision.com\/wp-content\/uploads\/2014\/09\/blogger-image-1355412192.jpg","jetpack_sharing_enabled":true,"jetpack_shortlink":"https:\/\/wp.me\/p6id8p-BV","_links":{"self":[{"href":"https:\/\/formalprision.com\/index.php?rest_route=\/wp\/v2\/posts\/2351","targetHints":{"allow":["GET"]}}],"collection":[{"href":"https:\/\/formalprision.com\/index.php?rest_route=\/wp\/v2\/posts"}],"about":[{"href":"https:\/\/formalprision.com\/index.php?rest_route=\/wp\/v2\/types\/post"}],"author":[{"embeddable":true,"href":"https:\/\/formalprision.com\/index.php?rest_route=\/wp\/v2\/users\/1"}],"replies":[{"embeddable":true,"href":"https:\/\/formalprision.com\/index.php?rest_route=%2Fwp%2Fv2%2Fcomments&post=2351"}],"version-history":[{"count":0,"href":"https:\/\/formalprision.com\/index.php?rest_route=\/wp\/v2\/posts\/2351\/revisions"}],"wp:featuredmedia":[{"embeddable":true,"href":"https:\/\/formalprision.com\/index.php?rest_route=\/wp\/v2\/media\/14814"}],"wp:attachment":[{"href":"https:\/\/formalprision.com\/index.php?rest_route=%2Fwp%2Fv2%2Fmedia&parent=2351"}],"wp:term":[{"taxonomy":"category","embeddable":true,"href":"https:\/\/formalprision.com\/index.php?rest_route=%2Fwp%2Fv2%2Fcategories&post=2351"},{"taxonomy":"post_tag","embeddable":true,"href":"https:\/\/formalprision.com\/index.php?rest_route=%2Fwp%2Fv2%2Ftags&post=2351"}],"curies":[{"name":"wp","href":"https:\/\/api.w.org\/{rel}","templated":true}]}}