{"id":2355,"date":"2014-09-19T14:30:00","date_gmt":"2014-09-19T14:30:00","guid":{"rendered":"http:\/\/formalprision.info\/2014\/09\/19\/fue-el-primero-en-comprar-el-iphone-6-y\/"},"modified":"2015-06-03T08:35:06","modified_gmt":"2015-06-03T08:35:06","slug":"fue-el-primero-en-comprar-el-iphone-6-y","status":"publish","type":"post","link":"https:\/\/formalprision.com\/?p=2355","title":{"rendered":"Fue el primero en comprar el iPhone 6&#8230; y el primero en arruinarlo"},"content":{"rendered":"<p>Luego de toda una noche de espera y ser el primero en adquirir el iPhone 6 en la ciudad australiana de Perth, un emocionado joven que conced\u00eda una entrevista de televisi\u00f3n dej\u00f3 caer el aparato ante la sorpresa de las personas que lo rodeaban, incluyendo la reportera que no pudo evitar un gesto de dolor.<br \/>\nEl incidente ocurri\u00f3 a las puertas de la tienda de Apple (Apple Store) de Perth, donde el joven sal\u00eda muy emocionado tras adquirir lo \u00faltimo en tecnolog\u00eda de la marca de la manzana.<br \/>\nAl parecer, las manos de Jack Cooksey, de 18 a\u00f1os, estaban sudadas por la emoci\u00f3n de tener la gran novedad tecnol\u00f3gica, adem\u00e1s de la presi\u00f3n de estar hablando ante una c\u00e1mara de televisi\u00f3n.<br \/>\nPor suerte para el joven, la pantalla del iPhone 6 resisti\u00f3 el golpe.&nbsp;<br \/>\nApple hab\u00eda anunciado que el tel\u00e9fono saldr\u00eda a la venta este 19 de septiembre y Australia es uno de los primeros pa\u00edses donde apareci\u00f3 en los aparadores de las tiendas.<\/p>\n<div class=\"separator\" style=\"clear: both; text-align: center;\">\n<a href=\"http:\/\/formalprision.com\/wp-content\/uploads\/2014\/09\/primer-comprador.jpg\" imageanchor=\"1\" style=\"margin-left: 1em; margin-right: 1em;\"><img loading=\"lazy\" decoding=\"async\" border=\"0\" src=\"http:\/\/formalprision.com\/wp-content\/uploads\/2014\/09\/primer-comprador.jpg\" height=\"319\" width=\"320\" \/><\/a><\/div>\n","protected":false},"excerpt":{"rendered":"<p>Luego de toda una noche de espera y ser el primero en adquirir el iPhone 6 en la ciudad australiana de Perth, un emocionado joven que conced\u00eda una entrevista de<\/p>\n","protected":false},"author":1,"featured_media":14821,"comment_status":"open","ping_status":"open","sticky":false,"template":"","format":"standard","meta":{"jetpack_post_was_ever_published":false,"_jetpack_newsletter_access":"","_jetpack_dont_email_post_to_subs":false,"_jetpack_newsletter_tier_id":0,"_jetpack_memberships_contains_paywalled_content":false,"_jetpack_memberships_contains_paid_content":false,"footnotes":"","jetpack_publicize_message":"","jetpack_publicize_feature_enabled":true,"jetpack_social_post_already_shared":false,"jetpack_social_options":{"image_generator_settings":{"template":"highway","default_image_id":0,"font":"","enabled":false},"version":2}},"categories":[1,49],"tags":[],"class_list":["post-2355","post","type-post","status-publish","format-standard","has-post-thumbnail","hentry","category-sin-categoria","category-tocho-morocho"],"jetpack_publicize_connections":[],"jetpack_featured_media_url":"https:\/\/formalprision.com\/wp-content\/uploads\/2014\/09\/primer-comprador.jpg","jetpack_sharing_enabled":true,"jetpack_shortlink":"https:\/\/wp.me\/p6id8p-BZ","_links":{"self":[{"href":"https:\/\/formalprision.com\/index.php?rest_route=\/wp\/v2\/posts\/2355","targetHints":{"allow":["GET"]}}],"collection":[{"href":"https:\/\/formalprision.com\/index.php?rest_route=\/wp\/v2\/posts"}],"about":[{"href":"https:\/\/formalprision.com\/index.php?rest_route=\/wp\/v2\/types\/post"}],"author":[{"embeddable":true,"href":"https:\/\/formalprision.com\/index.php?rest_route=\/wp\/v2\/users\/1"}],"replies":[{"embeddable":true,"href":"https:\/\/formalprision.com\/index.php?rest_route=%2Fwp%2Fv2%2Fcomments&post=2355"}],"version-history":[{"count":0,"href":"https:\/\/formalprision.com\/index.php?rest_route=\/wp\/v2\/posts\/2355\/revisions"}],"wp:featuredmedia":[{"embeddable":true,"href":"https:\/\/formalprision.com\/index.php?rest_route=\/wp\/v2\/media\/14821"}],"wp:attachment":[{"href":"https:\/\/formalprision.com\/index.php?rest_route=%2Fwp%2Fv2%2Fmedia&parent=2355"}],"wp:term":[{"taxonomy":"category","embeddable":true,"href":"https:\/\/formalprision.com\/index.php?rest_route=%2Fwp%2Fv2%2Fcategories&post=2355"},{"taxonomy":"post_tag","embeddable":true,"href":"https:\/\/formalprision.com\/index.php?rest_route=%2Fwp%2Fv2%2Ftags&post=2355"}],"curies":[{"name":"wp","href":"https:\/\/api.w.org\/{rel}","templated":true}]}}