{"id":2362,"date":"2014-09-18T22:04:00","date_gmt":"2014-09-18T22:04:00","guid":{"rendered":"http:\/\/formalprision.info\/2014\/09\/18\/expertos-de-la-unesco-presidiran-mesa\/"},"modified":"2015-06-03T08:35:07","modified_gmt":"2015-06-03T08:35:07","slug":"expertos-de-la-unesco-presidiran-mesa","status":"publish","type":"post","link":"https:\/\/formalprision.com\/?p=2362","title":{"rendered":"Expertos de la Unesco presidir\u00e1n mesa panel en la Uady"},"content":{"rendered":"<div style=\"font-family: Noteworthy; font-size: 20px; font-weight: bold; line-height: 26px; -webkit-tap-highlight-color: rgba(26, 26, 26, 0.296875); -webkit-composition-fill-color: rgba(130, 98, 83, 0.0976563); -webkit-composition-frame-color: rgba(191, 107, 82, 0.496094); \">A unos d\u00edas que inicie la tercera edici\u00f3n de las Jornadas Internacionales&nbsp;para la Gesti\u00f3n<br \/>de la Calidad Educativa, se ha confirmado la presencia de&nbsp;personalidades como Humberto Grimaldo Dur\u00e1n y Francois Vallaeys,&nbsp;procedentes de la Organizaci\u00f3n de las Naciones Unidas para la Educaci\u00f3n, la&nbsp;Ciencia y la Cultura (UNESCO).<\/div>\n<div style=\"font-family: Noteworthy; font-size: 20px; font-weight: bold; line-height: 26px; -webkit-tap-highlight-color: rgba(26, 26, 26, 0.296875); -webkit-composition-fill-color: rgba(130, 98, 83, 0.0976563); -webkit-composition-frame-color: rgba(191, 107, 82, 0.496094); \">Este magno evento organizado por la Universidad Aut\u00f3noma de Yucat\u00e1n, &nbsp;a trav\u00e9s de la Coordinaci\u00f3n Institucional de Planeaci\u00f3n &nbsp;y Desarrollo&nbsp;(CIPLADE), se realizar\u00e1 del 24 al 26 de septiembre pr\u00f3ximos y reunir\u00e1 a m\u00e1s&nbsp;de 400 personas entre conferencistas, promotores de la mejora continua,&nbsp;auditores de calidad y acad\u00e9micos interesados en elevar el nivel educativo&nbsp;en Am\u00e9rica Latina y Europa.<\/div>\n<div style=\"font-family: Noteworthy; font-size: 20px; font-weight: bold; line-height: 26px; -webkit-tap-highlight-color: rgba(26, 26, 26, 0.296875); -webkit-composition-fill-color: rgba(130, 98, 83, 0.0976563); -webkit-composition-frame-color: rgba(191, 107, 82, 0.496094); \">Entre los temas que abordar\u00e1n los expertos, destaca la mesa panel sobre&nbsp;avances en la implementaci\u00f3n de programas de Responsabilidad Social&nbsp;Universitaria (RSU), que estar\u00e1 a cargo del coordinador y el consultor del<\/div>\n<div style=\"font-family: Noteworthy; font-size: 20px; font-weight: bold; line-height: 26px; -webkit-tap-highlight-color: rgba(26, 26, 26, 0.296875); -webkit-composition-fill-color: rgba(130, 98, 83, 0.0976563); -webkit-composition-frame-color: rgba(191, 107, 82, 0.496094); \">Observatorio Regional de Responsabilidad Social &nbsp;Am\u00e9rica Latina y el Caribe<\/div>\n<div style=\"font-family: Noteworthy; font-size: 20px; font-weight: bold; line-height: 26px; -webkit-tap-highlight-color: rgba(26, 26, 26, 0.296875); -webkit-composition-fill-color: rgba(130, 98, 83, 0.0976563); -webkit-composition-frame-color: rgba(191, 107, 82, 0.496094); \">(ORSALC-UNESCO), Grimaldo Dur\u00e1n y Francois Vallaeys, respectivamente;<\/div>\n<div style=\"font-family: Noteworthy; font-size: 20px; font-weight: bold; line-height: 26px; -webkit-tap-highlight-color: rgba(26, 26, 26, 0.296875); -webkit-composition-fill-color: rgba(130, 98, 83, 0.0976563); -webkit-composition-frame-color: rgba(191, 107, 82, 0.496094); \">adem\u00e1s del catedr\u00e1tico de la Universidad de C\u00e1diz, Manuel Larr\u00e1n Jorge.<\/div>\n<div style=\"font-family: Noteworthy; font-size: 20px; font-weight: bold; line-height: 26px; -webkit-tap-highlight-color: rgba(26, 26, 26, 0.296875); -webkit-composition-fill-color: rgba(130, 98, 83, 0.0976563); -webkit-composition-frame-color: rgba(191, 107, 82, 0.496094); \">Cabe destacar que en el marco de las terceras Jornadas Internacionales, se&nbsp;otorgar\u00e1 oficialmente el nombramiento a la UADY como sede del Observatorio<\/div>\n<div style=\"font-family: Noteworthy; font-size: 20px; font-weight: bold; line-height: 26px; -webkit-tap-highlight-color: rgba(26, 26, 26, 0.296875); -webkit-composition-fill-color: rgba(130, 98, 83, 0.0976563); -webkit-composition-frame-color: rgba(191, 107, 82, 0.496094); \">UNESCO de Responsabilidad Social para M\u00e9xico, mismo que en lo inmediato<\/div>\n<div style=\"font-family: Noteworthy; font-size: 20px; font-weight: bold; line-height: 26px; -webkit-tap-highlight-color: rgba(26, 26, 26, 0.296875); -webkit-composition-fill-color: rgba(130, 98, 83, 0.0976563); -webkit-composition-frame-color: rgba(191, 107, 82, 0.496094); \">buscar\u00e1 la generaci\u00f3n de un modelo de RSU para el pa\u00eds.<\/div>\n<div style=\"font-family: Noteworthy; font-size: 20px; font-weight: bold; line-height: 26px; -webkit-tap-highlight-color: rgba(26, 26, 26, 0.296875); -webkit-composition-fill-color: rgba(130, 98, 83, 0.0976563); -webkit-composition-frame-color: rgba(191, 107, 82, 0.496094); \">Sobre esta misma tem\u00e1tica, tambi\u00e9n se realizar\u00e1 una mesa panel sobre&nbsp;procesos exitosos de transformaci\u00f3n de Educaci\u00f3n Superior en Universidades&nbsp;P\u00fablicas, en la cual expondr\u00e1n sus experiencias los ex rectores Reyes Tamez&nbsp;Guerra, Alejandro Mungaray Lagarda y Jos\u00e9 Doger Corte.<\/p>\n<div class=\"separator\" style=\"clear: both;\"><a href=\"https:\/\/lh5.googleusercontent.com\/-PtttE4_6Ed4\/VBtW8ou700I\/AAAAAAAAkH8\/3ueQ7oJ4OkQ\/s640\/blogger-image-891193882.jpg\" imageanchor=\"1\" style=\"margin-left: 1em; margin-right: 1em;\"><img decoding=\"async\" border=\"0\" src=\"https:\/\/lh5.googleusercontent.com\/-PtttE4_6Ed4\/VBtW8ou700I\/AAAAAAAAkH8\/3ueQ7oJ4OkQ\/s640\/blogger-image-891193882.jpg\"><\/a><\/div>\n<\/div>\n<div style=\"font-family: Noteworthy; font-size: 20px; font-weight: bold; line-height: 26px; -webkit-tap-highlight-color: rgba(26, 26, 26, 0.296875); -webkit-composition-fill-color: rgba(130, 98, 83, 0.0976563); -webkit-composition-frame-color: rgba(191, 107, 82, 0.496094); \"><\/div>\n","protected":false},"excerpt":{"rendered":"<p>A unos d\u00edas que inicie la tercera edici\u00f3n de las Jornadas Internacionales&nbsp;para la Gesti\u00f3nde la Calidad Educativa, se ha confirmado la presencia de&nbsp;personalidades como Humberto Grimaldo Dur\u00e1n y Francois Vallaeys,&nbsp;procedentes<\/p>\n","protected":false},"author":1,"featured_media":14836,"comment_status":"open","ping_status":"open","sticky":false,"template":"","format":"standard","meta":{"jetpack_post_was_ever_published":false,"_jetpack_newsletter_access":"","_jetpack_dont_email_post_to_subs":false,"_jetpack_newsletter_tier_id":0,"_jetpack_memberships_contains_paywalled_content":false,"_jetpack_memberships_contains_paid_content":false,"footnotes":"","jetpack_publicize_message":"","jetpack_publicize_feature_enabled":true,"jetpack_social_post_already_shared":false,"jetpack_social_options":{"image_generator_settings":{"template":"highway","default_image_id":0,"font":"","enabled":false},"version":2}},"categories":[17,1],"tags":[],"class_list":["post-2362","post","type-post","status-publish","format-standard","has-post-thumbnail","hentry","category-politica-y-gobierno","category-sin-categoria"],"jetpack_publicize_connections":[],"jetpack_featured_media_url":"https:\/\/formalprision.com\/wp-content\/uploads\/2014\/09\/blogger-image-891193882.jpg","jetpack_sharing_enabled":true,"jetpack_shortlink":"https:\/\/wp.me\/p6id8p-C6","_links":{"self":[{"href":"https:\/\/formalprision.com\/index.php?rest_route=\/wp\/v2\/posts\/2362","targetHints":{"allow":["GET"]}}],"collection":[{"href":"https:\/\/formalprision.com\/index.php?rest_route=\/wp\/v2\/posts"}],"about":[{"href":"https:\/\/formalprision.com\/index.php?rest_route=\/wp\/v2\/types\/post"}],"author":[{"embeddable":true,"href":"https:\/\/formalprision.com\/index.php?rest_route=\/wp\/v2\/users\/1"}],"replies":[{"embeddable":true,"href":"https:\/\/formalprision.com\/index.php?rest_route=%2Fwp%2Fv2%2Fcomments&post=2362"}],"version-history":[{"count":0,"href":"https:\/\/formalprision.com\/index.php?rest_route=\/wp\/v2\/posts\/2362\/revisions"}],"wp:featuredmedia":[{"embeddable":true,"href":"https:\/\/formalprision.com\/index.php?rest_route=\/wp\/v2\/media\/14836"}],"wp:attachment":[{"href":"https:\/\/formalprision.com\/index.php?rest_route=%2Fwp%2Fv2%2Fmedia&parent=2362"}],"wp:term":[{"taxonomy":"category","embeddable":true,"href":"https:\/\/formalprision.com\/index.php?rest_route=%2Fwp%2Fv2%2Fcategories&post=2362"},{"taxonomy":"post_tag","embeddable":true,"href":"https:\/\/formalprision.com\/index.php?rest_route=%2Fwp%2Fv2%2Ftags&post=2362"}],"curies":[{"name":"wp","href":"https:\/\/api.w.org\/{rel}","templated":true}]}}