{"id":2369,"date":"2014-09-18T05:37:00","date_gmt":"2014-09-18T05:37:00","guid":{"rendered":"http:\/\/formalprision.info\/2014\/09\/18\/la-universidad-de-texas-recibe-a\/"},"modified":"2015-06-03T08:35:08","modified_gmt":"2015-06-03T08:35:08","slug":"la-universidad-de-texas-recibe-a","status":"publish","type":"post","link":"https:\/\/formalprision.com\/?p=2369","title":{"rendered":"La Universidad de Texas A&amp;M recibe al Gobernador Rolando Zapata Bello"},"content":{"rendered":"<div style=\"font-family: Noteworthy; font-size: 20px; font-weight: bold; line-height: 26px; -webkit-tap-highlight-color: rgba(26, 26, 26, 0.296875); -webkit-composition-fill-color: rgba(130, 98, 83, 0.0976563); -webkit-composition-frame-color: rgba(191, 107, 82, 0.496094); \">\n<div>\n<div class=\"separator\" style=\"clear: both;\"><a href=\"https:\/\/lh6.googleusercontent.com\/-uKMlUFzn4yo\/VBpvqaBCUOI\/AAAAAAAAkHA\/HLs2XVSKEGw\/s640\/blogger-image-1516286301.jpg\" imageanchor=\"1\" style=\"margin-left: 1em; margin-right: 1em;\"><img decoding=\"async\" border=\"0\" src=\"https:\/\/lh6.googleusercontent.com\/-uKMlUFzn4yo\/VBpvqaBCUOI\/AAAAAAAAkHA\/HLs2XVSKEGw\/s640\/blogger-image-1516286301.jpg\"><\/a><\/div>\n<p>College Station, Texas, 17 de septiembre de 2014.- A petici\u00f3n de las autoridades educativas de la Universidad de Texas A&amp;M (TAMU, por sus siglas en ingl\u00e9s), el Gobernador Rolando Zapata Bello arrib\u00f3 al College Station esta ma\u00f1ana, para mantener una serie de reuniones acad\u00e9micas y empresariales con dicha casa de estudios.<\/p><\/div>\n<div>La bienvenida estuvo a cargo del decano asociado de Investigaci\u00f3n, Costas N. Georghiades y el director asistente para Iniciativas Nacionales y Globales de Texas Engineering Experiment Station (TEES), Narasimha Reddy, quienes acompa\u00f1aron al mandatario estatal al Club Miramont para la recepci\u00f3n oficial con la vicesecretaria &nbsp;de la carrera en Ingenier\u00eda, doctora Katherine Banks.<\/div>\n<div>A su llegada, Zapata Bello intercambi\u00f3 impresiones con los acad\u00e9micos sobre las acciones necesarias para fortalecer la educaci\u00f3n en el nivel medio superior, as\u00ed como brindar mayores oportunidades a los j\u00f3venes para continuar con su formaci\u00f3n profesional.<\/div>\n<div>Tambi\u00e9n habl\u00f3 de la situaci\u00f3n actual del acu\u00edfero en Yucat\u00e1n e invit\u00f3 a la vicesecretaria Banks a la entidad para darle a conocer las estrategias que aplica el Gobierno a fin de garantizar los servicios de ense\u00f1anza en zonas marginadas, con programas como el Bachillerato Intercultural a Distancia.<\/div>\n<div>Este acercamiento con la Universidad de Texas A&amp;M surgi\u00f3 a trav\u00e9s de la oficina del Sistema de Investigaci\u00f3n, Innovaci\u00f3n y Desarrollo Tecnol\u00f3gico del Estado (Siidetey) ubicada en el Parque Cient\u00edfico y Tecnol\u00f3gico, en donde se gener\u00f3 la Iniciativa Yucat\u00e1n para que acad\u00e9micos de ambos grupos trabajen en proyectos que logren el desarrollo econ\u00f3mico de la regi\u00f3n a trav\u00e9s de la ciencia.<\/div>\n<div>Mediante su comunidad cient\u00edfica, la TAMU busca vincularse con el Gobierno del Estado para trabajar en cinco temas de inter\u00e9s com\u00fan que son acu\u00edferos, energ\u00eda, din\u00e1mica de costas, log\u00edstica e Internet, y sistemas de alerta temprana.<\/div>\n<div>La instituci\u00f3n cuenta con una matr\u00edcula de m\u00e1s de 60 mil estudiantes distribuidos en un campus y dos agencias en las \u00e1reas de agricultura e ingenier\u00eda, enfocadas en la investigaci\u00f3n biotecnol\u00f3gica &nbsp;para elevar la calidad de la educaci\u00f3n.<\/div>\n<div>La comitiva yucateca que visita la TAMU est\u00e1 integrada por los secretarios de Educaci\u00f3n, Ra\u00fal Godoy Monta\u00f1ez; de Fomento Econ\u00f3mico, David Alpizar Carrillo; y de Desarrollo Urbano y Medio Ambiente, Eduardo Batllori Sampedro; adem\u00e1s del presidente de la C\u00e1mara &nbsp;Nacional de la Industria Electr\u00f3nica de Telecomunicaciones y Tecnolog\u00edas de la Comunicaci\u00f3n (Canieti), V\u00edctor Guti\u00e9rrez Mart\u00ednez.<\/div>\n<div>Asimismo, los directores del Consejo de Ciencia, Innovaci\u00f3n y Tecnolog\u00eda del Estado (Conciytey), Tom\u00e1s Gonz\u00e1lez Estrada; y de Educaci\u00f3n Superior estatal, Ricardo Bello Bolio; as\u00ed como el jefe del Despacho del Gobernador, Eric Rubio Barthell.<\/div>\n<div>Estuvieron por parte de la Universidad de Texas A&amp;M el coordinador de la Iniciativa Yucat\u00e1n, Zen\u00f3n Medina Cetina; la directora de Programas Internacionales de Ingenier\u00eda, Mar\u00eda Claudia Alves Baudier; y los decanos de Arquitectura, Jorge Vanegas; y asociada de Ingenier\u00eda, Teri Reed.<\/p>\n<div class=\"separator\" style=\"clear: both;\"><a href=\"https:\/\/lh3.googleusercontent.com\/-FGZzDh54_2I\/VBpvm2NNugI\/AAAAAAAAkG4\/8GDEHVy--4Q\/s640\/blogger-image--267841812.jpg\" imageanchor=\"1\" style=\"margin-left: 1em; margin-right: 1em;\"><img decoding=\"async\" border=\"0\" src=\"https:\/\/lh3.googleusercontent.com\/-FGZzDh54_2I\/VBpvm2NNugI\/AAAAAAAAkG4\/8GDEHVy--4Q\/s640\/blogger-image--267841812.jpg\"><\/a><\/div>\n<\/div>\n<\/div>\n<div style=\"font-family: Noteworthy; font-size: 20px; font-weight: bold; line-height: 26px; -webkit-tap-highlight-color: rgba(26, 26, 26, 0.296875); -webkit-composition-fill-color: rgba(130, 98, 83, 0.0976563); -webkit-composition-frame-color: rgba(191, 107, 82, 0.496094); \"><\/div>\n<div style=\"font-family: Noteworthy; font-size: 20px; font-weight: bold; line-height: 26px; -webkit-tap-highlight-color: rgba(26, 26, 26, 0.296875); -webkit-composition-fill-color: rgba(130, 98, 83, 0.0976563); -webkit-composition-frame-color: rgba(191, 107, 82, 0.496094); \">&nbsp;<\/div>\n","protected":false},"excerpt":{"rendered":"<p>College Station, Texas, 17 de septiembre de 2014.- A petici\u00f3n de las autoridades educativas de la Universidad de Texas A&amp;M (TAMU, por sus siglas en ingl\u00e9s), el Gobernador Rolando Zapata<\/p>\n","protected":false},"author":1,"featured_media":14850,"comment_status":"open","ping_status":"open","sticky":false,"template":"","format":"standard","meta":{"jetpack_post_was_ever_published":false,"_jetpack_newsletter_access":"","_jetpack_dont_email_post_to_subs":false,"_jetpack_newsletter_tier_id":0,"_jetpack_memberships_contains_paywalled_content":false,"_jetpack_memberships_contains_paid_content":false,"footnotes":"","jetpack_publicize_message":"","jetpack_publicize_feature_enabled":true,"jetpack_social_post_already_shared":false,"jetpack_social_options":{"image_generator_settings":{"template":"highway","default_image_id":0,"font":"","enabled":false},"version":2}},"categories":[17,1],"tags":[],"class_list":["post-2369","post","type-post","status-publish","format-standard","has-post-thumbnail","hentry","category-politica-y-gobierno","category-sin-categoria"],"jetpack_publicize_connections":[],"jetpack_featured_media_url":"https:\/\/formalprision.com\/wp-content\/uploads\/2014\/09\/blogger-image-1516286301.jpg","jetpack_sharing_enabled":true,"jetpack_shortlink":"https:\/\/wp.me\/p6id8p-Cd","_links":{"self":[{"href":"https:\/\/formalprision.com\/index.php?rest_route=\/wp\/v2\/posts\/2369","targetHints":{"allow":["GET"]}}],"collection":[{"href":"https:\/\/formalprision.com\/index.php?rest_route=\/wp\/v2\/posts"}],"about":[{"href":"https:\/\/formalprision.com\/index.php?rest_route=\/wp\/v2\/types\/post"}],"author":[{"embeddable":true,"href":"https:\/\/formalprision.com\/index.php?rest_route=\/wp\/v2\/users\/1"}],"replies":[{"embeddable":true,"href":"https:\/\/formalprision.com\/index.php?rest_route=%2Fwp%2Fv2%2Fcomments&post=2369"}],"version-history":[{"count":0,"href":"https:\/\/formalprision.com\/index.php?rest_route=\/wp\/v2\/posts\/2369\/revisions"}],"wp:featuredmedia":[{"embeddable":true,"href":"https:\/\/formalprision.com\/index.php?rest_route=\/wp\/v2\/media\/14850"}],"wp:attachment":[{"href":"https:\/\/formalprision.com\/index.php?rest_route=%2Fwp%2Fv2%2Fmedia&parent=2369"}],"wp:term":[{"taxonomy":"category","embeddable":true,"href":"https:\/\/formalprision.com\/index.php?rest_route=%2Fwp%2Fv2%2Fcategories&post=2369"},{"taxonomy":"post_tag","embeddable":true,"href":"https:\/\/formalprision.com\/index.php?rest_route=%2Fwp%2Fv2%2Ftags&post=2369"}],"curies":[{"name":"wp","href":"https:\/\/api.w.org\/{rel}","templated":true}]}}