{"id":2370,"date":"2014-09-18T05:26:00","date_gmt":"2014-09-18T05:26:00","guid":{"rendered":"http:\/\/formalprision.info\/2014\/09\/18\/gobierno-del-estado-instala-centro-de\/"},"modified":"2015-06-03T08:35:08","modified_gmt":"2015-06-03T08:35:08","slug":"gobierno-del-estado-instala-centro-de","status":"publish","type":"post","link":"https:\/\/formalprision.com\/?p=2370","title":{"rendered":"Gobierno del Estado instala centro de acopio para apoyar a damnificados\npor hurac\u00e1n \u201cOdile\u201d"},"content":{"rendered":"<div style=\"font-family: Noteworthy; font-size: 20px; font-weight: bold; line-height: 26px; -webkit-tap-highlight-color: rgba(26, 26, 26, 0.296875); -webkit-composition-fill-color: rgba(130, 98, 83, 0.0976563); -webkit-composition-frame-color: rgba(191, 107, 82, 0.496094); \">M\u00e9rida, Yucat\u00e1n, 17 de septiembre de 2014.- Por instrucciones del Gobernador Rolando Zapata Bello, a partir de este jueves se instalar\u00e1 un centro de acopio de ayuda humanitaria en el sal\u00f3n Chich\u00e9n Itz\u00e1 del Centro de Convenciones Yucat\u00e1n Siglo XXI, con el objetivo de recolectar alimentos y art\u00edculos de primera necesidad para enviar a los habitantes de Baja California Sur que resultaron afectados por el embate del hurac\u00e1n \u201cOdile\u201d.<\/div>\n<div style=\"font-family: Noteworthy; font-size: 20px; font-weight: bold; line-height: 26px; -webkit-tap-highlight-color: rgba(26, 26, 26, 0.296875); -webkit-composition-fill-color: rgba(130, 98, 83, 0.0976563); -webkit-composition-frame-color: rgba(191, 107, 82, 0.496094); \">El centro permanecer\u00e1 abierto en un horario de ocho de la ma\u00f1ana a ocho de la noche y estar\u00e1 bajo la responsabilidad de la Unidad Estatal de Protecci\u00f3n Civil (Procivy). Adem\u00e1s contar\u00e1 con personal para la recepci\u00f3n, selecci\u00f3n, almacenamiento y distribuci\u00f3n, para asegurar el manejo correcto de la mercanc\u00eda y su oportuna entrega al sitio que designe la Coordinaci\u00f3n Nacional de Protecci\u00f3n Civil. &nbsp; &nbsp;<\/div>\n<div style=\"font-family: Noteworthy; font-size: 20px; font-weight: bold; line-height: 26px; -webkit-tap-highlight-color: rgba(26, 26, 26, 0.296875); -webkit-composition-fill-color: rgba(130, 98, 83, 0.0976563); -webkit-composition-frame-color: rgba(191, 107, 82, 0.496094); \">Por el momento los art\u00edculos que se estar\u00e1n recibiendo son caf\u00e9 soluble, m\u00ednimo 50 gramos; chocolate en polvo, m\u00ednimo 250 gramos; frijol cocido en lata o bolsa, leche en polvo, arroz precocido, at\u00fan o sardinas en lata, sopas instant\u00e1neas en sobre o paquetes, y chiles jalape\u00f1os verdes en lata o salsa en envase tipo brick.<\/div>\n<div style=\"font-family: Noteworthy; font-size: 20px; font-weight: bold; line-height: 26px; -webkit-tap-highlight-color: rgba(26, 26, 26, 0.296875); -webkit-composition-fill-color: rgba(130, 98, 83, 0.0976563); -webkit-composition-frame-color: rgba(191, 107, 82, 0.496094); \">Asimismo, barras o galletas de amaranto o de avena, o bien galletas de ambos sabores y en general, en paquetes individuales. De igual forma, material b\u00e1sico de higiene personal como papel higi\u00e9nico, jabones en barra y polvo, pasta de dientes y cepillos.<\/div>\n<div style=\"font-family: Noteworthy; font-size: 20px; font-weight: bold; line-height: 26px; -webkit-tap-highlight-color: rgba(26, 26, 26, 0.296875); -webkit-composition-fill-color: rgba(130, 98, 83, 0.0976563); -webkit-composition-frame-color: rgba(191, 107, 82, 0.496094); \">Una vez m\u00e1s el pueblo y Gobierno de Yucat\u00e1n hace un llamado a todas las personas para que aporten despensas y v\u00edveres para apoyar a quienes fueron afectados por dicho fen\u00f3meno meteorol\u00f3gico en Baja California Sur, principalmente en las poblaciones de Cabo San Lucas y La Paz.&nbsp;<\/p>\n<div class=\"separator\" style=\"clear: both;\"><a href=\"https:\/\/lh3.googleusercontent.com\/-7L4LeJly3fw\/VBps-JV0xmI\/AAAAAAAAkGw\/F9axvEvwvaM\/s640\/blogger-image-833580513.jpg\" imageanchor=\"1\" style=\"margin-left: 1em; margin-right: 1em;\"><img decoding=\"async\" border=\"0\" src=\"https:\/\/lh3.googleusercontent.com\/-7L4LeJly3fw\/VBps-JV0xmI\/AAAAAAAAkGw\/F9axvEvwvaM\/s640\/blogger-image-833580513.jpg\"><\/a><\/div>\n<\/div>\n","protected":false},"excerpt":{"rendered":"<p>M\u00e9rida, Yucat\u00e1n, 17 de septiembre de 2014.- Por instrucciones del Gobernador Rolando Zapata Bello, a partir de este jueves se instalar\u00e1 un centro de acopio de ayuda humanitaria en el<\/p>\n","protected":false},"author":1,"featured_media":14852,"comment_status":"open","ping_status":"open","sticky":false,"template":"","format":"standard","meta":{"jetpack_post_was_ever_published":false,"_jetpack_newsletter_access":"","_jetpack_dont_email_post_to_subs":false,"_jetpack_newsletter_tier_id":0,"_jetpack_memberships_contains_paywalled_content":false,"_jetpack_memberships_contains_paid_content":false,"footnotes":"","jetpack_publicize_message":"","jetpack_publicize_feature_enabled":true,"jetpack_social_post_already_shared":false,"jetpack_social_options":{"image_generator_settings":{"template":"highway","default_image_id":0,"font":"","enabled":false},"version":2}},"categories":[17,1],"tags":[],"class_list":["post-2370","post","type-post","status-publish","format-standard","has-post-thumbnail","hentry","category-politica-y-gobierno","category-sin-categoria"],"jetpack_publicize_connections":[],"jetpack_featured_media_url":"https:\/\/formalprision.com\/wp-content\/uploads\/2014\/09\/blogger-image-833580513.jpg","jetpack_sharing_enabled":true,"jetpack_shortlink":"https:\/\/wp.me\/p6id8p-Ce","_links":{"self":[{"href":"https:\/\/formalprision.com\/index.php?rest_route=\/wp\/v2\/posts\/2370","targetHints":{"allow":["GET"]}}],"collection":[{"href":"https:\/\/formalprision.com\/index.php?rest_route=\/wp\/v2\/posts"}],"about":[{"href":"https:\/\/formalprision.com\/index.php?rest_route=\/wp\/v2\/types\/post"}],"author":[{"embeddable":true,"href":"https:\/\/formalprision.com\/index.php?rest_route=\/wp\/v2\/users\/1"}],"replies":[{"embeddable":true,"href":"https:\/\/formalprision.com\/index.php?rest_route=%2Fwp%2Fv2%2Fcomments&post=2370"}],"version-history":[{"count":0,"href":"https:\/\/formalprision.com\/index.php?rest_route=\/wp\/v2\/posts\/2370\/revisions"}],"wp:featuredmedia":[{"embeddable":true,"href":"https:\/\/formalprision.com\/index.php?rest_route=\/wp\/v2\/media\/14852"}],"wp:attachment":[{"href":"https:\/\/formalprision.com\/index.php?rest_route=%2Fwp%2Fv2%2Fmedia&parent=2370"}],"wp:term":[{"taxonomy":"category","embeddable":true,"href":"https:\/\/formalprision.com\/index.php?rest_route=%2Fwp%2Fv2%2Fcategories&post=2370"},{"taxonomy":"post_tag","embeddable":true,"href":"https:\/\/formalprision.com\/index.php?rest_route=%2Fwp%2Fv2%2Ftags&post=2370"}],"curies":[{"name":"wp","href":"https:\/\/api.w.org\/{rel}","templated":true}]}}