{"id":2380,"date":"2014-09-17T02:12:00","date_gmt":"2014-09-17T02:12:00","guid":{"rendered":"http:\/\/formalprision.info\/2014\/09\/17\/un-ex-boxeador-sospechoso-del-crimen-de\/"},"modified":"2015-06-03T08:35:10","modified_gmt":"2015-06-03T08:35:10","slug":"un-ex-boxeador-sospechoso-del-crimen-de","status":"publish","type":"post","link":"https:\/\/formalprision.com\/?p=2380","title":{"rendered":"Ex boxeador, sospechoso del crimen de un vecino de Sodzil Norte"},"content":{"rendered":"<div style=\"font-family: Noteworthy; font-size: 20px; font-weight: bold; line-height: 26px; -webkit-tap-highlight-color: rgba(26, 26, 26, 0.296875); -webkit-composition-fill-color: rgba(130, 98, 83, 0.0976563); -webkit-composition-frame-color: rgba(191, 107, 82, 0.496094); \">&nbsp;A dos semanas del crimen de un comerciante de condimentos en Sodzil Norte, la Polic\u00eda Ministerial ha identificado al sospechoso principal, un ex boxeador profesional meridano.<\/div>\n<div style=\"font-family: Noteworthy; font-size: 20px; font-weight: bold; line-height: 26px; -webkit-tap-highlight-color: rgba(26, 26, 26, 0.296875); -webkit-composition-fill-color: rgba(130, 98, 83, 0.0976563); -webkit-composition-frame-color: rgba(191, 107, 82, 0.496094); \">Sin embargo, hasta el momento no lo ha localizado y se sospecha que huy\u00f3 al norte del pa\u00eds, aunque se le busca tambi\u00e9n en Quintana Roo.<\/div>\n<div style=\"font-family: Noteworthy; font-size: 20px; font-weight: bold; line-height: 26px; -webkit-tap-highlight-color: rgba(26, 26, 26, 0.296875); -webkit-composition-fill-color: rgba(130, 98, 83, 0.0976563); -webkit-composition-frame-color: rgba(191, 107, 82, 0.496094); \">El ex boxeador ser\u00eda el responsable de la muerte de &nbsp;R\u00f3ger Augusto Victoria Cetina (a) \u00abEl Pichi\u00bb, asesinado en su casa &nbsp;de Sodzil Norte.<\/div>\n<div style=\"font-family: Noteworthy; font-size: 20px; font-weight: bold; line-height: 26px; -webkit-tap-highlight-color: rgba(26, 26, 26, 0.296875); -webkit-composition-fill-color: rgba(130, 98, 83, 0.0976563); -webkit-composition-frame-color: rgba(191, 107, 82, 0.496094); \">Los agentes investigadores han recorrido gimnasios de la ciudad para tratar de ubicar al sospechoso y tambi\u00e9n han visitado casinos y centros nocturnos, donde el ex boxeador trabaj\u00f3 hace alg\u00fan tiempo como guarura\u00bb o \u00absacaborrachos\u00bb.<\/div>\n<div style=\"font-family: Noteworthy; font-size: 20px; font-weight: bold; line-height: 26px; -webkit-tap-highlight-color: rgba(26, 26, 26, 0.296875); -webkit-composition-fill-color: rgba(130, 98, 83, 0.0976563); -webkit-composition-frame-color: rgba(191, 107, 82, 0.496094); \">Este ex pugilista cuenta con antecedentes penales, incluso en septiembre de 2011 fue detenido luego de que acudi\u00f3 a uno de los casinos donde labor\u00f3 y le peg\u00f3 a un ex compa\u00f1ero de seguridad.<\/div>\n<div style=\"font-family: Noteworthy; font-size: 20px; font-weight: bold; line-height: 26px; -webkit-tap-highlight-color: rgba(26, 26, 26, 0.296875); -webkit-composition-fill-color: rgba(130, 98, 83, 0.0976563); -webkit-composition-frame-color: rgba(191, 107, 82, 0.496094); \">Seg\u00fan se inform\u00f3, el sospechoso tuvo un paso intermitente por el boxeo, pues lo perjudic\u00f3 su indisciplina y sus problemas con la justicia.<\/div>\n<div style=\"font-family: Noteworthy; font-size: 20px; font-weight: bold; line-height: 26px; -webkit-tap-highlight-color: rgba(26, 26, 26, 0.296875); -webkit-composition-fill-color: rgba(130, 98, 83, 0.0976563); -webkit-composition-frame-color: rgba(191, 107, 82, 0.496094); \">En su \u00faltimo intento por regresar al boxeo venci\u00f3 en la arena San Sebasti\u00e1n al hunucmense Wilberth \u00abMalachito II\u00bb Coll\u00ed.<\/div>\n<div style=\"font-family: Noteworthy; font-size: 20px; font-weight: bold; line-height: 26px; -webkit-tap-highlight-color: rgba(26, 26, 26, 0.296875); -webkit-composition-fill-color: rgba(130, 98, 83, 0.0976563); -webkit-composition-frame-color: rgba(191, 107, 82, 0.496094); \">Como informamos, &nbsp;el cuerpo de Victoria Cetina, de 54 a\u00f1os, fue hallado en una casa de la la calle 33 n\u00famero 308 por 42 y 44. cerca de la Unidad Habitacional Cordemex.<\/div>\n<div style=\"font-family: Noteworthy; font-size: 20px; font-weight: bold; line-height: 26px; -webkit-tap-highlight-color: rgba(26, 26, 26, 0.296875); -webkit-composition-fill-color: rgba(130, 98, 83, 0.0976563); -webkit-composition-frame-color: rgba(191, 107, 82, 0.496094); \">El ahora occiso recibi\u00f3 un \u00abblockazo\u00bb en la cabeza cuando ve\u00eda televisi\u00f3n, pues el aparato estaba encendido cuando llegaron los uniformados tras el reporte del hallazgo del cad\u00e1ver.<\/p>\n<div class=\"separator\" style=\"clear: both;\">\n<div class=\"separator\" style=\"clear: both;\"><a href=\"https:\/\/lh4.googleusercontent.com\/-qmOpzj68jNY\/VBjuAv-t0nI\/AAAAAAAAkE0\/rs3Y6fyHsOE\/s640\/blogger-image--1963463741.jpg\" imageanchor=\"1\" style=\"margin-left: 1em; margin-right: 1em;\"><img decoding=\"async\" border=\"0\" src=\"https:\/\/lh4.googleusercontent.com\/-qmOpzj68jNY\/VBjuAv-t0nI\/AAAAAAAAkE0\/rs3Y6fyHsOE\/s640\/blogger-image--1963463741.jpg\"><\/a><\/div>\n<p><\/div>\n<\/div>\n","protected":false},"excerpt":{"rendered":"<p>&nbsp;A dos semanas del crimen de un comerciante de condimentos en Sodzil Norte, la Polic\u00eda Ministerial ha identificado al sospechoso principal, un ex boxeador profesional meridano. Sin embargo, hasta el<\/p>\n","protected":false},"author":1,"featured_media":14872,"comment_status":"open","ping_status":"open","sticky":false,"template":"","format":"standard","meta":{"jetpack_post_was_ever_published":false,"_jetpack_newsletter_access":"","_jetpack_dont_email_post_to_subs":false,"_jetpack_newsletter_tier_id":0,"_jetpack_memberships_contains_paywalled_content":false,"_jetpack_memberships_contains_paid_content":false,"footnotes":"","jetpack_publicize_message":"","jetpack_publicize_feature_enabled":true,"jetpack_social_post_already_shared":false,"jetpack_social_options":{"image_generator_settings":{"template":"highway","default_image_id":0,"font":"","enabled":false},"version":2}},"categories":[10,3,1],"tags":[],"class_list":["post-2380","post","type-post","status-publish","format-standard","has-post-thumbnail","hentry","category-lectura-recomendada","category-portada","category-sin-categoria"],"jetpack_publicize_connections":[],"jetpack_featured_media_url":"https:\/\/formalprision.com\/wp-content\/uploads\/2014\/09\/blogger-image-1963463741.jpg","jetpack_sharing_enabled":true,"jetpack_shortlink":"https:\/\/wp.me\/p6id8p-Co","_links":{"self":[{"href":"https:\/\/formalprision.com\/index.php?rest_route=\/wp\/v2\/posts\/2380","targetHints":{"allow":["GET"]}}],"collection":[{"href":"https:\/\/formalprision.com\/index.php?rest_route=\/wp\/v2\/posts"}],"about":[{"href":"https:\/\/formalprision.com\/index.php?rest_route=\/wp\/v2\/types\/post"}],"author":[{"embeddable":true,"href":"https:\/\/formalprision.com\/index.php?rest_route=\/wp\/v2\/users\/1"}],"replies":[{"embeddable":true,"href":"https:\/\/formalprision.com\/index.php?rest_route=%2Fwp%2Fv2%2Fcomments&post=2380"}],"version-history":[{"count":0,"href":"https:\/\/formalprision.com\/index.php?rest_route=\/wp\/v2\/posts\/2380\/revisions"}],"wp:featuredmedia":[{"embeddable":true,"href":"https:\/\/formalprision.com\/index.php?rest_route=\/wp\/v2\/media\/14872"}],"wp:attachment":[{"href":"https:\/\/formalprision.com\/index.php?rest_route=%2Fwp%2Fv2%2Fmedia&parent=2380"}],"wp:term":[{"taxonomy":"category","embeddable":true,"href":"https:\/\/formalprision.com\/index.php?rest_route=%2Fwp%2Fv2%2Fcategories&post=2380"},{"taxonomy":"post_tag","embeddable":true,"href":"https:\/\/formalprision.com\/index.php?rest_route=%2Fwp%2Fv2%2Ftags&post=2380"}],"curies":[{"name":"wp","href":"https:\/\/api.w.org\/{rel}","templated":true}]}}