{"id":2398,"date":"2014-09-15T14:30:00","date_gmt":"2014-09-15T14:30:00","guid":{"rendered":"http:\/\/formalprision.info\/2014\/09\/15\/ex-funcionario-panista-llama-simio\/"},"modified":"2015-06-03T08:35:13","modified_gmt":"2015-06-03T08:35:13","slug":"ex-funcionario-panista-llama-simio","status":"publish","type":"post","link":"https:\/\/formalprision.com\/?p=2398","title":{"rendered":"Ex funcionario panista llama simio a Ronaldinho"},"content":{"rendered":"<p>Despu\u00e9s de ser un dolor de cabeza en Europa e incluso en algunos pa\u00edses de Latinoam\u00e9rica, los casos de racismo en el futbol han llegado a M\u00e9xico.<br \/>\nAs\u00ed lo demuestra el panista Carlos Manuel Trevi\u00f1o N\u00fa\u00f1ez, quien utiliz\u00f3 su cuenta de Facebook para lanzar insultos racistas contra Ronaldinho, refuerzo de los Gallos de Quer\u00e9taro.<br \/>\nTrevi\u00f1o N\u00fa\u00f1ez se desempe\u00f1\u00f3 como secretario de Desarrollo Social de Quer\u00e9taro de 2006 a 2009, informa el sitio web de Excelsior, y el viernes pasado expres\u00f3 su molestia por el tr\u00e1nsito que se viv\u00eda en la ciudad debido al partido celebrado en el estadio Corregidora, en el que Gallos empat\u00f3 1-1 con el Puebla y el brasile\u00f1o fue presentado ante su nueva afici\u00f3n durante el medio tiempo del cotejo.<br \/>\n\u00abEn serio trato de ser tolerante, pero DETESTO EL FUTBOL, y el fen\u00f3meno idiotizante que produce&#8230; Lo detesto a\u00fan m\u00e1s porque la gente estorba e inunda las avenidas para hacer que tarde dos horas para llegar a casa&#8230; Y todo para ver a un (&#8230;) Brasile\u00f1o, pero (\u2026) aun. Esto ya es un circo rid\u00edculo\u00bb, escribi\u00f3 Trevi\u00f1o en un mensaje que ya fue borrado de su cuenta.<br \/>\nDe inmediato, el mensaje del militante panista levant\u00f3 pol\u00e9mica en las redes sociales y entre muchos seguidores de los Gallos que tachan de racista al ex funcionario.<br \/>\nEl Club Gallos de Quer\u00e9taro conden\u00f3 a trav\u00e9s de un comunicado las declaraciones racistas y discriminatorias de Trevi\u00f1o N\u00fa\u00f1ez contra el jugador brasile\u00f1o, pues asegura que el racismo, la xenofobia, la desigualdad de g\u00e9nero y otras pr\u00e1cticas discriminatorias son una forma de violencia que debe ser erradicada en la sociedad.<br \/>\nEl club deportivo destac\u00f3 la Declaraci\u00f3n Universal de los Derechos Humanos, que se\u00f1ala que \u201ctodos los seres humanos nacen libres e iguales en dignidad y derechos\u201d, por lo que exigi\u00f3 un castigo en contra del panista.<\/p>\n<div class=\"separator\" style=\"clear: both; text-align: center;\">\n<a href=\"http:\/\/formalprision.com\/wp-content\/uploads\/2014\/09\/cartrevi15.jpg\" imageanchor=\"1\" style=\"margin-left: 1em; margin-right: 1em;\"><img loading=\"lazy\" decoding=\"async\" border=\"0\" src=\"http:\/\/formalprision.com\/wp-content\/uploads\/2014\/09\/cartrevi15.jpg\" height=\"240\" width=\"320\" \/><\/a><\/div>\n","protected":false},"excerpt":{"rendered":"<p>Despu\u00e9s de ser un dolor de cabeza en Europa e incluso en algunos pa\u00edses de Latinoam\u00e9rica, los casos de racismo en el futbol han llegado a M\u00e9xico. As\u00ed lo demuestra<\/p>\n","protected":false},"author":1,"featured_media":14907,"comment_status":"open","ping_status":"open","sticky":false,"template":"","format":"standard","meta":{"jetpack_post_was_ever_published":false,"_jetpack_newsletter_access":"","_jetpack_dont_email_post_to_subs":false,"_jetpack_newsletter_tier_id":0,"_jetpack_memberships_contains_paywalled_content":false,"_jetpack_memberships_contains_paid_content":false,"footnotes":"","jetpack_publicize_message":"","jetpack_publicize_feature_enabled":true,"jetpack_social_post_already_shared":false,"jetpack_social_options":{"image_generator_settings":{"template":"highway","default_image_id":0,"font":"","enabled":false},"version":2}},"categories":[4,1],"tags":[],"class_list":["post-2398","post","type-post","status-publish","format-standard","has-post-thumbnail","hentry","category-deportes","category-sin-categoria"],"jetpack_publicize_connections":[],"jetpack_featured_media_url":"https:\/\/formalprision.com\/wp-content\/uploads\/2014\/09\/cartrevi15.jpg","jetpack_sharing_enabled":true,"jetpack_shortlink":"https:\/\/wp.me\/p6id8p-CG","_links":{"self":[{"href":"https:\/\/formalprision.com\/index.php?rest_route=\/wp\/v2\/posts\/2398","targetHints":{"allow":["GET"]}}],"collection":[{"href":"https:\/\/formalprision.com\/index.php?rest_route=\/wp\/v2\/posts"}],"about":[{"href":"https:\/\/formalprision.com\/index.php?rest_route=\/wp\/v2\/types\/post"}],"author":[{"embeddable":true,"href":"https:\/\/formalprision.com\/index.php?rest_route=\/wp\/v2\/users\/1"}],"replies":[{"embeddable":true,"href":"https:\/\/formalprision.com\/index.php?rest_route=%2Fwp%2Fv2%2Fcomments&post=2398"}],"version-history":[{"count":0,"href":"https:\/\/formalprision.com\/index.php?rest_route=\/wp\/v2\/posts\/2398\/revisions"}],"wp:featuredmedia":[{"embeddable":true,"href":"https:\/\/formalprision.com\/index.php?rest_route=\/wp\/v2\/media\/14907"}],"wp:attachment":[{"href":"https:\/\/formalprision.com\/index.php?rest_route=%2Fwp%2Fv2%2Fmedia&parent=2398"}],"wp:term":[{"taxonomy":"category","embeddable":true,"href":"https:\/\/formalprision.com\/index.php?rest_route=%2Fwp%2Fv2%2Fcategories&post=2398"},{"taxonomy":"post_tag","embeddable":true,"href":"https:\/\/formalprision.com\/index.php?rest_route=%2Fwp%2Fv2%2Ftags&post=2398"}],"curies":[{"name":"wp","href":"https:\/\/api.w.org\/{rel}","templated":true}]}}