{"id":2402,"date":"2014-09-14T23:20:00","date_gmt":"2014-09-14T23:20:00","guid":{"rendered":"http:\/\/formalprision.info\/2014\/09\/14\/polemica-por-uniforme-de-un-equipo\/"},"modified":"2015-06-03T12:58:21","modified_gmt":"2015-06-03T12:58:21","slug":"polemica-por-uniforme-de-un-equipo","status":"publish","type":"post","link":"https:\/\/formalprision.com\/?p=2402","title":{"rendered":"Pol\u00e9mica por uniforme &quot;sexual&quot; de un equipo femenino de ciclismo"},"content":{"rendered":"<div style=\"font-weight: bold;\">\n<div style=\"font-family: Noteworthy; font-size: 20px; line-height: 26px; -webkit-tap-highlight-color: rgba(26, 26, 26, 0.296875); -webkit-composition-fill-color: rgba(130, 98, 83, 0.0976563); -webkit-composition-frame-color: rgba(191, 107, 82, 0.496094);\">\n<div class=\"separator\" style=\"clear: both;\"><a style=\"margin-left: 1em; margin-right: 1em;\" href=\"https:\/\/lh4.googleusercontent.com\/-_2ci9qbpuEA\/VBYi1586iZI\/AAAAAAAAkBA\/DgX-gtWUYWw\/s640\/blogger-image--1503377692.jpg\"><img decoding=\"async\" src=\"https:\/\/lh4.googleusercontent.com\/-_2ci9qbpuEA\/VBYi1586iZI\/AAAAAAAAkBA\/DgX-gtWUYWw\/s640\/blogger-image--1503377692.jpg\" alt=\"\" border=\"0\" \/><\/a><\/div>\n<p>La pol\u00e9mica indumentaria del equipo del Instituto Distrital de Reacreaci\u00f3n y Deporte (IDRD), que apoya al equipo de ciclismo femenino de Colombia en el Giro de la Toscana (Italia), ha generado todo tipo de comentarios en en la prensa internacional y especializada.<\/p>\n<\/div>\n<div style=\"font-family: Noteworthy; font-size: 20px; line-height: 26px; -webkit-tap-highlight-color: rgba(26, 26, 26, 0.296875); -webkit-composition-fill-color: rgba(130, 98, 83, 0.0976563); -webkit-composition-frame-color: rgba(191, 107, 82, 0.496094);\">El uniforme, de color rojo y blanco y con una franja de color beige en la parte central, fue registrado por la prensa espa\u00f1ola y especializada, que calific\u00f3 la indumentaria de \u00abhorrible\u00bb e, incluso, algunos lo calificaron de \u00abofensivo\u00bb. El diario sensacionalista brit\u00e1nico &#8216;Mirror&#8217; se pregunta: \u00ab\u00bfEs el peor uniforme deportivo de la historia?\u00bb.<\/div>\n<div style=\"font-family: Noteworthy; font-size: 20px; line-height: 26px; -webkit-tap-highlight-color: rgba(26, 26, 26, 0.296875); -webkit-composition-fill-color: rgba(130, 98, 83, 0.0976563); -webkit-composition-frame-color: rgba(191, 107, 82, 0.496094);\">Por ejemplo, la Cadena Ser, de Espa\u00f1a, ha dicho que el uniforme era un maillot \u00abatrevido\u00bb y dice que \u00aben el mundo de la publicidad y del marketing cualquier cosa que pueda llamar la atenci\u00f3n se convierte en objetivo n\u00famero uno\u00bb.<\/div>\n<div style=\"font-family: Noteworthy; font-size: 20px; line-height: 26px; -webkit-tap-highlight-color: rgba(26, 26, 26, 0.296875); -webkit-composition-fill-color: rgba(130, 98, 83, 0.0976563); -webkit-composition-frame-color: rgba(191, 107, 82, 0.496094);\">Ante las cr\u00edticas, que tambi\u00e9n han estado en las redes sociales, el Instituto respondi\u00f3 ayer s\u00e1bado que a ellos no les consultaron el dise\u00f1o del pol\u00e9mico uniforme.<\/div>\n<div style=\"font-family: Noteworthy; font-size: 20px; line-height: 26px; -webkit-tap-highlight-color: rgba(26, 26, 26, 0.296875); -webkit-composition-fill-color: rgba(130, 98, 83, 0.0976563); -webkit-composition-frame-color: rgba(191, 107, 82, 0.496094);\">\u00abFrente a los uniformes del equipo de ciclismo femenino, aclaramos que no nos consultaron sobre su dise\u00f1o. Apoyamos al equipo en su viaje\u00bb, se lee en la cuenta de Twitter.<\/div>\n<div style=\"font-family: Noteworthy; font-size: 20px; line-height: 26px; -webkit-tap-highlight-color: rgba(26, 26, 26, 0.296875); -webkit-composition-fill-color: rgba(130, 98, 83, 0.0976563); -webkit-composition-frame-color: rgba(191, 107, 82, 0.496094);\">La Liga de Ciclismo de Bogot\u00e1 confirm\u00f3 que el pol\u00e9mico uniforme del equipo colombiano femenino que disputa el Giro de Toscana (Italia) \u00a0fue dise\u00f1ado por una de las integrantes del grupo, Angie Tatiana Rojas, y que su confecci\u00f3n fue avalada por los patrocinadores, el Instituto Distrital para la Recreaci\u00f3n y el Deporte (Idrd), Fundaci\u00f3n San Mateo y Solgar.(eltiempo.com)<\/div>\n<\/div>\n","protected":false},"excerpt":{"rendered":"<p>La pol\u00e9mica indumentaria del equipo del Instituto Distrital de Reacreaci\u00f3n y Deporte (IDRD), que apoya al equipo de ciclismo femenino de Colombia en el Giro de la Toscana (Italia), ha<\/p>\n","protected":false},"author":1,"featured_media":14916,"comment_status":"open","ping_status":"open","sticky":false,"template":"","format":"standard","meta":{"jetpack_post_was_ever_published":false,"_jetpack_newsletter_access":"","_jetpack_dont_email_post_to_subs":false,"_jetpack_newsletter_tier_id":0,"_jetpack_memberships_contains_paywalled_content":false,"_jetpack_memberships_contains_paid_content":false,"footnotes":"","jetpack_publicize_message":"","jetpack_publicize_feature_enabled":true,"jetpack_social_post_already_shared":false,"jetpack_social_options":{"image_generator_settings":{"template":"highway","default_image_id":0,"font":"","enabled":false},"version":2}},"categories":[23,4],"tags":[],"class_list":["post-2402","post","type-post","status-publish","format-standard","has-post-thumbnail","hentry","category-del-mundo","category-deportes"],"jetpack_publicize_connections":[],"jetpack_featured_media_url":"https:\/\/formalprision.com\/wp-content\/uploads\/2014\/09\/blogger-image-1503377692.jpg","jetpack_sharing_enabled":true,"jetpack_shortlink":"https:\/\/wp.me\/p6id8p-CK","_links":{"self":[{"href":"https:\/\/formalprision.com\/index.php?rest_route=\/wp\/v2\/posts\/2402","targetHints":{"allow":["GET"]}}],"collection":[{"href":"https:\/\/formalprision.com\/index.php?rest_route=\/wp\/v2\/posts"}],"about":[{"href":"https:\/\/formalprision.com\/index.php?rest_route=\/wp\/v2\/types\/post"}],"author":[{"embeddable":true,"href":"https:\/\/formalprision.com\/index.php?rest_route=\/wp\/v2\/users\/1"}],"replies":[{"embeddable":true,"href":"https:\/\/formalprision.com\/index.php?rest_route=%2Fwp%2Fv2%2Fcomments&post=2402"}],"version-history":[{"count":0,"href":"https:\/\/formalprision.com\/index.php?rest_route=\/wp\/v2\/posts\/2402\/revisions"}],"wp:featuredmedia":[{"embeddable":true,"href":"https:\/\/formalprision.com\/index.php?rest_route=\/wp\/v2\/media\/14916"}],"wp:attachment":[{"href":"https:\/\/formalprision.com\/index.php?rest_route=%2Fwp%2Fv2%2Fmedia&parent=2402"}],"wp:term":[{"taxonomy":"category","embeddable":true,"href":"https:\/\/formalprision.com\/index.php?rest_route=%2Fwp%2Fv2%2Fcategories&post=2402"},{"taxonomy":"post_tag","embeddable":true,"href":"https:\/\/formalprision.com\/index.php?rest_route=%2Fwp%2Fv2%2Ftags&post=2402"}],"curies":[{"name":"wp","href":"https:\/\/api.w.org\/{rel}","templated":true}]}}