{"id":2404,"date":"2014-09-14T22:12:00","date_gmt":"2014-09-14T22:12:00","guid":{"rendered":"http:\/\/formalprision.info\/2014\/09\/14\/rayo-mata-un-futbolista-en-pleno\/"},"modified":"2015-06-03T08:35:16","modified_gmt":"2015-06-03T08:35:16","slug":"rayo-mata-un-futbolista-en-pleno","status":"publish","type":"post","link":"https:\/\/formalprision.com\/?p=2404","title":{"rendered":"Rayo mata a un futbolista en pleno partido en Flamboyanes"},"content":{"rendered":"<div style=\"font-family: Noteworthy; font-size: 20px; font-weight: bold; line-height: 26px; -webkit-tap-highlight-color: rgba(26, 26, 26, 0.296875); -webkit-composition-fill-color: rgba(130, 98, 83, 0.0976563); -webkit-composition-frame-color: rgba(191, 107, 82, 0.496094); \">\n<div>Un joven futbolista muerto y otro herido dej\u00f3 la tarde de este domingo &nbsp;la ca\u00edda de un rayo en una cancha de f\u00fatbol de Flamboyanes, fraccionamiento ubicado a la vera de la carretera M\u00e9rida-Progreso.<\/div>\n<div>Los reportes preliminares indican que el rayo cay\u00f3, cerca de las 4 de la tarde, durante el partido, alcanzando a varios futbolistas y como consecuencia uno de ellos falleci\u00f3 y otro fue hospitalizado.<\/div>\n<div>Aunque no hubo informacion oficial, el alcalde de Progreso, Daniel Zacar\u00edas Mart\u00ednez, confirm\u00f3 el accidente a trav\u00e9s de su cuenta de Twitter y dijo que la direcci\u00f3n de Protecci\u00f3n Civil del municipio atendi\u00f3 &nbsp;la emergencia.<\/div>\n<div>Seg\u00fan testigos, durante el juego cay\u00f3 una fuerte lluvia, por lo que el \u00e1rbitro suspendi\u00f3 el partido.<\/div>\n<div>Los jugadores estaban en el campo, pero ya no jugaban, cuando el rayo cay\u00f3 por donde se encontraba un grupo de ellos.<\/div>\n<div>Indicaron que las consecuencias hubieran sido m\u00e1s tr\u00e1gicas sii el \u00e1rbitro no hubiera suspendido el partido, pues &nbsp;habr\u00eda m\u00e1s jugadores en la cancha.<\/div>\n<div>\n<div style=\"-webkit-tap-highlight-color: rgba(26, 26, 26, 0.296875); \">De acuerdo con el portal progresohoy.com, el fallecido fue identificado como Jos\u00e9 Carlos May Reyes, de 27 a\u00f1os de edad y vecino de la subcomisar\u00eda de Para\u00edso.&nbsp;<\/div>\n<div style=\"-webkit-tap-highlight-color: rgba(26, 26, 26, 0.296875); \">El lesionado fue identificado como Benjam\u00edn Graniel Chal\u00e9, de 36 a\u00f1os y tambi\u00e9n vecino de Para\u00edso.&nbsp;<\/div>\n<div style=\"-webkit-tap-highlight-color: rgba(26, 26, 26, 0.296875); \">El primero falleci\u00f3 en el Centro de Salud, aunque algunas versiones indican que falleci\u00f3 en el lugar de los hechos, y el otro est\u00e1 internado en el CMA.<\/div>\n<\/div>\n<div><\/p>\n<div class=\"separator\" style=\"clear: both;\"><a href=\"https:\/\/lh3.googleusercontent.com\/-fv8Ow6MzuYA\/VBYSwit2IKI\/AAAAAAAAkAg\/51ROBycqiLs\/s640\/blogger-image-391546877.jpg\" imageanchor=\"1\" style=\"margin-left: 1em; margin-right: 1em;\"><img decoding=\"async\" border=\"0\" src=\"https:\/\/lh3.googleusercontent.com\/-fv8Ow6MzuYA\/VBYSwit2IKI\/AAAAAAAAkAg\/51ROBycqiLs\/s640\/blogger-image-391546877.jpg\"><\/a><\/div>\n<\/div>\n<\/div>\n<div style=\"font-family: Noteworthy; font-size: 20px; font-weight: bold; line-height: 26px; -webkit-tap-highlight-color: rgba(26, 26, 26, 0.296875); -webkit-composition-fill-color: rgba(130, 98, 83, 0.0976563); -webkit-composition-frame-color: rgba(191, 107, 82, 0.496094); \"><\/div>\n<div style=\"font-family: Noteworthy; font-size: 20px; font-weight: bold; line-height: 26px; -webkit-tap-highlight-color: rgba(26, 26, 26, 0.296875); -webkit-composition-fill-color: rgba(130, 98, 83, 0.0976563); -webkit-composition-frame-color: rgba(191, 107, 82, 0.496094); \"><\/div>\n","protected":false},"excerpt":{"rendered":"<p>Un joven futbolista muerto y otro herido dej\u00f3 la tarde de este domingo &nbsp;la ca\u00edda de un rayo en una cancha de f\u00fatbol de Flamboyanes, fraccionamiento ubicado a la vera<\/p>\n","protected":false},"author":1,"featured_media":14920,"comment_status":"open","ping_status":"open","sticky":false,"template":"","format":"standard","meta":{"jetpack_post_was_ever_published":false,"_jetpack_newsletter_access":"","_jetpack_dont_email_post_to_subs":false,"_jetpack_newsletter_tier_id":0,"_jetpack_memberships_contains_paywalled_content":false,"_jetpack_memberships_contains_paid_content":false,"footnotes":"","jetpack_publicize_message":"","jetpack_publicize_feature_enabled":true,"jetpack_social_post_already_shared":false,"jetpack_social_options":{"image_generator_settings":{"template":"highway","default_image_id":0,"font":"","enabled":false},"version":2}},"categories":[9,10,3,1],"tags":[],"class_list":["post-2404","post","type-post","status-publish","format-standard","has-post-thumbnail","hentry","category-destacadas","category-lectura-recomendada","category-portada","category-sin-categoria"],"jetpack_publicize_connections":[],"jetpack_featured_media_url":"https:\/\/formalprision.com\/wp-content\/uploads\/2014\/09\/blogger-image-391546877.jpg","jetpack_sharing_enabled":true,"jetpack_shortlink":"https:\/\/wp.me\/p6id8p-CM","_links":{"self":[{"href":"https:\/\/formalprision.com\/index.php?rest_route=\/wp\/v2\/posts\/2404","targetHints":{"allow":["GET"]}}],"collection":[{"href":"https:\/\/formalprision.com\/index.php?rest_route=\/wp\/v2\/posts"}],"about":[{"href":"https:\/\/formalprision.com\/index.php?rest_route=\/wp\/v2\/types\/post"}],"author":[{"embeddable":true,"href":"https:\/\/formalprision.com\/index.php?rest_route=\/wp\/v2\/users\/1"}],"replies":[{"embeddable":true,"href":"https:\/\/formalprision.com\/index.php?rest_route=%2Fwp%2Fv2%2Fcomments&post=2404"}],"version-history":[{"count":0,"href":"https:\/\/formalprision.com\/index.php?rest_route=\/wp\/v2\/posts\/2404\/revisions"}],"wp:featuredmedia":[{"embeddable":true,"href":"https:\/\/formalprision.com\/index.php?rest_route=\/wp\/v2\/media\/14920"}],"wp:attachment":[{"href":"https:\/\/formalprision.com\/index.php?rest_route=%2Fwp%2Fv2%2Fmedia&parent=2404"}],"wp:term":[{"taxonomy":"category","embeddable":true,"href":"https:\/\/formalprision.com\/index.php?rest_route=%2Fwp%2Fv2%2Fcategories&post=2404"},{"taxonomy":"post_tag","embeddable":true,"href":"https:\/\/formalprision.com\/index.php?rest_route=%2Fwp%2Fv2%2Ftags&post=2404"}],"curies":[{"name":"wp","href":"https:\/\/api.w.org\/{rel}","templated":true}]}}