{"id":2405,"date":"2014-09-14T20:41:00","date_gmt":"2014-09-14T20:41:00","guid":{"rendered":"http:\/\/formalprision.info\/2014\/09\/14\/gobernador-visita-invernadero-maya\/"},"modified":"2015-06-03T08:35:16","modified_gmt":"2015-06-03T08:35:16","slug":"gobernador-visita-invernadero-maya","status":"publish","type":"post","link":"https:\/\/formalprision.com\/?p=2405","title":{"rendered":"Gobernador visita invernadero Maya Vegetales del grupo La Anita"},"content":{"rendered":"<div style=\"font-family: Noteworthy; font-size: 20px; font-weight: bold; line-height: 26px; -webkit-tap-highlight-color: rgba(26, 26, 26, 0.296875); -webkit-composition-fill-color: rgba(130, 98, 83, 0.0976563); -webkit-composition-frame-color: rgba(191, 107, 82, 0.496094); \">\n<div>Kanas\u00edn, Yucat\u00e1n, 14 de septiembre de 2014.- El Gobernador Rolando Zapata Bello visit\u00f3 las instalaciones del invernadero Maya Vegetales del grupo La Anita, para constatar la producci\u00f3n de pepino verde de la variedad cruz persa, que comercializa esta empresa yucateca en Canad\u00e1.<\/div>\n<div>Dicho espacio, que fue beneficiado con una suma conjunta de m\u00e1s de cinco millones de pesos provenientes del Programa de Apoyo a la Inversi\u00f3n en Equipamiento e Infraestructura (Paiei) 2013, logra una procesamiento anual de alrededor de dos mil toneladas de pepino con calidad de exportaci\u00f3n.<\/div>\n<div>Acompa\u00f1ado del director General de la empresa, Meljem Charruf Navarrete, el titular del Poder Ejecutivo recorri\u00f3 las diversas \u00e1reas del invernadero que comprenden cinco hect\u00e1reas altamente tecnificadas, las cuales presentan estrictas medidas de inocuidad e infraestructura enfocada al cuidado de la hortaliza<\/div>\n<div>Como primer punto, Zapata Bello entr\u00f3 al \u00e1rea del sistema automatizado de riego que controla la distribuci\u00f3n de agua y nutrientes a los cultivos, los cuales representan un volumen de 100 toneladas por hect\u00e1rea, de manera que se obtienen 500 toneladas por ciclo productivo.<\/div>\n<div>Posteriormente, en presencia de los secretarios de Desarrollo Rural, Felipe Cervera Hern\u00e1ndez, y de Fomento Econ\u00f3mico, David Alpizar Carillo, el mandatario ingres\u00f3 al \u00e1rea conocida como semillero de pl\u00e1ntulas y luego a un par de invernaderos, donde ocurre el crecimiento de la verdura.<\/div>\n<div>Estos espacios cuentan con mallas especializadas para disminuir la radiaci\u00f3n del sol y evitar el ingreso de plagas y par\u00e1sitos; adem\u00e1s tiene un impermeable que cuida a los cultivos de da\u00f1os que pueda ocasionar la lluvia. En este punto, se coment\u00f3 que el sustrato de los sembrados es a base de fibra de coco que llega del pa\u00eds asi\u00e1tico de Sri Lanka.<\/div>\n<div>El Gobernador tambi\u00e9n visit\u00f3 la nave de selecci\u00f3n para observar c\u00f3mo se empaca el producto. Finalmente, encabez\u00f3 el banderazo de salida del transporte que a lo largo de diez d\u00edas llevar\u00e1 el pepino persa a la naci\u00f3n canadiense.<\/div>\n<div>Durante el recorrido acompa\u00f1aron al mandatario el director de Operaciones del Invernadero Maya Vegetal de grupo La Anita, Meljem Charruf Semerena; el gerente de Producci\u00f3n, Blas Trujillo Luna; y el presidente del Consejo Coordinador Empresarial (CCE), Mario Can Mar\u00edn.&nbsp;<\/p>\n<div class=\"separator\" style=\"clear: both;\"><a href=\"https:\/\/lh4.googleusercontent.com\/-6RxzPlmXZck\/VBX9dB96k8I\/AAAAAAAAkAQ\/fUJkHOgvxuA\/s640\/blogger-image-1246541750.jpg\" imageanchor=\"1\" style=\"margin-left: 1em; margin-right: 1em;\"><img decoding=\"async\" border=\"0\" src=\"https:\/\/lh4.googleusercontent.com\/-6RxzPlmXZck\/VBX9dB96k8I\/AAAAAAAAkAQ\/fUJkHOgvxuA\/s640\/blogger-image-1246541750.jpg\"><\/a><\/div>\n<\/div>\n<div><\/div>\n<\/div>\n","protected":false},"excerpt":{"rendered":"<p>Kanas\u00edn, Yucat\u00e1n, 14 de septiembre de 2014.- El Gobernador Rolando Zapata Bello visit\u00f3 las instalaciones del invernadero Maya Vegetales del grupo La Anita, para constatar la producci\u00f3n de pepino verde<\/p>\n","protected":false},"author":1,"featured_media":14922,"comment_status":"open","ping_status":"open","sticky":false,"template":"","format":"standard","meta":{"jetpack_post_was_ever_published":false,"_jetpack_newsletter_access":"","_jetpack_dont_email_post_to_subs":false,"_jetpack_newsletter_tier_id":0,"_jetpack_memberships_contains_paywalled_content":false,"_jetpack_memberships_contains_paid_content":false,"footnotes":"","jetpack_publicize_message":"","jetpack_publicize_feature_enabled":true,"jetpack_social_post_already_shared":false,"jetpack_social_options":{"image_generator_settings":{"template":"highway","default_image_id":0,"font":"","enabled":false},"version":2}},"categories":[17,1],"tags":[],"class_list":["post-2405","post","type-post","status-publish","format-standard","has-post-thumbnail","hentry","category-politica-y-gobierno","category-sin-categoria"],"jetpack_publicize_connections":[],"jetpack_featured_media_url":"https:\/\/formalprision.com\/wp-content\/uploads\/2014\/09\/blogger-image-1246541750.jpg","jetpack_sharing_enabled":true,"jetpack_shortlink":"https:\/\/wp.me\/p6id8p-CN","_links":{"self":[{"href":"https:\/\/formalprision.com\/index.php?rest_route=\/wp\/v2\/posts\/2405","targetHints":{"allow":["GET"]}}],"collection":[{"href":"https:\/\/formalprision.com\/index.php?rest_route=\/wp\/v2\/posts"}],"about":[{"href":"https:\/\/formalprision.com\/index.php?rest_route=\/wp\/v2\/types\/post"}],"author":[{"embeddable":true,"href":"https:\/\/formalprision.com\/index.php?rest_route=\/wp\/v2\/users\/1"}],"replies":[{"embeddable":true,"href":"https:\/\/formalprision.com\/index.php?rest_route=%2Fwp%2Fv2%2Fcomments&post=2405"}],"version-history":[{"count":0,"href":"https:\/\/formalprision.com\/index.php?rest_route=\/wp\/v2\/posts\/2405\/revisions"}],"wp:featuredmedia":[{"embeddable":true,"href":"https:\/\/formalprision.com\/index.php?rest_route=\/wp\/v2\/media\/14922"}],"wp:attachment":[{"href":"https:\/\/formalprision.com\/index.php?rest_route=%2Fwp%2Fv2%2Fmedia&parent=2405"}],"wp:term":[{"taxonomy":"category","embeddable":true,"href":"https:\/\/formalprision.com\/index.php?rest_route=%2Fwp%2Fv2%2Fcategories&post=2405"},{"taxonomy":"post_tag","embeddable":true,"href":"https:\/\/formalprision.com\/index.php?rest_route=%2Fwp%2Fv2%2Ftags&post=2405"}],"curies":[{"name":"wp","href":"https:\/\/api.w.org\/{rel}","templated":true}]}}