{"id":2417,"date":"2014-09-13T01:57:00","date_gmt":"2014-09-13T01:57:00","guid":{"rendered":"http:\/\/formalprision.info\/2014\/09\/13\/segunda-feria-de-la-mujer-auspiciada\/"},"modified":"2015-06-03T08:35:18","modified_gmt":"2015-06-03T08:35:18","slug":"segunda-feria-de-la-mujer-auspiciada","status":"publish","type":"post","link":"https:\/\/formalprision.com\/?p=2417","title":{"rendered":"Segunda \u201cFeria de la Mujer\u201d auspiciada por la SSP para prevenir la\nviolencia"},"content":{"rendered":"<div style=\"font-family: Noteworthy; font-size: 20px; font-weight: bold; line-height: 26px; -webkit-tap-highlight-color: rgba(26, 26, 26, 0.296875); -webkit-composition-fill-color: rgba(130, 98, 83, 0.0976563); -webkit-composition-frame-color: rgba(191, 107, 82, 0.496094); \">M\u00e9rida, Yucat\u00e1n, 12 de septiembre del 2014.-Exitosa jornada de convivencia familiar auspici\u00f3 este viernes la Secretar\u00eda de Seguridad P\u00fablica (SSP) en la colonia San Jos\u00e9 Tecoh de M\u00e9rida, como parte sus programas de prevenci\u00f3n social del delito con participaci\u00f3n ciudadana.<\/div>\n<div style=\"font-family: Noteworthy; font-size: 20px; font-weight: bold; line-height: 26px; -webkit-tap-highlight-color: rgba(26, 26, 26, 0.296875); -webkit-composition-fill-color: rgba(130, 98, 83, 0.0976563); -webkit-composition-frame-color: rgba(191, 107, 82, 0.496094); \">&nbsp;En el parque \u201cFernando Valenzuela\u201d se realizaron las actividades culturales, deportivas y recreativas a las que se integraron animadamente cientos de personas del Sur de la ciudad.<\/div>\n<div style=\"font-family: Noteworthy; font-size: 20px; font-weight: bold; line-height: 26px; -webkit-tap-highlight-color: rgba(26, 26, 26, 0.296875); -webkit-composition-fill-color: rgba(130, 98, 83, 0.0976563); -webkit-composition-frame-color: rgba(191, 107, 82, 0.496094); \">&nbsp;Con el nombre de \u201cJ\u00f3venes construyendo una ciudad de paz\u201d se implementa un programa integral del que forma parte la \u201cFeria de la mujer\u201d, que la corporaci\u00f3n organiza para facilitar a las yucatecas el acceso a informaci\u00f3n preventiva y servicios de atenci\u00f3n del Gobierno del Estado. La semana pasada el evento se realiz\u00f3 en la colonia Emiliano Zapata Sur II.<\/div>\n<div style=\"font-family: Noteworthy; font-size: 20px; font-weight: bold; line-height: 26px; -webkit-tap-highlight-color: rgba(26, 26, 26, 0.296875); -webkit-composition-fill-color: rgba(130, 98, 83, 0.0976563); -webkit-composition-frame-color: rgba(191, 107, 82, 0.496094); \">&nbsp;Otro objetivo es fomentar la conciencia entre ni\u00f1os y j\u00f3venes sobre este flagelo y crear espacios de convivencia familiar, adem\u00e1s de impulsar el uso positivo de espacios p\u00fablicos, reforzando el papel del polic\u00eda en la prevenci\u00f3n de la violencia.<\/div>\n<div style=\"font-family: Noteworthy; font-size: 20px; font-weight: bold; line-height: 26px; -webkit-tap-highlight-color: rgba(26, 26, 26, 0.296875); -webkit-composition-fill-color: rgba(130, 98, 83, 0.0976563); -webkit-composition-frame-color: rgba(191, 107, 82, 0.496094); \">&nbsp;La SSP present\u00f3 una demostraci\u00f3n de habilidades de su Unidad Canina, simulacros por parte de los bomberos y pl\u00e1ticas enfocadas al tema, as\u00ed como juegos en los que interactuaron todos los miembros de los n\u00facleos familiares participantes. Tambi\u00e9n se cont\u00f3 con el show de un mariachi, que recibi\u00f3 fuertes aplausos.<\/div>\n<div style=\"font-family: Noteworthy; font-size: 20px; font-weight: bold; line-height: 26px; -webkit-tap-highlight-color: rgba(26, 26, 26, 0.296875); -webkit-composition-fill-color: rgba(130, 98, 83, 0.0976563); -webkit-composition-frame-color: rgba(191, 107, 82, 0.496094); \">&nbsp;En el programa colaboran el Sistema para el Desarrollo Integral de la Familia (DIF) Yucat\u00e1n, los Centros de Prevenci\u00f3n Social del Delito y Participaci\u00f3n Ciudadana, de Justicia para las Mujeres de la Fiscal\u00eda General del Estado, y Estatal de Soluci\u00f3n de Controversias del Poder Judicial.&nbsp;<\/div>\n<div style=\"font-family: Noteworthy; font-size: 20px; font-weight: bold; line-height: 26px; -webkit-tap-highlight-color: rgba(26, 26, 26, 0.296875); -webkit-composition-fill-color: rgba(130, 98, 83, 0.0976563); -webkit-composition-frame-color: rgba(191, 107, 82, 0.496094); \">&nbsp;Asimismo, la Secretar\u00eda de Salud estatal, los Institutos para la Equidad de G\u00e9nero en Yucat\u00e1n y del Deporte del Estado, as\u00ed como la Comisi\u00f3n de Derechos Humanos de la entidad.<\/p>\n<div class=\"separator\" style=\"clear: both;\"><a href=\"https:\/\/lh4.googleusercontent.com\/-tuMTDb1aLug\/VBOkcmvWH0I\/AAAAAAAAj-U\/-JCr9uHH5GM\/s640\/blogger-image-91257765.jpg\" imageanchor=\"1\" style=\"margin-left: 1em; margin-right: 1em;\"><img decoding=\"async\" border=\"0\" src=\"https:\/\/lh4.googleusercontent.com\/-tuMTDb1aLug\/VBOkcmvWH0I\/AAAAAAAAj-U\/-JCr9uHH5GM\/s640\/blogger-image-91257765.jpg\"><\/a><\/div>\n<\/div>\n","protected":false},"excerpt":{"rendered":"<p>M\u00e9rida, Yucat\u00e1n, 12 de septiembre del 2014.-Exitosa jornada de convivencia familiar auspici\u00f3 este viernes la Secretar\u00eda de Seguridad P\u00fablica (SSP) en la colonia San Jos\u00e9 Tecoh de M\u00e9rida, como parte<\/p>\n","protected":false},"author":1,"featured_media":14946,"comment_status":"open","ping_status":"open","sticky":false,"template":"","format":"standard","meta":{"jetpack_post_was_ever_published":false,"_jetpack_newsletter_access":"","_jetpack_dont_email_post_to_subs":false,"_jetpack_newsletter_tier_id":0,"_jetpack_memberships_contains_paywalled_content":false,"_jetpack_memberships_contains_paid_content":false,"footnotes":"","jetpack_publicize_message":"","jetpack_publicize_feature_enabled":true,"jetpack_social_post_already_shared":false,"jetpack_social_options":{"image_generator_settings":{"template":"highway","default_image_id":0,"font":"","enabled":false},"version":2}},"categories":[1,49],"tags":[],"class_list":["post-2417","post","type-post","status-publish","format-standard","has-post-thumbnail","hentry","category-sin-categoria","category-tocho-morocho"],"jetpack_publicize_connections":[],"jetpack_featured_media_url":"https:\/\/formalprision.com\/wp-content\/uploads\/2014\/09\/blogger-image-91257765.jpg","jetpack_sharing_enabled":true,"jetpack_shortlink":"https:\/\/wp.me\/p6id8p-CZ","_links":{"self":[{"href":"https:\/\/formalprision.com\/index.php?rest_route=\/wp\/v2\/posts\/2417","targetHints":{"allow":["GET"]}}],"collection":[{"href":"https:\/\/formalprision.com\/index.php?rest_route=\/wp\/v2\/posts"}],"about":[{"href":"https:\/\/formalprision.com\/index.php?rest_route=\/wp\/v2\/types\/post"}],"author":[{"embeddable":true,"href":"https:\/\/formalprision.com\/index.php?rest_route=\/wp\/v2\/users\/1"}],"replies":[{"embeddable":true,"href":"https:\/\/formalprision.com\/index.php?rest_route=%2Fwp%2Fv2%2Fcomments&post=2417"}],"version-history":[{"count":0,"href":"https:\/\/formalprision.com\/index.php?rest_route=\/wp\/v2\/posts\/2417\/revisions"}],"wp:featuredmedia":[{"embeddable":true,"href":"https:\/\/formalprision.com\/index.php?rest_route=\/wp\/v2\/media\/14946"}],"wp:attachment":[{"href":"https:\/\/formalprision.com\/index.php?rest_route=%2Fwp%2Fv2%2Fmedia&parent=2417"}],"wp:term":[{"taxonomy":"category","embeddable":true,"href":"https:\/\/formalprision.com\/index.php?rest_route=%2Fwp%2Fv2%2Fcategories&post=2417"},{"taxonomy":"post_tag","embeddable":true,"href":"https:\/\/formalprision.com\/index.php?rest_route=%2Fwp%2Fv2%2Ftags&post=2417"}],"curies":[{"name":"wp","href":"https:\/\/api.w.org\/{rel}","templated":true}]}}