{"id":2435,"date":"2014-09-11T20:37:00","date_gmt":"2014-09-11T20:37:00","guid":{"rendered":"http:\/\/formalprision.info\/2014\/09\/11\/la-fiscalia-participara-en-el-desfile\/"},"modified":"2015-06-03T08:35:20","modified_gmt":"2015-06-03T08:35:20","slug":"la-fiscalia-participara-en-el-desfile","status":"publish","type":"post","link":"https:\/\/formalprision.com\/?p=2435","title":{"rendered":"La Fiscal\u00eda participar\u00e1 en el desfile con 242 polic\u00edas y dos perros"},"content":{"rendered":"<div style=\"font-family: Noteworthy; font-size: 20px; font-weight: bold; line-height: 26px; -webkit-tap-highlight-color: rgba(26, 26, 26, 0.296875); -webkit-composition-fill-color: rgba(130, 98, 83, 0.0976563); -webkit-composition-frame-color: rgba(191, 107, 82, 0.496094); \">COMUNICADO<\/div>\n<div style=\"font-family: Noteworthy; font-size: 20px; font-weight: bold; line-height: 26px; -webkit-tap-highlight-color: rgba(26, 26, 26, 0.296875); -webkit-composition-fill-color: rgba(130, 98, 83, 0.0976563); -webkit-composition-frame-color: rgba(191, 107, 82, 0.496094); \">Con un total de 242 elementos, 21 unidades y 2 caninos la Fiscal\u00eda General del Estado (FGE) participar\u00e1 en el desfile de este 16 de septiembre, que incluir\u00e1 a personal de las \u00e1reas sustantivas y operativas de la instituci\u00f3n, encabezados por los grupos de Reacci\u00f3n Organizada Contra Asaltos (ROCA) y el Escuadr\u00f3n T\u00e1ctico de Reacci\u00f3n Inmediata (ETRI).<\/div>\n<div style=\"font-family: Noteworthy; font-size: 20px; font-weight: bold; line-height: 26px; -webkit-tap-highlight-color: rgba(26, 26, 26, 0.296875); -webkit-composition-fill-color: rgba(130, 98, 83, 0.0976563); -webkit-composition-frame-color: rgba(191, 107, 82, 0.496094); \">En el contingente de la Fiscal\u00eda participan elementos de las diversas comandancias de la Polic\u00eda Ministerial, personal de la Polic\u00eda Cibern\u00e9tica, de la Unidad del Combate al Secuestro (UECS), de Alerta Amber, las Fiscal\u00edas Investigadoras, Servicios Periciales y una banda de guerra.<\/div>\n<div style=\"font-family: Noteworthy; font-size: 20px; font-weight: bold; line-height: 26px; -webkit-tap-highlight-color: rgba(26, 26, 26, 0.296875); -webkit-composition-fill-color: rgba(130, 98, 83, 0.0976563); -webkit-composition-frame-color: rgba(191, 107, 82, 0.496094); \">A la par y con motivo de estos festejos la FGE tomar\u00e1 parte en el operativo de seguridad que iniciar\u00e1 desde el d\u00eda 15, en coordinaci\u00f3n con la Secretar\u00eda de Seguridad P\u00fablica y de la Polic\u00eda Municipal para blindar la zona y resguardar la seguridad de los asistentes.&nbsp;<\/div>\n<div style=\"font-family: Noteworthy; font-size: 20px; font-weight: bold; line-height: 26px; -webkit-tap-highlight-color: rgba(26, 26, 26, 0.296875); -webkit-composition-fill-color: rgba(130, 98, 83, 0.0976563); -webkit-composition-frame-color: rgba(191, 107, 82, 0.496094); \">De acuerdo con lo proyectado, m\u00e1s de 10 filtros de seguridad ser\u00e1n colocados alrededor del primer cuadro de la ciudad para evitar el ingreso de cualquier objeto que pudiera ser utilizado como arma o alterar el orden en los festejos.<\/div>\n<div style=\"font-family: Noteworthy; font-size: 20px; font-weight: bold; line-height: 26px; -webkit-tap-highlight-color: rgba(26, 26, 26, 0.296875); -webkit-composition-fill-color: rgba(130, 98, 83, 0.0976563); -webkit-composition-frame-color: rgba(191, 107, 82, 0.496094); \">En este sentido las autoridades recomiendan no acudir con art\u00edculos punzo cortantes, objetos contundentes o en estado inconveniente.<\/div>\n<div style=\"font-family: Noteworthy; font-size: 20px; font-weight: bold; line-height: 26px; -webkit-tap-highlight-color: rgba(26, 26, 26, 0.296875); -webkit-composition-fill-color: rgba(130, 98, 83, 0.0976563); -webkit-composition-frame-color: rgba(191, 107, 82, 0.496094); \">En el desfile por los festejos de la independencia de M\u00e9xico participan 70 contingentes integrados por un total de 7 mil 129 personas de diversas escuelas, dependencias de gobierno y las fuerzas de seguridad integradas por la Polic\u00eda Municipal, la Fiscal\u00eda General del Estado, la Secretar\u00eda de Seguridad Publica, la Novena Zona Naval y la X Regi\u00f3n Militar.<\/p>\n<div class=\"separator\" style=\"clear: both;\"><a href=\"https:\/\/lh4.googleusercontent.com\/-2z6mwxfWTz0\/VBIIA5p2A5I\/AAAAAAAAj7Q\/lxjSFgQp-LQ\/s640\/blogger-image-515540804.jpg\" imageanchor=\"1\" style=\"margin-left: 1em; margin-right: 1em;\"><img decoding=\"async\" border=\"0\" src=\"https:\/\/lh4.googleusercontent.com\/-2z6mwxfWTz0\/VBIIA5p2A5I\/AAAAAAAAj7Q\/lxjSFgQp-LQ\/s640\/blogger-image-515540804.jpg\"><\/a><\/div>\n<\/div>\n<div><\/div>\n","protected":false},"excerpt":{"rendered":"<p>COMUNICADO Con un total de 242 elementos, 21 unidades y 2 caninos la Fiscal\u00eda General del Estado (FGE) participar\u00e1 en el desfile de este 16 de septiembre, que incluir\u00e1 a<\/p>\n","protected":false},"author":1,"featured_media":14982,"comment_status":"open","ping_status":"open","sticky":false,"template":"","format":"standard","meta":{"jetpack_post_was_ever_published":false,"_jetpack_newsletter_access":"","_jetpack_dont_email_post_to_subs":false,"_jetpack_newsletter_tier_id":0,"_jetpack_memberships_contains_paywalled_content":false,"_jetpack_memberships_contains_paid_content":false,"footnotes":"","jetpack_publicize_message":"","jetpack_publicize_feature_enabled":true,"jetpack_social_post_already_shared":false,"jetpack_social_options":{"image_generator_settings":{"template":"highway","default_image_id":0,"font":"","enabled":false},"version":2}},"categories":[1,49],"tags":[],"class_list":["post-2435","post","type-post","status-publish","format-standard","has-post-thumbnail","hentry","category-sin-categoria","category-tocho-morocho"],"jetpack_publicize_connections":[],"jetpack_featured_media_url":"https:\/\/formalprision.com\/wp-content\/uploads\/2014\/09\/blogger-image-515540804.jpg","jetpack_sharing_enabled":true,"jetpack_shortlink":"https:\/\/wp.me\/p6id8p-Dh","_links":{"self":[{"href":"https:\/\/formalprision.com\/index.php?rest_route=\/wp\/v2\/posts\/2435","targetHints":{"allow":["GET"]}}],"collection":[{"href":"https:\/\/formalprision.com\/index.php?rest_route=\/wp\/v2\/posts"}],"about":[{"href":"https:\/\/formalprision.com\/index.php?rest_route=\/wp\/v2\/types\/post"}],"author":[{"embeddable":true,"href":"https:\/\/formalprision.com\/index.php?rest_route=\/wp\/v2\/users\/1"}],"replies":[{"embeddable":true,"href":"https:\/\/formalprision.com\/index.php?rest_route=%2Fwp%2Fv2%2Fcomments&post=2435"}],"version-history":[{"count":0,"href":"https:\/\/formalprision.com\/index.php?rest_route=\/wp\/v2\/posts\/2435\/revisions"}],"wp:featuredmedia":[{"embeddable":true,"href":"https:\/\/formalprision.com\/index.php?rest_route=\/wp\/v2\/media\/14982"}],"wp:attachment":[{"href":"https:\/\/formalprision.com\/index.php?rest_route=%2Fwp%2Fv2%2Fmedia&parent=2435"}],"wp:term":[{"taxonomy":"category","embeddable":true,"href":"https:\/\/formalprision.com\/index.php?rest_route=%2Fwp%2Fv2%2Fcategories&post=2435"},{"taxonomy":"post_tag","embeddable":true,"href":"https:\/\/formalprision.com\/index.php?rest_route=%2Fwp%2Fv2%2Ftags&post=2435"}],"curies":[{"name":"wp","href":"https:\/\/api.w.org\/{rel}","templated":true}]}}