{"id":2436,"date":"2014-09-11T19:35:00","date_gmt":"2014-09-11T19:35:00","guid":{"rendered":"http:\/\/formalprision.info\/2014\/09\/11\/mas-de-mil-aulas-digitales-funcionaran\/"},"modified":"2015-06-03T08:35:20","modified_gmt":"2015-06-03T08:35:20","slug":"mas-de-mil-aulas-digitales-funcionaran","status":"publish","type":"post","link":"https:\/\/formalprision.com\/?p=2436","title":{"rendered":"M\u00e1s de mil aulas digitales funcionar\u00e1n en la entidad antes de terminar\nel a\u00f1o"},"content":{"rendered":"<div style=\"font-family: Noteworthy; font-size: 20px; font-weight: bold; line-height: 26px; -webkit-tap-highlight-color: rgba(26, 26, 26, 0.296875); -webkit-composition-fill-color: rgba(130, 98, 83, 0.0976563); -webkit-composition-frame-color: rgba(191, 107, 82, 0.496094); \">Kanas\u00edn, Yucat\u00e1n, 11 de septiembre de 2014.- Antes de finalizar este a\u00f1o, Yucat\u00e1n contar\u00e1 con m\u00e1s de mil aulas digitales en escuelas del nivel b\u00e1sico, como parte del proceso de modernizaci\u00f3n de los servicios educativos enfocados a elevar la calidad en la impartici\u00f3n de clases &nbsp;y el aprendizaje de los alumnos. &nbsp;<\/div>\n<div style=\"font-family: Noteworthy; font-size: 20px; font-weight: bold; line-height: 26px; -webkit-tap-highlight-color: rgba(26, 26, 26, 0.296875); -webkit-composition-fill-color: rgba(130, 98, 83, 0.0976563); -webkit-composition-frame-color: rgba(191, 107, 82, 0.496094); \">En el marco de la entrega de 12 salones de este tipo al plantel \u201cFelipe Carrillo Puerto\u201d, en el municipio de Kanas\u00edn, el Gobernador Rolando Zapata Bello inform\u00f3 que sumando \u00e9stas, hasta el momento se encuentran en funcionamiento y equipadas un total de 600 aulas digitales.<\/div>\n<div style=\"font-family: Noteworthy; font-size: 20px; font-weight: bold; line-height: 26px; -webkit-tap-highlight-color: rgba(26, 26, 26, 0.296875); -webkit-composition-fill-color: rgba(130, 98, 83, 0.0976563); -webkit-composition-frame-color: rgba(191, 107, 82, 0.496094); \">Asimismo, comenz\u00f3 la entrega de 130 televisores a 101 telesecundarias en beneficio de siete mil 129 estudiantes. Los primeros planteles en recibir los apoyos se encuentran ubicados en comunidades de las demarcaciones de Progreso, Um\u00e1n, M\u00e9rida y Motul.<\/div>\n<div style=\"font-family: Noteworthy; font-size: 20px; font-weight: bold; line-height: 26px; -webkit-tap-highlight-color: rgba(26, 26, 26, 0.296875); -webkit-composition-fill-color: rgba(130, 98, 83, 0.0976563); -webkit-composition-frame-color: rgba(191, 107, 82, 0.496094); \">Al dirigir un mensaje, el titular de Poder Ejecutivo destac\u00f3 la importancia de que los ni\u00f1os a temprana edad convivan con las herramientas que ofrecen las tecnolog\u00edas de la informaci\u00f3n, ya que de esta manera se ir\u00e1n abriendo camino a paso firme hacia las siguientes etapas como la secundaria, preparatoria y el nivel superior.<\/div>\n<div style=\"font-family: Noteworthy; font-size: 20px; font-weight: bold; line-height: 26px; -webkit-tap-highlight-color: rgba(26, 26, 26, 0.296875); -webkit-composition-fill-color: rgba(130, 98, 83, 0.0976563); -webkit-composition-frame-color: rgba(191, 107, 82, 0.496094); \">En presencia de estudiantes y personal docente de dicho colegio, as\u00ed como autoridades estatales y municipales, Zapata Bello indic\u00f3 que todas las aulas digitales en las escuelas se encuentran equipadas con una computadora, proyector y pantalla para ofrecer clases de una manera diferente y m\u00e1s completas.<\/div>\n<div style=\"font-family: Noteworthy; font-size: 20px; font-weight: bold; line-height: 26px; -webkit-tap-highlight-color: rgba(26, 26, 26, 0.296875); -webkit-composition-fill-color: rgba(130, 98, 83, 0.0976563); -webkit-composition-frame-color: rgba(191, 107, 82, 0.496094); \">Por su parte, el titular de la Secretar\u00eda de Educaci\u00f3n del Estado (Segey), Ra\u00fal Godoy Monta\u00f1ez, detall\u00f3 que los equipos de c\u00f3mputo tienen contenidos organizados seg\u00fan los planes de estudio, con el objetivo de que los maestros puedan presentar a los alumnos juegos y videos did\u00e1cticos, adem\u00e1s de ejercicios de todo tipo.<\/div>\n<div style=\"font-family: Noteworthy; font-size: 20px; font-weight: bold; line-height: 26px; -webkit-tap-highlight-color: rgba(26, 26, 26, 0.296875); -webkit-composition-fill-color: rgba(130, 98, 83, 0.0976563); -webkit-composition-frame-color: rgba(191, 107, 82, 0.496094); \">El funcionario estatal precis\u00f3 que en los pr\u00f3ximos meses iniciar\u00e1 la instalaci\u00f3n de m\u00e1s de mil aulas digitales en la entidad, con el objetivo de que m\u00e1s escuelas cuenten con este tipo de implementos.<\/div>\n<div style=\"font-family: Noteworthy; font-size: 20px; font-weight: bold; line-height: 26px; -webkit-tap-highlight-color: rgba(26, 26, 26, 0.296875); -webkit-composition-fill-color: rgba(130, 98, 83, 0.0976563); -webkit-composition-frame-color: rgba(191, 107, 82, 0.496094); \">A nombre de los alumnos beneficiarios, la ni\u00f1a Naomy May Garnica agradeci\u00f3 al Gobernador que demuestre que s\u00ed cumple con su compromiso en favor de la educaci\u00f3n y asegur\u00f3 que las aulas digitales, adem\u00e1s de permitir la interacci\u00f3n con herramientas tecnol\u00f3gicas, hacen m\u00e1s significativos los momentos de aprendizaje.<\/div>\n<div style=\"font-family: Noteworthy; font-size: 20px; font-weight: bold; line-height: 26px; -webkit-tap-highlight-color: rgba(26, 26, 26, 0.296875); -webkit-composition-fill-color: rgba(130, 98, 83, 0.0976563); -webkit-composition-frame-color: rgba(191, 107, 82, 0.496094); \">Por su parte, el alcalde anfitri\u00f3n, Carlos Andrade Mu\u00f1oz, manifest\u00f3 que las visitas a cargo del Gobernador siempre traen beneficios para el desarrollo y bienestar de la comunidad.<\/div>\n<div style=\"font-family: Noteworthy; font-size: 20px; font-weight: bold; line-height: 26px; -webkit-tap-highlight-color: rgba(26, 26, 26, 0.296875); -webkit-composition-fill-color: rgba(130, 98, 83, 0.0976563); -webkit-composition-frame-color: rgba(191, 107, 82, 0.496094); \">Al finalizar la ceremonia, el mandatario visit\u00f3 al grupo A del quinto grado para constatar el funcionamiento de las clases con los equipos digitales. En este sal\u00f3n imparte el maestro Emilio Cetina C\u00e1mara, quien asegur\u00f3 que los profesores ya fueron capacitados en la materia.<\/div>\n<div style=\"font-family: Noteworthy; font-size: 20px; font-weight: bold; line-height: 26px; -webkit-tap-highlight-color: rgba(26, 26, 26, 0.296875); -webkit-composition-fill-color: rgba(130, 98, 83, 0.0976563); -webkit-composition-frame-color: rgba(191, 107, 82, 0.496094); \">Al evento asistieron los directores de Educaci\u00f3n Primaria, Delio Peniche Novelo, y de Secundaria, Mario Novelo Ayuso; adem\u00e1s del titular del Instituto de Desarrollo Regional y Municipal (Inderm), Juan Jos\u00e9 Canul P\u00e9rez, y de la escuela \u201cFelipe Carrillo Puerto\u201d Martha C\u00e1mara Navarro.<\/div>\n<div style=\"font-family: Noteworthy; font-size: 20px; font-weight: bold; line-height: 26px; -webkit-tap-highlight-color: rgba(26, 26, 26, 0.296875); -webkit-composition-fill-color: rgba(130, 98, 83, 0.0976563); -webkit-composition-frame-color: rgba(191, 107, 82, 0.496094); \">Tambi\u00e9n, la jefa del Departamento de Telesecundarias, Martha Elena Sim\u00e1 Calam, y &nbsp;los diputados locales Alvar Rubio Rodr\u00edguez y Flor D\u00edaz Castillo. &nbsp;<\/p>\n<div class=\"separator\" style=\"clear: both;\"><a href=\"https:\/\/lh5.googleusercontent.com\/-agW4Vt3sHTE\/VBH5cFaPzCI\/AAAAAAAAj7A\/yb8rQYaHGo8\/s640\/blogger-image--452281450.jpg\" imageanchor=\"1\" style=\"margin-left: 1em; margin-right: 1em;\"><img decoding=\"async\" border=\"0\" src=\"https:\/\/lh5.googleusercontent.com\/-agW4Vt3sHTE\/VBH5cFaPzCI\/AAAAAAAAj7A\/yb8rQYaHGo8\/s640\/blogger-image--452281450.jpg\"><\/a><\/div>\n<\/div>\n","protected":false},"excerpt":{"rendered":"<p>Kanas\u00edn, Yucat\u00e1n, 11 de septiembre de 2014.- Antes de finalizar este a\u00f1o, Yucat\u00e1n contar\u00e1 con m\u00e1s de mil aulas digitales en escuelas del nivel b\u00e1sico, como parte del proceso de<\/p>\n","protected":false},"author":1,"featured_media":14984,"comment_status":"open","ping_status":"open","sticky":false,"template":"","format":"standard","meta":{"jetpack_post_was_ever_published":false,"_jetpack_newsletter_access":"","_jetpack_dont_email_post_to_subs":false,"_jetpack_newsletter_tier_id":0,"_jetpack_memberships_contains_paywalled_content":false,"_jetpack_memberships_contains_paid_content":false,"footnotes":"","jetpack_publicize_message":"","jetpack_publicize_feature_enabled":true,"jetpack_social_post_already_shared":false,"jetpack_social_options":{"image_generator_settings":{"template":"highway","default_image_id":0,"font":"","enabled":false},"version":2}},"categories":[17,1],"tags":[],"class_list":["post-2436","post","type-post","status-publish","format-standard","has-post-thumbnail","hentry","category-politica-y-gobierno","category-sin-categoria"],"jetpack_publicize_connections":[],"jetpack_featured_media_url":"https:\/\/formalprision.com\/wp-content\/uploads\/2014\/09\/blogger-image-452281450.jpg","jetpack_sharing_enabled":true,"jetpack_shortlink":"https:\/\/wp.me\/p6id8p-Di","_links":{"self":[{"href":"https:\/\/formalprision.com\/index.php?rest_route=\/wp\/v2\/posts\/2436","targetHints":{"allow":["GET"]}}],"collection":[{"href":"https:\/\/formalprision.com\/index.php?rest_route=\/wp\/v2\/posts"}],"about":[{"href":"https:\/\/formalprision.com\/index.php?rest_route=\/wp\/v2\/types\/post"}],"author":[{"embeddable":true,"href":"https:\/\/formalprision.com\/index.php?rest_route=\/wp\/v2\/users\/1"}],"replies":[{"embeddable":true,"href":"https:\/\/formalprision.com\/index.php?rest_route=%2Fwp%2Fv2%2Fcomments&post=2436"}],"version-history":[{"count":0,"href":"https:\/\/formalprision.com\/index.php?rest_route=\/wp\/v2\/posts\/2436\/revisions"}],"wp:featuredmedia":[{"embeddable":true,"href":"https:\/\/formalprision.com\/index.php?rest_route=\/wp\/v2\/media\/14984"}],"wp:attachment":[{"href":"https:\/\/formalprision.com\/index.php?rest_route=%2Fwp%2Fv2%2Fmedia&parent=2436"}],"wp:term":[{"taxonomy":"category","embeddable":true,"href":"https:\/\/formalprision.com\/index.php?rest_route=%2Fwp%2Fv2%2Fcategories&post=2436"},{"taxonomy":"post_tag","embeddable":true,"href":"https:\/\/formalprision.com\/index.php?rest_route=%2Fwp%2Fv2%2Ftags&post=2436"}],"curies":[{"name":"wp","href":"https:\/\/api.w.org\/{rel}","templated":true}]}}