{"id":2457,"date":"2014-09-10T00:08:00","date_gmt":"2014-09-10T00:08:00","guid":{"rendered":"http:\/\/formalprision.info\/2014\/09\/10\/garantizan-seguridad-durante-fiestas\/"},"modified":"2015-06-03T08:35:25","modified_gmt":"2015-06-03T08:35:25","slug":"garantizan-seguridad-durante-fiestas","status":"publish","type":"post","link":"https:\/\/formalprision.com\/?p=2457","title":{"rendered":"Garantizan seguridad durante Fiestas Patrias 2014"},"content":{"rendered":"<div><\/div>\n<div>\n<div style=\"font-family: Noteworthy; font-size: 20px; font-weight: bold; line-height: 26px; -webkit-tap-highlight-color: rgba(26, 26, 26, 0.296875); -webkit-composition-fill-color: rgba(130, 98, 83, 0.0976563); -webkit-composition-frame-color: rgba(191, 107, 82, 0.496094); \">\n<div>M\u00e9rida, Yucat\u00e1n, 9 de septiembre de 2014.- M\u00e1s de dos mil elementos de la Secretar\u00eda de Seguridad P\u00fablica (SSP), as\u00ed como mil 200 trabajadores de instituciones federales, estatales y municipales, se encargar\u00e1n de la vigilancia y seguridad&nbsp;durante los eventos conmemorativos del 204 aniversario de la Independencia de M\u00e9xico., que contar\u00e1 con la participaci\u00f3n del Grupo Intocable.<\/div>\n<div>El secretario General de Gobierno, V\u00edctor Caballero Dur\u00e1n explic\u00f3 que dicho operativo en el que tambi\u00e9n participar\u00e1n unidades de reacci\u00f3n, proximidad y caminos, adem\u00e1s de la Polic\u00eda Vecinal, personal vial, ambulancias y bomberos se realizar\u00e1 del 14 al 16 de septiembre.<\/div>\n<div>Durante esos d\u00edas se prev\u00e9 la realizaci\u00f3n de la Carrera de Independencia, la ceremonia del Grito, el desfile c\u00edvico-militar &nbsp;y un concierto del grupo musical Intocable. Para este efecto, el d\u00eda 15 se cerrar\u00e1n las calles del primer cuadro de la ciudad para el montaje del escenario que utilizar\u00e1n los artistas.<\/div>\n<div>En el marco de una reuni\u00f3n del Grupo de Coordinaci\u00f3n Yucat\u00e1n, Caballero Dur\u00e1n destac\u00f3 que tambi\u00e9n se efectuar\u00e1n blindajes poligonales en las zonas que ser\u00e1n escenario de los encuentros p\u00fablicos, principalmente en los alrededores de la Plaza Grande del Centro Hist\u00f3rico de M\u00e9rida.<\/div>\n<div>Agreg\u00f3 que para seguridad de los asistentes se cerrar\u00e1n calles, se implementar\u00e1n c\u00e1maras de vigilancia y habr\u00e1 un despliegue de personal policiaco, vial, m\u00e9dico y del Cuerpo de Bomberos.<\/div>\n<div>\u201cEl operativo de seguridad Fiestas Patrias 2014 no s\u00f3lo est\u00e1 dise\u00f1ado para ser reactivo, sino que tiene una perspectiva de prevenci\u00f3n al utilizar toda la fuerza de las instituciones responsables con la \u00fanica finalidad de seguir garantizando el proyecto de calidad de vida de los yucatecos y sus familias\u201d, enfatiz\u00f3.<\/div>\n<div>Durante el encuentro se detall\u00f3 que para el despliegue del 15 de septiembre se contar\u00e1 con la participaci\u00f3n de 108 elementos de la SSP que se encargar\u00e1n de las vallas de honor, 100 m\u00e1s vigilar\u00e1n los juegos pirot\u00e9cnicos y 320 estar\u00e1n en filtros y cinturones de seguridad.<\/div>\n<div>Tambi\u00e9n habr\u00e1 450 polic\u00edas encargados de observar los alrededores, ocho binomios caninos y 150 unidades de vigilancia que estar\u00e1n en los eventos. A esto se le suman las tareas de dos torres de video vigilancia y dos fijas, adem\u00e1s de una camper.<\/div>\n<div>Los puntos de control se establecer\u00e1n en las calles 62 por 63; 62 por 59; 61 por 58; 58 por 53; 60 por 63 A; 62 por 65, y 63 por 62.<\/div>\n<div>En cuanto al desfile c\u00edvico-militar, se abund\u00f3, se dispondr\u00e1n de 686 elementos, 252 patrullas, 37 motocicletas, 150 unidades en los alrededores, 380 agentes de vigilancia, ocho binomios caninos, dos torres de video vigilancia y cinco fijas, adem\u00e1s de una camper.<\/div>\n<div>El derrotero tendr\u00e1 ocho puntos de control en Paseo Montejo; siete, en la calle 47; dos, en la 61; ocho, en la 62, y tres, en la 77.<\/div>\n<div>Se prev\u00e9 que el desfile comience a las 8:00 horas con la participaci\u00f3n de 70 contingentes, dos m\u00e1s que los que estuvieron el a\u00f1o pasado, divididos en los grupos Escolar, Mixto, Polic\u00eda Municipal, Fiscal\u00eda General del Estado (FGE), SSP, IX Zona Naval y X Regi\u00f3n Militar.<\/div>\n<div>Adicionalmente el Ej\u00e9rcito Mexicano montar\u00e1 una exhibici\u00f3n de maquinaria y veh\u00edculos para la intervenci\u00f3n en zonas de emergencia sobre la calle 60, frente a la Catedral de San Idelfonso.<\/div>\n<div>Las corporaciones que participar\u00e1n en el mega operativo son la Secretar\u00eda de la Defensa Nacional (Sedena), la IX Zona Naval, la SSP, la FGE, la Procuradur\u00eda General de la Rep\u00fablica (PGR) y el Centro de Investigaci\u00f3n y Seguridad Nacional (Cisen).<\/div>\n<div>Tambi\u00e9n, el Consejo Estatal de Seguridad P\u00fablica, las Secretar\u00edas de Salud de Yucat\u00e1n (SSY) y de Educaci\u00f3n estatal (Segey), la Unidad Estatal Protecci\u00f3n Civil (Procivy) y el Cetro de Comunicaciones, C\u00f3mputo, Control y Comando (C4).<\/p>\n<div class=\"separator\" style=\"clear: both;\"><a href=\"https:\/\/lh5.googleusercontent.com\/-w--97kajIiM\/VA-Wd4xSZVI\/AAAAAAAAj3w\/si6tsK-ywHk\/s640\/blogger-image-1009640111.jpg\" imageanchor=\"1\" style=\"margin-left: 1em; margin-right: 1em;\"><img decoding=\"async\" border=\"0\" src=\"https:\/\/lh5.googleusercontent.com\/-w--97kajIiM\/VA-Wd4xSZVI\/AAAAAAAAj3w\/si6tsK-ywHk\/s640\/blogger-image-1009640111.jpg\"><\/a><\/div>\n<\/div>\n<\/div>\n<div style=\"font-family: Noteworthy; font-size: 20px; font-weight: bold; line-height: 26px; -webkit-tap-highlight-color: rgba(26, 26, 26, 0.296875); -webkit-composition-fill-color: rgba(130, 98, 83, 0.0976563); -webkit-composition-frame-color: rgba(191, 107, 82, 0.496094); \"><\/div>\n<\/div>\n","protected":false},"excerpt":{"rendered":"<p>M\u00e9rida, Yucat\u00e1n, 9 de septiembre de 2014.- M\u00e1s de dos mil elementos de la Secretar\u00eda de Seguridad P\u00fablica (SSP), as\u00ed como mil 200 trabajadores de instituciones federales, estatales y municipales,<\/p>\n","protected":false},"author":1,"featured_media":15026,"comment_status":"open","ping_status":"open","sticky":false,"template":"","format":"standard","meta":{"jetpack_post_was_ever_published":false,"_jetpack_newsletter_access":"","_jetpack_dont_email_post_to_subs":false,"_jetpack_newsletter_tier_id":0,"_jetpack_memberships_contains_paywalled_content":false,"_jetpack_memberships_contains_paid_content":false,"footnotes":"","jetpack_publicize_message":"","jetpack_publicize_feature_enabled":true,"jetpack_social_post_already_shared":false,"jetpack_social_options":{"image_generator_settings":{"template":"highway","default_image_id":0,"font":"","enabled":false},"version":2}},"categories":[17,1],"tags":[],"class_list":["post-2457","post","type-post","status-publish","format-standard","has-post-thumbnail","hentry","category-politica-y-gobierno","category-sin-categoria"],"jetpack_publicize_connections":[],"jetpack_featured_media_url":"https:\/\/formalprision.com\/wp-content\/uploads\/2014\/09\/blogger-image-1009640111.jpg","jetpack_sharing_enabled":true,"jetpack_shortlink":"https:\/\/wp.me\/p6id8p-DD","_links":{"self":[{"href":"https:\/\/formalprision.com\/index.php?rest_route=\/wp\/v2\/posts\/2457","targetHints":{"allow":["GET"]}}],"collection":[{"href":"https:\/\/formalprision.com\/index.php?rest_route=\/wp\/v2\/posts"}],"about":[{"href":"https:\/\/formalprision.com\/index.php?rest_route=\/wp\/v2\/types\/post"}],"author":[{"embeddable":true,"href":"https:\/\/formalprision.com\/index.php?rest_route=\/wp\/v2\/users\/1"}],"replies":[{"embeddable":true,"href":"https:\/\/formalprision.com\/index.php?rest_route=%2Fwp%2Fv2%2Fcomments&post=2457"}],"version-history":[{"count":0,"href":"https:\/\/formalprision.com\/index.php?rest_route=\/wp\/v2\/posts\/2457\/revisions"}],"wp:featuredmedia":[{"embeddable":true,"href":"https:\/\/formalprision.com\/index.php?rest_route=\/wp\/v2\/media\/15026"}],"wp:attachment":[{"href":"https:\/\/formalprision.com\/index.php?rest_route=%2Fwp%2Fv2%2Fmedia&parent=2457"}],"wp:term":[{"taxonomy":"category","embeddable":true,"href":"https:\/\/formalprision.com\/index.php?rest_route=%2Fwp%2Fv2%2Fcategories&post=2457"},{"taxonomy":"post_tag","embeddable":true,"href":"https:\/\/formalprision.com\/index.php?rest_route=%2Fwp%2Fv2%2Ftags&post=2457"}],"curies":[{"name":"wp","href":"https:\/\/api.w.org\/{rel}","templated":true}]}}