{"id":2462,"date":"2014-09-09T16:26:00","date_gmt":"2014-09-09T16:26:00","guid":{"rendered":"http:\/\/formalprision.info\/2014\/09\/09\/difunden-sexo-del-bebe-de-shakira-sera\/"},"modified":"2015-06-03T08:35:26","modified_gmt":"2015-06-03T08:35:26","slug":"difunden-sexo-del-bebe-de-shakira-sera","status":"publish","type":"post","link":"https:\/\/formalprision.com\/?p=2462","title":{"rendered":"Difunden sexo del beb\u00e9 de Shakira: ser\u00e1 otro ni\u00f1o"},"content":{"rendered":"<p>La cantante colombiana Shakira ser\u00e1 madre de otro ni\u00f1o en enero de 2015, justo dos a\u00f1os despu\u00e9s de que tuviera a su primog\u00e9nito Milan.<br \/>\nLos padres de la artista, que se encuentran en Barcelona visitando a su hija, confirmaron el sexo del beb\u00e9, pero dijeron que no saben nada acerca del nombre que le pondr\u00e1n Shakira y Gerard Piqu\u00e9.<br \/>\n\u00abEs otro varoncito\u00bb, confirmaron William Mebarak y Nidia Ripoll, padres de Shakira. \u00abEstamos muy contentos\u00bb, agregaron.<br \/>\nSin embargo, aseguraron no saber de alg\u00fan nombre tentativo para el hermanito de Milan, quien naci\u00f3 en enero de 2013. \u00abDe eso a\u00fan no sabemos nada\u00bb, manifestaron.<br \/>\nEl nacimiento del nuevo hijo de la cantante y Gerard Piqu\u00e9, jugador del Barcelona, se espera para enero de 2015, por lo que se llevar\u00e1 justo dos a\u00f1os con su hermano mayor. La pareja se conoci\u00f3 en el Mundial de Sud\u00e1frica 2010.<br \/>\nShakira anunci\u00f3 su segundo embarazo a finales de agosto, tras los rumores que se desataron despu\u00e9s de su actuaci\u00f3n en la final del Mundial de f\u00fatbol de Brasil 2014, donde la artista dej\u00f3 entrever una peque\u00f1a panza durante el show.<\/p>\n<div class=\"separator\" style=\"clear: both; text-align: center;\">\n<a href=\"http:\/\/formalprision.com\/wp-content\/uploads\/2014\/09\/shakira.jpg\" imageanchor=\"1\" style=\"margin-left: 1em; margin-right: 1em;\"><img loading=\"lazy\" decoding=\"async\" border=\"0\" src=\"http:\/\/formalprision.com\/wp-content\/uploads\/2014\/09\/shakira.jpg\" height=\"216\" width=\"320\" \/><\/a><\/div>\n","protected":false},"excerpt":{"rendered":"<p>La cantante colombiana Shakira ser\u00e1 madre de otro ni\u00f1o en enero de 2015, justo dos a\u00f1os despu\u00e9s de que tuviera a su primog\u00e9nito Milan. Los padres de la artista, que<\/p>\n","protected":false},"author":1,"featured_media":15035,"comment_status":"open","ping_status":"open","sticky":false,"template":"","format":"standard","meta":{"jetpack_post_was_ever_published":false,"_jetpack_newsletter_access":"","_jetpack_dont_email_post_to_subs":false,"_jetpack_newsletter_tier_id":0,"_jetpack_memberships_contains_paywalled_content":false,"_jetpack_memberships_contains_paid_content":false,"footnotes":"","jetpack_publicize_message":"","jetpack_publicize_feature_enabled":true,"jetpack_social_post_already_shared":false,"jetpack_social_options":{"image_generator_settings":{"template":"highway","default_image_id":0,"font":"","enabled":false},"version":2}},"categories":[1,49],"tags":[],"class_list":["post-2462","post","type-post","status-publish","format-standard","has-post-thumbnail","hentry","category-sin-categoria","category-tocho-morocho"],"jetpack_publicize_connections":[],"jetpack_featured_media_url":"https:\/\/formalprision.com\/wp-content\/uploads\/2014\/09\/shakira.jpg","jetpack_sharing_enabled":true,"jetpack_shortlink":"https:\/\/wp.me\/p6id8p-DI","_links":{"self":[{"href":"https:\/\/formalprision.com\/index.php?rest_route=\/wp\/v2\/posts\/2462","targetHints":{"allow":["GET"]}}],"collection":[{"href":"https:\/\/formalprision.com\/index.php?rest_route=\/wp\/v2\/posts"}],"about":[{"href":"https:\/\/formalprision.com\/index.php?rest_route=\/wp\/v2\/types\/post"}],"author":[{"embeddable":true,"href":"https:\/\/formalprision.com\/index.php?rest_route=\/wp\/v2\/users\/1"}],"replies":[{"embeddable":true,"href":"https:\/\/formalprision.com\/index.php?rest_route=%2Fwp%2Fv2%2Fcomments&post=2462"}],"version-history":[{"count":0,"href":"https:\/\/formalprision.com\/index.php?rest_route=\/wp\/v2\/posts\/2462\/revisions"}],"wp:featuredmedia":[{"embeddable":true,"href":"https:\/\/formalprision.com\/index.php?rest_route=\/wp\/v2\/media\/15035"}],"wp:attachment":[{"href":"https:\/\/formalprision.com\/index.php?rest_route=%2Fwp%2Fv2%2Fmedia&parent=2462"}],"wp:term":[{"taxonomy":"category","embeddable":true,"href":"https:\/\/formalprision.com\/index.php?rest_route=%2Fwp%2Fv2%2Fcategories&post=2462"},{"taxonomy":"post_tag","embeddable":true,"href":"https:\/\/formalprision.com\/index.php?rest_route=%2Fwp%2Fv2%2Ftags&post=2462"}],"curies":[{"name":"wp","href":"https:\/\/api.w.org\/{rel}","templated":true}]}}