{"id":2486,"date":"2014-09-06T22:36:00","date_gmt":"2014-09-06T22:36:00","guid":{"rendered":"http:\/\/formalprision.info\/2014\/09\/06\/impulso-proyectos-de-coussa-en-yucatan\/"},"modified":"2015-06-03T08:35:30","modified_gmt":"2015-06-03T08:35:30","slug":"impulso-proyectos-de-coussa-en-yucatan","status":"publish","type":"post","link":"https:\/\/formalprision.com\/?p=2486","title":{"rendered":"Impulso a proyectos de Coussa en Yucat\u00e1n"},"content":{"rendered":"<div style=\"font-family: Noteworthy; font-size: 20px; font-weight: bold; line-height: 26px; -webkit-tap-highlight-color: rgba(26, 26, 26, 0.296875); -webkit-composition-fill-color: rgba(130, 98, 83, 0.0976563); -webkit-composition-frame-color: rgba(191, 107, 82, 0.496094); \">Sey\u00e9, Yucat\u00e1n, 6 de septiembre de 2014.- Las 33 unidades que agrupa el componente Conservaci\u00f3n y Uso Sustentable de Suelo y Agua (Coussa), ubicadas en 11 municipios de la entidad, recibieron insumos, herramientas y equipos para que puedan impulsar sus respectivos proyectos de producci\u00f3n.<\/div>\n<div style=\"font-family: Noteworthy; font-size: 20px; font-weight: bold; line-height: 26px; -webkit-tap-highlight-color: rgba(26, 26, 26, 0.296875); -webkit-composition-fill-color: rgba(130, 98, 83, 0.0976563); -webkit-composition-frame-color: rgba(191, 107, 82, 0.496094); \">Como parte de sus actividades sabatinas, el Gobernador Rolando Zapata Bello visit\u00f3 la Unidad Agr\u00edcola Industrial de la Mujer (UAIM) \u201cEl zapote\u201d, ubicada en la comisar\u00eda Holact\u00fan del municipio de Sey\u00e9, para entregar dichos apoyos que representan una inversi\u00f3n conjunta y superior a los 21.9 millones de pesos.<\/div>\n<div style=\"font-family: Noteworthy; font-size: 20px; font-weight: bold; line-height: 26px; -webkit-tap-highlight-color: rgba(26, 26, 26, 0.296875); -webkit-composition-fill-color: rgba(130, 98, 83, 0.0976563); -webkit-composition-frame-color: rgba(191, 107, 82, 0.496094); \">Al dirigir un mensaje, el titular del Poder Ejecutivo manifest\u00f3 que por diferentes motivos el programa Coussa no se aplicaba en Yucat\u00e1n, pero se logr\u00f3 que se hiciera a trav\u00e9s de la coordinaci\u00f3n entre el Gobierno del Estado y la delegaci\u00f3n de la Secretar\u00eda de Agricultura, Ganader\u00eda, Desarrollo Rural, Pesca y Alimentaci\u00f3n (Sagarpa).<\/div>\n<div style=\"font-family: Noteworthy; font-size: 20px; font-weight: bold; line-height: 26px; -webkit-tap-highlight-color: rgba(26, 26, 26, 0.296875); -webkit-composition-fill-color: rgba(130, 98, 83, 0.0976563); -webkit-composition-frame-color: rgba(191, 107, 82, 0.496094); \">Acompa\u00f1ado de la representante de la citada Unidad, Carmela Keb Canul, el mandatario estatal asegur\u00f3 que el esquema mira hacia el futuro, porque representa la armon\u00eda que debe existir entre la producci\u00f3n agropecuaria y la conservaci\u00f3n del medio ambiente.<\/div>\n<div style=\"font-family: Noteworthy; font-size: 20px; font-weight: bold; line-height: 26px; -webkit-tap-highlight-color: rgba(26, 26, 26, 0.296875); -webkit-composition-fill-color: rgba(130, 98, 83, 0.0976563); -webkit-composition-frame-color: rgba(191, 107, 82, 0.496094); \">\u201cQueremos que la tierra de Yucat\u00e1n se labore fuerte para sacar adelante al campo, para que las nuevas generaciones vean y sepan que el campo local es un espacio rentable para vivir con dignidad, contribuir al desarrollo y engrandecer a la entidad\u201d, afirm\u00f3 Zapata Bello tras destacar que con el esquema en cuesti\u00f3n las 33 unidades salieron del abandono y entraron a una nueva etapa.<\/div>\n<div style=\"font-family: Noteworthy; font-size: 20px; font-weight: bold; line-height: 26px; -webkit-tap-highlight-color: rgba(26, 26, 26, 0.296875); -webkit-composition-fill-color: rgba(130, 98, 83, 0.0976563); -webkit-composition-frame-color: rgba(191, 107, 82, 0.496094); \">El objetivo del componente Coussa es contribuir a la conservaci\u00f3n, uso y manejo sustentable del suelo, agua y vegetaci\u00f3n utilizados en la producci\u00f3n agropecuaria, mediante el pago de apoyos y servicios que permitan a los trabajadores desarrollar proyectos integrales.<\/div>\n<div style=\"font-family: Noteworthy; font-size: 20px; font-weight: bold; line-height: 26px; -webkit-tap-highlight-color: rgba(26, 26, 26, 0.296875); -webkit-composition-fill-color: rgba(130, 98, 83, 0.0976563); -webkit-composition-frame-color: rgba(191, 107, 82, 0.496094); \">En este sentido, el titular de la Secretar\u00eda de Desarrollo Rural (Seder), Felipe Cervera Hern\u00e1ndez explic\u00f3 que la entrega beneficia a 286 personas con 51 rollos de manguera industrial, 239 bombas aspersoras, 24 desmalezadoras Stihl, 498 kilogramos de grapas galvanizadas, 470 de rollos de malla borreguera, 27 picadoras de pastos a gasolina y mil 264 postes de concreto.<\/div>\n<div style=\"font-family: Noteworthy; font-size: 20px; font-weight: bold; line-height: 26px; -webkit-tap-highlight-color: rgba(26, 26, 26, 0.296875); -webkit-composition-fill-color: rgba(130, 98, 83, 0.0976563); -webkit-composition-frame-color: rgba(191, 107, 82, 0.496094); \">Asimismo, cuatro mil 45 piezas de fertilizantes e insumos org\u00e1nicos, 341 toneladas de pollinaza, mil 208 piezas de herramientas como coas, carretillas, machetes, palas y picos; y 398 mil 540 pl\u00e1ntulas de material vegetativo de caobas, cedros, ciricotes, ram\u00f3n, uaxim y chile habanero. De igual forma, dos mil 148 kilogramos de semillas de cilantro, frijol, lechuga, ma\u00edz h\u00edbrido, r\u00e1bano y pastos.<\/div>\n<div style=\"font-family: Noteworthy; font-size: 20px; font-weight: bold; line-height: 26px; -webkit-tap-highlight-color: rgba(26, 26, 26, 0.296875); -webkit-composition-fill-color: rgba(130, 98, 83, 0.0976563); -webkit-composition-frame-color: rgba(191, 107, 82, 0.496094); \">Con relaci\u00f3n a la inversi\u00f3n, el funcionario estatal detall\u00f3 que 15 millones 675 mil pesos provienen de recursos federales; tres millones 918 mil 750, del Gobierno del Estado y dos millones 330 mil 423 pesos fueron aportados por los productores.<\/div>\n<div style=\"font-family: Noteworthy; font-size: 20px; font-weight: bold; line-height: 26px; -webkit-tap-highlight-color: rgba(26, 26, 26, 0.296875); -webkit-composition-fill-color: rgba(130, 98, 83, 0.0976563); -webkit-composition-frame-color: rgba(191, 107, 82, 0.496094); \">Con estos apoyos, m\u00e1s las obras como el tanque bodega, mejoras territoriales, paneles solares, sistema de riego por goteo, pozo profundo y cercas de protecci\u00f3n, la UAIM &nbsp;\u201cEl zapote\u201d, donde laboran 10 mujeres, ya contempla media hect\u00e1rea de reforestaci\u00f3n con especies maderables y un cuarto de hect\u00e1rea para huerto de traspatio.<\/div>\n<div style=\"font-family: Noteworthy; font-size: 20px; font-weight: bold; line-height: 26px; -webkit-tap-highlight-color: rgba(26, 26, 26, 0.296875); -webkit-composition-fill-color: rgba(130, 98, 83, 0.0976563); -webkit-composition-frame-color: rgba(191, 107, 82, 0.496094); \">De la misma manera, un cuarto de hect\u00e1rea para la generaci\u00f3n de hortalizas, una para ma\u00edz con cultivos de relevo de frijol y la reforestaci\u00f3n de un cuarto de hect\u00e1rea con especies nativas como el ram\u00f3n y uaxim para establecer sistemas agroforestales pastoriles. Tambi\u00e9n, la repastizaci\u00f3n de una hect\u00e1rea de semilla de zacate y el establecimiento de un cuarto de hect\u00e1rea con pastos de corte.<\/div>\n<div style=\"font-family: Noteworthy; font-size: 20px; font-weight: bold; line-height: 26px; -webkit-tap-highlight-color: rgba(26, 26, 26, 0.296875); -webkit-composition-fill-color: rgba(130, 98, 83, 0.0976563); -webkit-composition-frame-color: rgba(191, 107, 82, 0.496094); \">A nombre de los beneficiaros, el presidente de la unidad \u201cLos Sojorines\u201d del municipio de Tahmek, Manuel Victoria Interi\u00e1n, agradeci\u00f3 a las autoridades los esfuerzos que realizaron para acercar el programa a Yucat\u00e1n, ya que adem\u00e1s de aumentar la producci\u00f3n, \u00e9sta se puede regar en \u00e9poca de sequ\u00eda.<\/div>\n<div style=\"font-family: Noteworthy; font-size: 20px; font-weight: bold; line-height: 26px; -webkit-tap-highlight-color: rgba(26, 26, 26, 0.296875); -webkit-composition-fill-color: rgba(130, 98, 83, 0.0976563); -webkit-composition-frame-color: rgba(191, 107, 82, 0.496094); \">\u201cNo queremos que se nos regale la comida, queremos las herramientas y la asesor\u00eda t\u00e9cnica para generar m\u00e1s y mejores alimentos. Los proyectos son un paso importante, pero si nos esforzamos podemos sobresalir en los mercados\u201d, apunt\u00f3 Victoria Interi\u00e1n.<\/div>\n<div style=\"font-family: Noteworthy; font-size: 20px; font-weight: bold; line-height: 26px; -webkit-tap-highlight-color: rgba(26, 26, 26, 0.296875); -webkit-composition-fill-color: rgba(130, 98, 83, 0.0976563); -webkit-composition-frame-color: rgba(191, 107, 82, 0.496094); \">Al evento asistieron el director del Instituto de Desarrollo Regional y Municipal, Juan Jos\u00e9 Canul P\u00e9rez; la representante de la Sagarpa, Teresa de Jes\u00fas Azcorra May, y los diputados locales Fernando Romero \u00c1vila, Elsy Sarabia Cruz y Dafne L\u00f3pez Mart\u00ednez.<\/div>\n<div style=\"font-family: Noteworthy; font-size: 20px; font-weight: bold; line-height: 26px; -webkit-tap-highlight-color: rgba(26, 26, 26, 0.296875); -webkit-composition-fill-color: rgba(130, 98, 83, 0.0976563); -webkit-composition-frame-color: rgba(191, 107, 82, 0.496094); \">Tambi\u00e9n, los legisladores federales Marco Vela Reyes y William Sosa Altamira, as\u00ed como la representante del municipio de Sey\u00e9, Clara Kant\u00fan Ord\u00f3\u00f1ez.(comunicado)<\/p>\n<div class=\"separator\" style=\"clear: both;\"><a href=\"https:\/\/lh6.googleusercontent.com\/-fltTLa2_1SU\/VAuMaFSC9OI\/AAAAAAAAjzI\/-xIvGRUOEGk\/s640\/blogger-image--1548673945.jpg\" imageanchor=\"1\" style=\"margin-left: 1em; margin-right: 1em;\"><img decoding=\"async\" border=\"0\" src=\"https:\/\/lh6.googleusercontent.com\/-fltTLa2_1SU\/VAuMaFSC9OI\/AAAAAAAAjzI\/-xIvGRUOEGk\/s640\/blogger-image--1548673945.jpg\"><\/a><\/div>\n<\/div>\n<div><\/div>\n","protected":false},"excerpt":{"rendered":"<p>Sey\u00e9, Yucat\u00e1n, 6 de septiembre de 2014.- Las 33 unidades que agrupa el componente Conservaci\u00f3n y Uso Sustentable de Suelo y Agua (Coussa), ubicadas en 11 municipios de la entidad,<\/p>\n","protected":false},"author":1,"featured_media":15084,"comment_status":"open","ping_status":"open","sticky":false,"template":"","format":"standard","meta":{"jetpack_post_was_ever_published":false,"_jetpack_newsletter_access":"","_jetpack_dont_email_post_to_subs":false,"_jetpack_newsletter_tier_id":0,"_jetpack_memberships_contains_paywalled_content":false,"_jetpack_memberships_contains_paid_content":false,"footnotes":"","jetpack_publicize_message":"","jetpack_publicize_feature_enabled":true,"jetpack_social_post_already_shared":false,"jetpack_social_options":{"image_generator_settings":{"template":"highway","default_image_id":0,"font":"","enabled":false},"version":2}},"categories":[17,1],"tags":[],"class_list":["post-2486","post","type-post","status-publish","format-standard","has-post-thumbnail","hentry","category-politica-y-gobierno","category-sin-categoria"],"jetpack_publicize_connections":[],"jetpack_featured_media_url":"https:\/\/formalprision.com\/wp-content\/uploads\/2014\/09\/blogger-image-1548673945.jpg","jetpack_sharing_enabled":true,"jetpack_shortlink":"https:\/\/wp.me\/p6id8p-E6","_links":{"self":[{"href":"https:\/\/formalprision.com\/index.php?rest_route=\/wp\/v2\/posts\/2486","targetHints":{"allow":["GET"]}}],"collection":[{"href":"https:\/\/formalprision.com\/index.php?rest_route=\/wp\/v2\/posts"}],"about":[{"href":"https:\/\/formalprision.com\/index.php?rest_route=\/wp\/v2\/types\/post"}],"author":[{"embeddable":true,"href":"https:\/\/formalprision.com\/index.php?rest_route=\/wp\/v2\/users\/1"}],"replies":[{"embeddable":true,"href":"https:\/\/formalprision.com\/index.php?rest_route=%2Fwp%2Fv2%2Fcomments&post=2486"}],"version-history":[{"count":0,"href":"https:\/\/formalprision.com\/index.php?rest_route=\/wp\/v2\/posts\/2486\/revisions"}],"wp:featuredmedia":[{"embeddable":true,"href":"https:\/\/formalprision.com\/index.php?rest_route=\/wp\/v2\/media\/15084"}],"wp:attachment":[{"href":"https:\/\/formalprision.com\/index.php?rest_route=%2Fwp%2Fv2%2Fmedia&parent=2486"}],"wp:term":[{"taxonomy":"category","embeddable":true,"href":"https:\/\/formalprision.com\/index.php?rest_route=%2Fwp%2Fv2%2Fcategories&post=2486"},{"taxonomy":"post_tag","embeddable":true,"href":"https:\/\/formalprision.com\/index.php?rest_route=%2Fwp%2Fv2%2Ftags&post=2486"}],"curies":[{"name":"wp","href":"https:\/\/api.w.org\/{rel}","templated":true}]}}